{"id":9444,"date":"2024-10-28T13:04:00","date_gmt":"2024-10-28T13:04:00","guid":{"rendered":"https:\/\/www.radiomajaguabo.icrt.cu\/?p=9444"},"modified":"2024-10-28T13:30:31","modified_gmt":"2024-10-28T13:30:31","slug":"manos-y-corazon-desde-san-luis-hasta-guantanamo-fotos","status":"publish","type":"post","link":"https:\/\/www.radiomajaguabo.icrt.cu\/?p=9444","title":{"rendered":"Manos y coraz\u00f3n desde San Luis hasta Guant\u00e1namo (+FOTOS)"},"content":{"rendered":"<p><strong>San Luis, Santiago de Cuba, oct. 28, 24. _<\/strong> Nuestro Ap\u00f3stol Jos\u00e9 Mart\u00ed expres\u00f3: \u00abAyudar al que lo necesita no s\u00f3lo es parte del deber, sino de la felicidad.\u00bb Esta esencia martiana fue estandarte y abrigo para los 186 sanluiseros que salieron en horas de la madrugada rumbo a San Antonio del Sur, uno de los municipios m\u00e1s afectados por el fen\u00f3meno meteorol\u00f3gico \u00d3scar.<!--more--><\/p>\n<p>La tristeza y el des\u00e1nimo que todav\u00eda aflora en una poblaci\u00f3n afectada emocional y materialmente no amilan\u00f3 a los sanluiseros, quienes, con su empat\u00eda, amor y alegr\u00eda propia de los santiagueros, lograron cambiar la jornada de muchos sanantonienses.<\/p>\n<p><img loading=\"lazy\" decoding=\"async\" class=\" wp-image-9452 aligncenter\" src=\"https:\/\/www.radiomajaguabo.icrt.cu\/wp-content\/uploads\/2024\/10\/manos_y_corazon_de_san_luis_en_guantanamo_1-300x225.jpg\" alt=\"\" width=\"501\" height=\"376\" srcset=\"https:\/\/www.radiomajaguabo.icrt.cu\/wp-content\/uploads\/2024\/10\/manos_y_corazon_de_san_luis_en_guantanamo_1-300x225.jpg 300w, https:\/\/www.radiomajaguabo.icrt.cu\/wp-content\/uploads\/2024\/10\/manos_y_corazon_de_san_luis_en_guantanamo_1.jpg 640w\" sizes=\"auto, (max-width: 501px) 100vw, 501px\" \/><\/p>\n<p><img loading=\"lazy\" decoding=\"async\" class=\" wp-image-9453 aligncenter\" src=\"https:\/\/www.radiomajaguabo.icrt.cu\/wp-content\/uploads\/2024\/10\/manos_y_corazon_de_san_luis_en_guantanamo_2-300x225.jpg\" alt=\"\" width=\"500\" height=\"375\" srcset=\"https:\/\/www.radiomajaguabo.icrt.cu\/wp-content\/uploads\/2024\/10\/manos_y_corazon_de_san_luis_en_guantanamo_2-300x225.jpg 300w, https:\/\/www.radiomajaguabo.icrt.cu\/wp-content\/uploads\/2024\/10\/manos_y_corazon_de_san_luis_en_guantanamo_2.jpg 640w\" sizes=\"auto, (max-width: 500px) 100vw, 500px\" \/><\/p>\n<p><img loading=\"lazy\" decoding=\"async\" class=\" wp-image-9454 aligncenter\" src=\"https:\/\/www.radiomajaguabo.icrt.cu\/wp-content\/uploads\/2024\/10\/manos_y_corazon_de_san_luis_en_guantanamo_3-300x225.jpg\" alt=\"\" width=\"500\" height=\"375\" srcset=\"https:\/\/www.radiomajaguabo.icrt.cu\/wp-content\/uploads\/2024\/10\/manos_y_corazon_de_san_luis_en_guantanamo_3-300x225.jpg 300w, https:\/\/www.radiomajaguabo.icrt.cu\/wp-content\/uploads\/2024\/10\/manos_y_corazon_de_san_luis_en_guantanamo_3.jpg 640w\" sizes=\"auto, (max-width: 500px) 100vw, 500px\" \/><\/p>\n<p><img loading=\"lazy\" decoding=\"async\" class=\" wp-image-9455 aligncenter\" src=\"https:\/\/www.radiomajaguabo.icrt.cu\/wp-content\/uploads\/2024\/10\/manos_y_corazon_de_san_luis_en_guantanamo_4-300x135.jpg\" alt=\"\" width=\"503\" height=\"226\" srcset=\"https:\/\/www.radiomajaguabo.icrt.cu\/wp-content\/uploads\/2024\/10\/manos_y_corazon_de_san_luis_en_guantanamo_4-300x135.jpg 300w, https:\/\/www.radiomajaguabo.icrt.cu\/wp-content\/uploads\/2024\/10\/manos_y_corazon_de_san_luis_en_guantanamo_4.jpg 720w\" sizes=\"auto, (max-width: 503px) 100vw, 503px\" \/><\/p>\n<p><img loading=\"lazy\" decoding=\"async\" class=\" wp-image-9456 aligncenter\" src=\"https:\/\/www.radiomajaguabo.icrt.cu\/wp-content\/uploads\/2024\/10\/manos_y_corazon_de_san_luis_en_guantanamo_5-225x300.jpg\" alt=\"\" width=\"387\" height=\"516\" srcset=\"https:\/\/www.radiomajaguabo.icrt.cu\/wp-content\/uploads\/2024\/10\/manos_y_corazon_de_san_luis_en_guantanamo_5-225x300.jpg 225w, https:\/\/www.radiomajaguabo.icrt.cu\/wp-content\/uploads\/2024\/10\/manos_y_corazon_de_san_luis_en_guantanamo_5.jpg 480w\" sizes=\"auto, (max-width: 387px) 100vw, 387px\" \/><\/p>\n<p><img loading=\"lazy\" decoding=\"async\" class=\" wp-image-9457 aligncenter\" src=\"https:\/\/www.radiomajaguabo.icrt.cu\/wp-content\/uploads\/2024\/10\/manos_y_corazon_de_san_luis_en_guantanamo_6-225x300.jpg\" alt=\"\" width=\"383\" height=\"511\" srcset=\"https:\/\/www.radiomajaguabo.icrt.cu\/wp-content\/uploads\/2024\/10\/manos_y_corazon_de_san_luis_en_guantanamo_6-225x300.jpg 225w, https:\/\/www.radiomajaguabo.icrt.cu\/wp-content\/uploads\/2024\/10\/manos_y_corazon_de_san_luis_en_guantanamo_6.jpg 480w\" sizes=\"auto, (max-width: 383px) 100vw, 383px\" \/><\/p>\n<p><img loading=\"lazy\" decoding=\"async\" class=\" wp-image-9458 aligncenter\" src=\"https:\/\/www.radiomajaguabo.icrt.cu\/wp-content\/uploads\/2024\/10\/manos_y_corazon_de_san_luis_en_guantanamo_7-300x138.jpg\" alt=\"\" width=\"509\" height=\"234\" srcset=\"https:\/\/www.radiomajaguabo.icrt.cu\/wp-content\/uploads\/2024\/10\/manos_y_corazon_de_san_luis_en_guantanamo_7-300x138.jpg 300w, https:\/\/www.radiomajaguabo.icrt.cu\/wp-content\/uploads\/2024\/10\/manos_y_corazon_de_san_luis_en_guantanamo_7.jpg 640w\" sizes=\"auto, (max-width: 509px) 100vw, 509px\" \/>\u00a0 <img loading=\"lazy\" decoding=\"async\" class=\" wp-image-9460 aligncenter\" src=\"https:\/\/www.radiomajaguabo.icrt.cu\/wp-content\/uploads\/2024\/10\/manos_y_corazon_de_san_luis_en_guantanamo_11-300x138.jpg\" alt=\"\" width=\"506\" height=\"233\" srcset=\"https:\/\/www.radiomajaguabo.icrt.cu\/wp-content\/uploads\/2024\/10\/manos_y_corazon_de_san_luis_en_guantanamo_11-300x138.jpg 300w, https:\/\/www.radiomajaguabo.icrt.cu\/wp-content\/uploads\/2024\/10\/manos_y_corazon_de_san_luis_en_guantanamo_11.jpg 640w\" sizes=\"auto, (max-width: 506px) 100vw, 506px\" \/><\/p>\n<p>Encabezados por las principales autoridades del Partido y el Gobierno aqu\u00ed y con el aporte del pueblo, se distribuyeron gratuitamente 123 quintales entre viandas y frutas. \u00abNo se puede contabilizar lo tanto que ha dado y dar\u00e1 el pueblo para los m\u00e1s afectados, pero es notable el impacto en estas familias que perdieron mucho o todo hace poco m\u00e1s de una semana\u201d<\/p>\n<p><img loading=\"lazy\" decoding=\"async\" class=\" wp-image-9459 aligncenter\" src=\"https:\/\/www.radiomajaguabo.icrt.cu\/wp-content\/uploads\/2024\/10\/manos_y_corazon_de_san_luis_en_guantanamo_10-300x226.jpg\" alt=\"\" width=\"504\" height=\"380\" srcset=\"https:\/\/www.radiomajaguabo.icrt.cu\/wp-content\/uploads\/2024\/10\/manos_y_corazon_de_san_luis_en_guantanamo_10-300x226.jpg 300w, https:\/\/www.radiomajaguabo.icrt.cu\/wp-content\/uploads\/2024\/10\/manos_y_corazon_de_san_luis_en_guantanamo_10.jpg 638w\" sizes=\"auto, (max-width: 504px) 100vw, 504px\" \/><\/p>\n<p>Se prioriz\u00f3 dar recursos a m\u00e1s de 89 casos vulnerables como prendas de vestir, aseo, calzado, nos dice el Primer Secretario del Comit\u00e9 Municipal del Partido, Yusmaikel Valier Ram\u00edrez.<\/p>\n<p>El dirigente partidista, explic\u00f3 que \u00ablogramos entregar 3 colchones, y al gobierno de San Antonio del Sur le dimos 96 bultos de valijas con diferentes recursos aportados por el pueblo Sanluisero. Se le don\u00f3 al Sistema de Atenci\u00f3n a la Familia y al Policl\u00ednico IV Congreso viandas, harina de ma\u00edz, queso y guayaba.\u00bb<\/p>\n<p>\u00abLos sanluiseros igualmente elaboraron y repartieron gratuitamente caldosa y comida para la comunidad, adem\u00e1s se trabaj\u00f3 en el saneamiento y recogida de desechos s\u00f3lidos en \u00e1reas p\u00fablicas, instituciones y casas. Se visitaron familias vulnerables, se atendi\u00f3 por salud p\u00fablica 8 ancianos con serios problemas de salud y los trabajadores sociales contribuyeron tambi\u00e9n con las visitas a familias\u00bb, acot\u00f3 Valier Ram\u00edrez.<\/p>\n<p>\u00abCon creces cumplimos nuestra misi\u00f3n\u00bb, reconoce el dirigente, quien fuera junto a otras muchas personas, promotor de esta experiencia y tama\u00f1a tarea, en la que se demostr\u00f3 que esta tierra y sus hijos tienen esp\u00edritu mace\u00edsta.<\/p>\n<p>Solidaridad y amor sin l\u00edmites que no entiende en geograf\u00eda, distancias, ni obst\u00e1culos, la muestra de que San Antonio y Guant\u00e1namo no est\u00e1n solos, San Luis los acompa\u00f1a, manos y coraz\u00f3n, eso nos sobra para dar, dijo finalmente el joven representante del Partido. <a href=\"https:\/\/www.facebook.com\/hashtag\/fuerzaguantanamo?__eep__=6&amp;__cft__%5b0%5d=AZUssSrbW2UrOkY8yFPZLOaZ3E7ZEBovAKig6IVzUcvlT0-X0SeZaYtIyU88krSo3UPDhGmHVDItm2CIqWyNwt4WAZc2JX8mRRwnLtYB8lxVZAwczFny5hyzAHKGmeod5EAYNyJ7yHLPOMam3D47z3lFnpQZxoio2RylxjIEENsPENlKJSXsoaB_X9fMXSNPIjkmBAaWp5SormuFGn4cfWIgIFFENfNCQbsf0iepGnw9iAJhB-yx0XD5eqBlW21GxaxGgEDUSc8x2UQ_FbnJ-usVHk88ayADu21U_6RcMNFlFARmsaMBCX4U0NtBSv_Iki1zJT-WInKSp6fdynZdhlWO&amp;__tn__=*NK-R\" target=\"_blank\" rel=\"noopener\">#FuerzaGuantanamo<\/a> <a href=\"https:\/\/www.facebook.com\/hashtag\/tierradelosmaceo?__eep__=6&amp;__cft__%5b0%5d=AZUssSrbW2UrOkY8yFPZLOaZ3E7ZEBovAKig6IVzUcvlT0-X0SeZaYtIyU88krSo3UPDhGmHVDItm2CIqWyNwt4WAZc2JX8mRRwnLtYB8lxVZAwczFny5hyzAHKGmeod5EAYNyJ7yHLPOMam3D47z3lFnpQZxoio2RylxjIEENsPENlKJSXsoaB_X9fMXSNPIjkmBAaWp5SormuFGn4cfWIgIFFENfNCQbsf0iepGnw9iAJhB-yx0XD5eqBlW21GxaxGgEDUSc8x2UQ_FbnJ-usVHk88ayADu21U_6RcMNFlFARmsaMBCX4U0NtBSv_Iki1zJT-WInKSp6fdynZdhlWO&amp;__tn__=*NK-R\" target=\"_blank\" rel=\"noopener\">#TierraDeLosMaceo<\/a> <a href=\"https:\/\/www.facebook.com\/hashtag\/santiagodecuba?__eep__=6&amp;__cft__%5b0%5d=AZUssSrbW2UrOkY8yFPZLOaZ3E7ZEBovAKig6IVzUcvlT0-X0SeZaYtIyU88krSo3UPDhGmHVDItm2CIqWyNwt4WAZc2JX8mRRwnLtYB8lxVZAwczFny5hyzAHKGmeod5EAYNyJ7yHLPOMam3D47z3lFnpQZxoio2RylxjIEENsPENlKJSXsoaB_X9fMXSNPIjkmBAaWp5SormuFGn4cfWIgIFFENfNCQbsf0iepGnw9iAJhB-yx0XD5eqBlW21GxaxGgEDUSc8x2UQ_FbnJ-usVHk88ayADu21U_6RcMNFlFARmsaMBCX4U0NtBSv_Iki1zJT-WInKSp6fdynZdhlWO&amp;__tn__=*NK-R\" target=\"_blank\" rel=\"noopener\">#SantiagodeCuba<\/a><\/p>\n<p>&nbsp;<\/p>\n","protected":false},"excerpt":{"rendered":"<p>San Luis, Santiago de Cuba, oct. 28, 24. _ Nuestro Ap\u00f3stol Jos\u00e9 Mart\u00ed expres\u00f3: \u00abAyudar al que lo necesita no<\/p>\n<div class='heateor_sss_sharing_container heateor_sss_vertical_sharing heateor_sss_bottom_sharing' style='width:44px;left: -10px;top: 100px;-webkit-box-shadow:none;box-shadow:none;' ><div class=\"heateor_sss_sharing_ul\"><a class=\"heateor_sss_amp heateor_sss_amp_facebook\" href=\"https:\/\/www.facebook.com\/sharer\/sharer.php?u=https%3A%2F%2Fwww.radiomajaguabo.icrt.cu%2Findex.php%3Frest_route%3D%252Fwp%252Fv2%252Fposts%252F9444\" title=\"Facebook\" rel=\"nofollow noopener\" target=\"_blank\"><amp-img src=\"https:\/\/www.radiomajaguabo.icrt.cu\/wp-content\/plugins\/sassy-social-share\/public\/..\/images\/amp\/facebook.svg\" width=\"40\" height=\"40\" alt=\"Facebook\" class=\"amp-wp-enforced-sizes\" style=\"width: 40px;\"><\/amp-img><\/a><a class=\"heateor_sss_amp heateor_sss_amp_linkedin\" href=\"https:\/\/www.linkedin.com\/sharing\/share-offsite\/?url=https%3A%2F%2Fwww.radiomajaguabo.icrt.cu%2Findex.php%3Frest_route%3D%252Fwp%252Fv2%252Fposts%252F9444\" title=\"Linkedin\" rel=\"nofollow noopener\" target=\"_blank\"><amp-img src=\"https:\/\/www.radiomajaguabo.icrt.cu\/wp-content\/plugins\/sassy-social-share\/public\/..\/images\/amp\/linkedin.svg\" width=\"40\" height=\"40\" alt=\"Linkedin\" class=\"amp-wp-enforced-sizes\" style=\"width: 40px;\"><\/amp-img><\/a><a class=\"heateor_sss_amp heateor_sss_amp_whatsapp\" href=\"https:\/\/api.whatsapp.com\/send?text=Radio%20Majaguabo%20-%20Emisora%20Radio%20Majaguabo%2C%20San%20Luis%2C%20Santiago%20de%20Cuba%2C%20Cuba%20https%3A%2F%2Fwww.radiomajaguabo.icrt.cu%2Findex.php%3Frest_route%3D%252Fwp%252Fv2%252Fposts%252F9444\" title=\"Whatsapp\" rel=\"nofollow noopener\" target=\"_blank\"><amp-img src=\"https:\/\/www.radiomajaguabo.icrt.cu\/wp-content\/plugins\/sassy-social-share\/public\/..\/images\/amp\/whatsapp.svg\" width=\"40\" height=\"40\" alt=\"Whatsapp\" class=\"amp-wp-enforced-sizes\" style=\"width: 40px;\"><\/amp-img><\/a><a class=\"heateor_sss_amp heateor_sss_amp_instagram\" href=\"https:\/\/www.instagram.com\/\" title=\"Instagram\" rel=\"nofollow noopener\" target=\"_blank\"><amp-img src=\"https:\/\/www.radiomajaguabo.icrt.cu\/wp-content\/plugins\/sassy-social-share\/public\/..\/images\/amp\/instagram.svg\" width=\"40\" height=\"40\" alt=\"Instagram\" class=\"amp-wp-enforced-sizes\" style=\"width: 40px;\"><\/amp-img><\/a><a class=\"heateor_sss_amp heateor_sss_amp_x\" href=\"https:\/\/twitter.com\/intent\/tweet?text=Radio%20Majaguabo%20-%20Emisora%20Radio%20Majaguabo%2C%20San%20Luis%2C%20Santiago%20de%20Cuba%2C%20Cuba&url=https%3A%2F%2Fwww.radiomajaguabo.icrt.cu%2Findex.php%3Frest_route%3D%252Fwp%252Fv2%252Fposts%252F9444\" title=\"X\" rel=\"nofollow noopener\" target=\"_blank\"><amp-img src=\"https:\/\/www.radiomajaguabo.icrt.cu\/wp-content\/plugins\/sassy-social-share\/public\/..\/images\/amp\/x.svg\" width=\"40\" height=\"40\" alt=\"X\" class=\"amp-wp-enforced-sizes\" style=\"width:40px;\"><\/amp-img><\/a><\/div><div class=\"heateorSssClear\"><\/div><\/div>","protected":false},"author":1,"featured_media":9470,"comment_status":"open","ping_status":"open","sticky":false,"template":"","format":"standard","meta":{"colormag_page_layout":"default_layout","footnotes":""},"categories":[6,9,10],"tags":[],"ppma_author":[37,299],"class_list":["post-9444","post","type-post","status-publish","format-standard","has-post-thumbnail","hentry","category-cultura","category-historia","category-san-luis"],"authors":[{"term_id":37,"user_id":1,"is_guest":0,"slug":"alberterie","display_name":"Administrador","avatar_url":"https:\/\/secure.gravatar.com\/avatar\/c7c20c93c5f4c81e7a7dc9b02a42095ae8875c9af446129683aaa06faf7fd1f3?s=96&d=mm&r=g","author_category":"","user_url":"https:\/\/www.radiomajaguabo.icrt.cu","last_name":"Alberterie Rivero","first_name":"Pedro","job_title":"","description":""},{"term_id":299,"user_id":6,"is_guest":0,"slug":"yaniuska","display_name":"Yaniuska P\u00e9rez Verdecia","avatar_url":"https:\/\/secure.gravatar.com\/avatar\/a6d7e51e5ccf0210b8c939b21a0b37dca410372954868b8ff5b8e51c07cf1a6e?s=96&d=mm&r=g","author_category":"","user_url":"","last_name":"P\u00e9rez Verdecia","first_name":"Yaniuska","job_title":"","description":""}],"amp_enabled":true,"_links":{"self":[{"href":"https:\/\/www.radiomajaguabo.icrt.cu\/index.php?rest_route=\/wp\/v2\/posts\/9444","targetHints":{"allow":["GET"]}}],"collection":[{"href":"https:\/\/www.radiomajaguabo.icrt.cu\/index.php?rest_route=\/wp\/v2\/posts"}],"about":[{"href":"https:\/\/www.radiomajaguabo.icrt.cu\/index.php?rest_route=\/wp\/v2\/types\/post"}],"author":[{"embeddable":true,"href":"https:\/\/www.radiomajaguabo.icrt.cu\/index.php?rest_route=\/wp\/v2\/users\/1"}],"replies":[{"embeddable":true,"href":"https:\/\/www.radiomajaguabo.icrt.cu\/index.php?rest_route=%2Fwp%2Fv2%2Fcomments&post=9444"}],"version-history":[{"count":3,"href":"https:\/\/www.radiomajaguabo.icrt.cu\/index.php?rest_route=\/wp\/v2\/posts\/9444\/revisions"}],"predecessor-version":[{"id":9469,"href":"https:\/\/www.radiomajaguabo.icrt.cu\/index.php?rest_route=\/wp\/v2\/posts\/9444\/revisions\/9469"}],"wp:featuredmedia":[{"embeddable":true,"href":"https:\/\/www.radiomajaguabo.icrt.cu\/index.php?rest_route=\/wp\/v2\/media\/9470"}],"wp:attachment":[{"href":"https:\/\/www.radiomajaguabo.icrt.cu\/index.php?rest_route=%2Fwp%2Fv2%2Fmedia&parent=9444"}],"wp:term":[{"taxonomy":"category","embeddable":true,"href":"https:\/\/www.radiomajaguabo.icrt.cu\/index.php?rest_route=%2Fwp%2Fv2%2Fcategories&post=9444"},{"taxonomy":"post_tag","embeddable":true,"href":"https:\/\/www.radiomajaguabo.icrt.cu\/index.php?rest_route=%2Fwp%2Fv2%2Ftags&post=9444"},{"taxonomy":"author","embeddable":true,"href":"https:\/\/www.radiomajaguabo.icrt.cu\/index.php?rest_route=%2Fwp%2Fv2%2Fppma_author&post=9444"}],"curies":[{"name":"wp","href":"https:\/\/api.w.org\/{rel}","templated":true}]}}