{"id":9405,"date":"2024-10-24T13:59:22","date_gmt":"2024-10-24T13:59:22","guid":{"rendered":"https:\/\/www.radiomajaguabo.icrt.cu\/?p=9405"},"modified":"2024-10-24T13:59:22","modified_gmt":"2024-10-24T13:59:22","slug":"continuan-aportes-de-campesinos-y-cooperativistas-sanluiseros-en-medio-de-circunstancias-especiales","status":"publish","type":"post","link":"https:\/\/www.radiomajaguabo.icrt.cu\/?p=9405","title":{"rendered":"Contin\u00faan aportes de campesinos y cooperativistas sanluiseros en medio de circunstancias especiales"},"content":{"rendered":"<p><strong>San Luis, Santiago de Cuba, oct. 24, 24. _<\/strong>En una estrategia del Consejo de Defensa Municipal se mejora la calidad de vida de la poblaci\u00f3n en un contexto marcado por la falta de electricidad, complejidad climatol\u00f3gica y escasez de recursos para la cocci\u00f3n de los alimentos.<!--more--><\/p>\n<p>En el asentamiento de Dos Caminos estuvieron presentes con la venta de productos agropecuarios, y elaborados como yuca con picadillo, espaguetis con yuca y picadillo, caldosa, quimbomb\u00f3 con pollo y yuca, todos a precios m\u00f3dicos y con notable aceptaci\u00f3n de la poblaci\u00f3n.<\/p>\n<p><img loading=\"lazy\" decoding=\"async\" class=\" wp-image-9409 aligncenter\" src=\"https:\/\/www.radiomajaguabo.icrt.cu\/wp-content\/uploads\/2024\/10\/liliam_serrano1-300x282.jpg\" alt=\"\" width=\"517\" height=\"486\" srcset=\"https:\/\/www.radiomajaguabo.icrt.cu\/wp-content\/uploads\/2024\/10\/liliam_serrano1-300x282.jpg 300w, https:\/\/www.radiomajaguabo.icrt.cu\/wp-content\/uploads\/2024\/10\/liliam_serrano1.jpg 511w\" sizes=\"auto, (max-width: 517px) 100vw, 517px\" \/><\/p>\n<p>Se logra dar atenci\u00f3n as\u00ed a inquietudes de los pobladores y resolver problem\u00e1ticas que no dependen de muchos recursos, solo de la creatividad e ingenio de los hombres y mujeres de esta tierra.<\/p>\n<p>All\u00ed estuvieron las cooperativas Sabino Pupo, Rafael Hern\u00e1ndez, Mario Iglesias, Gustavo Moll, Jes\u00fas Su\u00e1rez Gayol, Frank Pa\u00eds, Jos\u00e9 Antonio Echeverr\u00eda.<\/p>\n<p>Otras actividades estuvieron relacionadas con donaciones de sangre para la hermana provincia de Guant\u00e1namo y donativos de trabajadores por cuenta propia a ni\u00f1os con enfermedades cr\u00f3nicas y situaci\u00f3n de vulnerabilidad. Aportes tambi\u00e9n de los trabajadores no estatales y las unidades del Comercio y la Gastronom\u00eda.<\/p>\n<p><img loading=\"lazy\" decoding=\"async\" class=\" wp-image-9414 aligncenter\" src=\"https:\/\/www.radiomajaguabo.icrt.cu\/wp-content\/uploads\/2024\/10\/donaciones_de_sangre3-225x300.jpg\" alt=\"\" width=\"397\" height=\"529\" srcset=\"https:\/\/www.radiomajaguabo.icrt.cu\/wp-content\/uploads\/2024\/10\/donaciones_de_sangre3-225x300.jpg 225w, https:\/\/www.radiomajaguabo.icrt.cu\/wp-content\/uploads\/2024\/10\/donaciones_de_sangre3.jpg 480w\" sizes=\"auto, (max-width: 397px) 100vw, 397px\" \/><\/p>\n<p><img loading=\"lazy\" decoding=\"async\" class=\" wp-image-9415 aligncenter\" src=\"https:\/\/www.radiomajaguabo.icrt.cu\/wp-content\/uploads\/2024\/10\/donaciones_de_sangre4-300x275.jpg\" alt=\"\" width=\"502\" height=\"460\" srcset=\"https:\/\/www.radiomajaguabo.icrt.cu\/wp-content\/uploads\/2024\/10\/donaciones_de_sangre4-300x275.jpg 300w, https:\/\/www.radiomajaguabo.icrt.cu\/wp-content\/uploads\/2024\/10\/donaciones_de_sangre4.jpg 524w\" sizes=\"auto, (max-width: 502px) 100vw, 502px\" \/><\/p>\n<p><img loading=\"lazy\" decoding=\"async\" class=\" wp-image-9413 aligncenter\" src=\"https:\/\/www.radiomajaguabo.icrt.cu\/wp-content\/uploads\/2024\/10\/donaciones_de_sangre2-300x272.jpg\" alt=\"\" width=\"503\" height=\"456\" srcset=\"https:\/\/www.radiomajaguabo.icrt.cu\/wp-content\/uploads\/2024\/10\/donaciones_de_sangre2-300x272.jpg 300w, https:\/\/www.radiomajaguabo.icrt.cu\/wp-content\/uploads\/2024\/10\/donaciones_de_sangre2.jpg 529w\" sizes=\"auto, (max-width: 503px) 100vw, 503px\" \/><\/p>\n<p>Jornada de trabajo y combate en que los labriegos fueron protagonistas activos como ha sucedido desde el pasado viernes.<\/p>\n<p>Ya se organizan acciones desde los centros laborales y organismos, organizaciones pol\u00edticas y de masas para contribuir con aportes solidarios con los pobladores de San Antonio del Sur, Im\u00edas, Baracoa y Mais\u00ed seriamente afectadas por el paso de \u00d3scar.<\/p>\n<p>La experiencia se repiti\u00f3 en otras demarcaciones de importancia como, Paquito Rosales, Chile y Estrella Roja. Se logr\u00f3 la venta tambi\u00e9n de leche, yogurt, y otros demandados productos as\u00ed como donativos a centros priorizados de la salud p\u00fablica.<\/p>\n<p><img loading=\"lazy\" decoding=\"async\" class=\" wp-image-9421 aligncenter\" src=\"https:\/\/www.radiomajaguabo.icrt.cu\/wp-content\/uploads\/2024\/10\/feria_agropecuaria_dos_caminos4-300x135.jpg\" alt=\"\" width=\"505\" height=\"227\" srcset=\"https:\/\/www.radiomajaguabo.icrt.cu\/wp-content\/uploads\/2024\/10\/feria_agropecuaria_dos_caminos4-300x135.jpg 300w, https:\/\/www.radiomajaguabo.icrt.cu\/wp-content\/uploads\/2024\/10\/feria_agropecuaria_dos_caminos4.jpg 640w\" sizes=\"auto, (max-width: 505px) 100vw, 505px\" \/><\/p>\n<p><img loading=\"lazy\" decoding=\"async\" class=\" wp-image-9420 aligncenter\" src=\"https:\/\/www.radiomajaguabo.icrt.cu\/wp-content\/uploads\/2024\/10\/feria_agropecuaria_dos_caminos3-300x135.jpg\" alt=\"\" width=\"505\" height=\"227\" srcset=\"https:\/\/www.radiomajaguabo.icrt.cu\/wp-content\/uploads\/2024\/10\/feria_agropecuaria_dos_caminos3-300x135.jpg 300w, https:\/\/www.radiomajaguabo.icrt.cu\/wp-content\/uploads\/2024\/10\/feria_agropecuaria_dos_caminos3.jpg 640w\" sizes=\"auto, (max-width: 505px) 100vw, 505px\" \/><\/p>\n<p><img loading=\"lazy\" decoding=\"async\" class=\" wp-image-9419 aligncenter\" src=\"https:\/\/www.radiomajaguabo.icrt.cu\/wp-content\/uploads\/2024\/10\/feria_agropecuaria_dos_caminos2-300x177.jpg\" alt=\"\" width=\"504\" height=\"297\" srcset=\"https:\/\/www.radiomajaguabo.icrt.cu\/wp-content\/uploads\/2024\/10\/feria_agropecuaria_dos_caminos2-300x177.jpg 300w, https:\/\/www.radiomajaguabo.icrt.cu\/wp-content\/uploads\/2024\/10\/feria_agropecuaria_dos_caminos2.jpg 640w\" sizes=\"auto, (max-width: 504px) 100vw, 504px\" \/><\/p>\n<p>En estas acciones intersectoriales participaron representantes del Partido, el Gobierno, las organizaciones pol\u00edticas y de masas, la agricultura, la ANAP; organismos e instituciones, entre otros factores de las comunidades.<\/p>\n","protected":false},"excerpt":{"rendered":"<p>San Luis, Santiago de Cuba, oct. 24, 24. _En una estrategia del Consejo de Defensa Municipal se mejora la calidad<\/p>\n<div class='heateor_sss_sharing_container heateor_sss_vertical_sharing heateor_sss_bottom_sharing' style='width:44px;left: -10px;top: 100px;-webkit-box-shadow:none;box-shadow:none;' ><div class=\"heateor_sss_sharing_ul\"><a class=\"heateor_sss_amp heateor_sss_amp_facebook\" href=\"https:\/\/www.facebook.com\/sharer\/sharer.php?u=https%3A%2F%2Fwww.radiomajaguabo.icrt.cu%2Findex.php%3Frest_route%3D%252Fwp%252Fv2%252Fposts%252F9405\" title=\"Facebook\" rel=\"nofollow noopener\" target=\"_blank\"><amp-img src=\"https:\/\/www.radiomajaguabo.icrt.cu\/wp-content\/plugins\/sassy-social-share\/public\/..\/images\/amp\/facebook.svg\" width=\"40\" height=\"40\" alt=\"Facebook\" class=\"amp-wp-enforced-sizes\" style=\"width: 40px;\"><\/amp-img><\/a><a class=\"heateor_sss_amp heateor_sss_amp_linkedin\" href=\"https:\/\/www.linkedin.com\/sharing\/share-offsite\/?url=https%3A%2F%2Fwww.radiomajaguabo.icrt.cu%2Findex.php%3Frest_route%3D%252Fwp%252Fv2%252Fposts%252F9405\" title=\"Linkedin\" rel=\"nofollow noopener\" target=\"_blank\"><amp-img src=\"https:\/\/www.radiomajaguabo.icrt.cu\/wp-content\/plugins\/sassy-social-share\/public\/..\/images\/amp\/linkedin.svg\" width=\"40\" height=\"40\" alt=\"Linkedin\" class=\"amp-wp-enforced-sizes\" style=\"width: 40px;\"><\/amp-img><\/a><a class=\"heateor_sss_amp heateor_sss_amp_whatsapp\" href=\"https:\/\/api.whatsapp.com\/send?text=Radio%20Majaguabo%20-%20Emisora%20Radio%20Majaguabo%2C%20San%20Luis%2C%20Santiago%20de%20Cuba%2C%20Cuba%20https%3A%2F%2Fwww.radiomajaguabo.icrt.cu%2Findex.php%3Frest_route%3D%252Fwp%252Fv2%252Fposts%252F9405\" title=\"Whatsapp\" rel=\"nofollow noopener\" target=\"_blank\"><amp-img src=\"https:\/\/www.radiomajaguabo.icrt.cu\/wp-content\/plugins\/sassy-social-share\/public\/..\/images\/amp\/whatsapp.svg\" width=\"40\" height=\"40\" alt=\"Whatsapp\" class=\"amp-wp-enforced-sizes\" style=\"width: 40px;\"><\/amp-img><\/a><a class=\"heateor_sss_amp heateor_sss_amp_instagram\" href=\"https:\/\/www.instagram.com\/\" title=\"Instagram\" rel=\"nofollow noopener\" target=\"_blank\"><amp-img src=\"https:\/\/www.radiomajaguabo.icrt.cu\/wp-content\/plugins\/sassy-social-share\/public\/..\/images\/amp\/instagram.svg\" width=\"40\" height=\"40\" alt=\"Instagram\" class=\"amp-wp-enforced-sizes\" style=\"width: 40px;\"><\/amp-img><\/a><a class=\"heateor_sss_amp heateor_sss_amp_x\" href=\"https:\/\/twitter.com\/intent\/tweet?text=Radio%20Majaguabo%20-%20Emisora%20Radio%20Majaguabo%2C%20San%20Luis%2C%20Santiago%20de%20Cuba%2C%20Cuba&url=https%3A%2F%2Fwww.radiomajaguabo.icrt.cu%2Findex.php%3Frest_route%3D%252Fwp%252Fv2%252Fposts%252F9405\" title=\"X\" rel=\"nofollow noopener\" target=\"_blank\"><amp-img src=\"https:\/\/www.radiomajaguabo.icrt.cu\/wp-content\/plugins\/sassy-social-share\/public\/..\/images\/amp\/x.svg\" width=\"40\" height=\"40\" alt=\"X\" class=\"amp-wp-enforced-sizes\" style=\"width:40px;\"><\/amp-img><\/a><\/div><div class=\"heateorSssClear\"><\/div><\/div>","protected":false},"author":1,"featured_media":9420,"comment_status":"open","ping_status":"open","sticky":false,"template":"","format":"standard","meta":{"colormag_page_layout":"default_layout","footnotes":""},"categories":[6,9,10],"tags":[],"ppma_author":[37,299],"class_list":["post-9405","post","type-post","status-publish","format-standard","has-post-thumbnail","hentry","category-cultura","category-historia","category-san-luis"],"authors":[{"term_id":37,"user_id":1,"is_guest":0,"slug":"alberterie","display_name":"Administrador","avatar_url":"https:\/\/secure.gravatar.com\/avatar\/c7c20c93c5f4c81e7a7dc9b02a42095ae8875c9af446129683aaa06faf7fd1f3?s=96&d=mm&r=g","author_category":"","user_url":"https:\/\/www.radiomajaguabo.icrt.cu","last_name":"Alberterie Rivero","first_name":"Pedro","job_title":"","description":""},{"term_id":299,"user_id":6,"is_guest":0,"slug":"yaniuska","display_name":"Yaniuska P\u00e9rez Verdecia","avatar_url":"https:\/\/secure.gravatar.com\/avatar\/a6d7e51e5ccf0210b8c939b21a0b37dca410372954868b8ff5b8e51c07cf1a6e?s=96&d=mm&r=g","author_category":"","user_url":"","last_name":"P\u00e9rez Verdecia","first_name":"Yaniuska","job_title":"","description":""}],"amp_enabled":true,"_links":{"self":[{"href":"https:\/\/www.radiomajaguabo.icrt.cu\/index.php?rest_route=\/wp\/v2\/posts\/9405","targetHints":{"allow":["GET"]}}],"collection":[{"href":"https:\/\/www.radiomajaguabo.icrt.cu\/index.php?rest_route=\/wp\/v2\/posts"}],"about":[{"href":"https:\/\/www.radiomajaguabo.icrt.cu\/index.php?rest_route=\/wp\/v2\/types\/post"}],"author":[{"embeddable":true,"href":"https:\/\/www.radiomajaguabo.icrt.cu\/index.php?rest_route=\/wp\/v2\/users\/1"}],"replies":[{"embeddable":true,"href":"https:\/\/www.radiomajaguabo.icrt.cu\/index.php?rest_route=%2Fwp%2Fv2%2Fcomments&post=9405"}],"version-history":[{"count":1,"href":"https:\/\/www.radiomajaguabo.icrt.cu\/index.php?rest_route=\/wp\/v2\/posts\/9405\/revisions"}],"predecessor-version":[{"id":9424,"href":"https:\/\/www.radiomajaguabo.icrt.cu\/index.php?rest_route=\/wp\/v2\/posts\/9405\/revisions\/9424"}],"wp:featuredmedia":[{"embeddable":true,"href":"https:\/\/www.radiomajaguabo.icrt.cu\/index.php?rest_route=\/wp\/v2\/media\/9420"}],"wp:attachment":[{"href":"https:\/\/www.radiomajaguabo.icrt.cu\/index.php?rest_route=%2Fwp%2Fv2%2Fmedia&parent=9405"}],"wp:term":[{"taxonomy":"category","embeddable":true,"href":"https:\/\/www.radiomajaguabo.icrt.cu\/index.php?rest_route=%2Fwp%2Fv2%2Fcategories&post=9405"},{"taxonomy":"post_tag","embeddable":true,"href":"https:\/\/www.radiomajaguabo.icrt.cu\/index.php?rest_route=%2Fwp%2Fv2%2Ftags&post=9405"},{"taxonomy":"author","embeddable":true,"href":"https:\/\/www.radiomajaguabo.icrt.cu\/index.php?rest_route=%2Fwp%2Fv2%2Fppma_author&post=9405"}],"curies":[{"name":"wp","href":"https:\/\/api.w.org\/{rel}","templated":true}]}}