{"id":9402,"date":"2024-10-24T13:14:44","date_gmt":"2024-10-24T13:14:44","guid":{"rendered":"https:\/\/www.radiomajaguabo.icrt.cu\/?p=9402"},"modified":"2024-10-24T13:21:13","modified_gmt":"2024-10-24T13:21:13","slug":"cuba-se-solidariza-con-provincia-azotada-por-tormenta-tropical-oscara-se-solidariza-con-provincia-azotada-por-tormenta-tropical-oscar","status":"publish","type":"post","link":"https:\/\/www.radiomajaguabo.icrt.cu\/?p=9402","title":{"rendered":"Cuba se solidariza con provincia azotada por tormenta tropical Oscar"},"content":{"rendered":"<p>La Habana, 24 oct (Prensa Latina) Organizaciones e instituciones de Cuba contin\u00faan hoy recogiendo donaciones para apoyar a las familias afectadas por el paso de la tormenta tropical Oscar en la provincia Guant\u00e1namo.<!--more--><\/p>\n<p>Tras la convocatoria efectuada por los Comit\u00e9s de Defensa de la Revoluci\u00f3n y varias entidades e iniciativas ciudadanas fue posible reunir prendas de vestir, productos de aseo, \u00fatiles del hogar, juguetes y alimentos que se organizan en valijas para su pronto env\u00edo al extremo m\u00e1s oriental del pa\u00eds.<\/p>\n<p>M\u00e1s de 600 j\u00f3venes de todas las provincias del pa\u00eds se inscribieron en brigadas de ayuda a Guant\u00e1namo, que a\u00fan contin\u00faa en fase de Alarma Cicl\u00f3nica debido a las inundaciones que provoc\u00f3 el evento meteorol\u00f3gico.<\/p>\n<p>La primera secretaria de la Uni\u00f3n de J\u00f3venes Comunistas de Cuba, Meyvis Est\u00e9vez, destac\u00f3 en sus redes sociales que en la sede de los comit\u00e9s municipales y provinciales de la organizaci\u00f3n se han recibido decenas de donativos de los j\u00f3venes, que ser\u00e1n enviados a los territorios m\u00e1s afectados.<\/p>\n<p>Asimismo, el Banco Central de Cuba inform\u00f3 sobre la creaci\u00f3n de varias cuentas oficiales por las que pueden realizarse donaciones en pesos cubanos (CUP) a favor de los damnificados<\/p>\n<p>Las cuentas en cuesti\u00f3n son: 0699983004299919 (del Banco de Cr\u00e9dito y Comercio); 1299731002599715 (del Banco Popular de Ahorro) y 0598770006615919 (Banco Metropolitano S.A.)<\/p>\n<p>Precisa la entidad que pueden realizarse transferencias a trav\u00e9s de los canales de pagos electr\u00f3nicos: cajeros autom\u00e1ticos, la aplicaci\u00f3n Transferm\u00f3vil o depositando efectivo en cualquier sucursal bancaria.<\/p>\n<p>La v\u00edspera, el presidente cubano Miguel D\u00edaz-Canel recorri\u00f3 las comunidades que resultaron impactadas por las inundaciones en San Antonio del Sur, Im\u00edas y Mais\u00ed.<\/p>\n<p>Al dialogar con la poblaci\u00f3n, el jefe de Estado subray\u00f3 que \u00abson tiempos dif\u00edciles, pero los vamos a superar; Guant\u00e1namo no se puede sentir abandonado; tiene todo el apoyo del pa\u00eds\u201d.<\/p>\n<p>D\u00edaz-Canel hizo \u00e9nfasis en que \u00abahora lo primero es, entre todos y con las brigadas de apoyo que van a tener, solucionar todo lo que es inmediato -\u00e1rboles ca\u00eddos, l\u00edneas el\u00e9ctricas, levantamiento de las viviendas afectadas,y garantizar las comunicaciones\u00bb.<\/p>\n<p>Contingentes de linieros de todas las provincias se trasladaron al extremo oriental del pa\u00eds para colaborar en la restauraci\u00f3n del servicio el\u00e9ctrico en la zona.<\/p>\n","protected":false},"excerpt":{"rendered":"<p>La Habana, 24 oct (Prensa Latina) Organizaciones e instituciones de Cuba contin\u00faan hoy recogiendo donaciones para apoyar a las familias<\/p>\n<div class='heateor_sss_sharing_container heateor_sss_vertical_sharing heateor_sss_bottom_sharing' style='width:44px;left: -10px;top: 100px;-webkit-box-shadow:none;box-shadow:none;' ><div class=\"heateor_sss_sharing_ul\"><a class=\"heateor_sss_amp heateor_sss_amp_facebook\" href=\"https:\/\/www.facebook.com\/sharer\/sharer.php?u=https%3A%2F%2Fwww.radiomajaguabo.icrt.cu%2Findex.php%3Frest_route%3D%252Fwp%252Fv2%252Fposts%252F9402\" title=\"Facebook\" rel=\"nofollow noopener\" target=\"_blank\"><amp-img src=\"https:\/\/www.radiomajaguabo.icrt.cu\/wp-content\/plugins\/sassy-social-share\/public\/..\/images\/amp\/facebook.svg\" width=\"40\" height=\"40\" alt=\"Facebook\" class=\"amp-wp-enforced-sizes\" style=\"width: 40px;\"><\/amp-img><\/a><a class=\"heateor_sss_amp heateor_sss_amp_linkedin\" href=\"https:\/\/www.linkedin.com\/sharing\/share-offsite\/?url=https%3A%2F%2Fwww.radiomajaguabo.icrt.cu%2Findex.php%3Frest_route%3D%252Fwp%252Fv2%252Fposts%252F9402\" title=\"Linkedin\" rel=\"nofollow noopener\" target=\"_blank\"><amp-img src=\"https:\/\/www.radiomajaguabo.icrt.cu\/wp-content\/plugins\/sassy-social-share\/public\/..\/images\/amp\/linkedin.svg\" width=\"40\" height=\"40\" alt=\"Linkedin\" class=\"amp-wp-enforced-sizes\" style=\"width: 40px;\"><\/amp-img><\/a><a class=\"heateor_sss_amp heateor_sss_amp_whatsapp\" href=\"https:\/\/api.whatsapp.com\/send?text=Radio%20Majaguabo%20-%20Emisora%20Radio%20Majaguabo%2C%20San%20Luis%2C%20Santiago%20de%20Cuba%2C%20Cuba%20https%3A%2F%2Fwww.radiomajaguabo.icrt.cu%2Findex.php%3Frest_route%3D%252Fwp%252Fv2%252Fposts%252F9402\" title=\"Whatsapp\" rel=\"nofollow noopener\" target=\"_blank\"><amp-img src=\"https:\/\/www.radiomajaguabo.icrt.cu\/wp-content\/plugins\/sassy-social-share\/public\/..\/images\/amp\/whatsapp.svg\" width=\"40\" height=\"40\" alt=\"Whatsapp\" class=\"amp-wp-enforced-sizes\" style=\"width: 40px;\"><\/amp-img><\/a><a class=\"heateor_sss_amp heateor_sss_amp_instagram\" href=\"https:\/\/www.instagram.com\/\" title=\"Instagram\" rel=\"nofollow noopener\" target=\"_blank\"><amp-img src=\"https:\/\/www.radiomajaguabo.icrt.cu\/wp-content\/plugins\/sassy-social-share\/public\/..\/images\/amp\/instagram.svg\" width=\"40\" height=\"40\" alt=\"Instagram\" class=\"amp-wp-enforced-sizes\" style=\"width: 40px;\"><\/amp-img><\/a><a class=\"heateor_sss_amp heateor_sss_amp_x\" href=\"https:\/\/twitter.com\/intent\/tweet?text=Radio%20Majaguabo%20-%20Emisora%20Radio%20Majaguabo%2C%20San%20Luis%2C%20Santiago%20de%20Cuba%2C%20Cuba&url=https%3A%2F%2Fwww.radiomajaguabo.icrt.cu%2Findex.php%3Frest_route%3D%252Fwp%252Fv2%252Fposts%252F9402\" title=\"X\" rel=\"nofollow noopener\" target=\"_blank\"><amp-img src=\"https:\/\/www.radiomajaguabo.icrt.cu\/wp-content\/plugins\/sassy-social-share\/public\/..\/images\/amp\/x.svg\" width=\"40\" height=\"40\" alt=\"X\" class=\"amp-wp-enforced-sizes\" style=\"width:40px;\"><\/amp-img><\/a><\/div><div class=\"heateorSssClear\"><\/div><\/div>","protected":false},"author":1,"featured_media":9403,"comment_status":"open","ping_status":"open","sticky":false,"template":"","format":"standard","meta":{"colormag_page_layout":"default_layout","footnotes":""},"categories":[6,8],"tags":[],"ppma_author":[37,39],"class_list":["post-9402","post","type-post","status-publish","format-standard","has-post-thumbnail","hentry","category-cultura","category-nacionales"],"authors":[{"term_id":37,"user_id":1,"is_guest":0,"slug":"alberterie","display_name":"Administrador","avatar_url":"https:\/\/secure.gravatar.com\/avatar\/c7c20c93c5f4c81e7a7dc9b02a42095ae8875c9af446129683aaa06faf7fd1f3?s=96&d=mm&r=g","author_category":"","user_url":"https:\/\/www.radiomajaguabo.icrt.cu","last_name":"Alberterie Rivero","first_name":"Pedro","job_title":"","description":""},{"term_id":39,"user_id":10,"is_guest":0,"slug":"prensa-latina","display_name":"Prensa Latina","avatar_url":"https:\/\/secure.gravatar.com\/avatar\/50c7a3112bb25b21ddc4cf0ff17bac923226a0d4e8814139af94a839af15e315?s=96&d=mm&r=g","author_category":"","user_url":"https:\/\/www.prensa-latina.cu","last_name":"","first_name":"Prensa Latina","job_title":"","description":""}],"amp_enabled":true,"_links":{"self":[{"href":"https:\/\/www.radiomajaguabo.icrt.cu\/index.php?rest_route=\/wp\/v2\/posts\/9402","targetHints":{"allow":["GET"]}}],"collection":[{"href":"https:\/\/www.radiomajaguabo.icrt.cu\/index.php?rest_route=\/wp\/v2\/posts"}],"about":[{"href":"https:\/\/www.radiomajaguabo.icrt.cu\/index.php?rest_route=\/wp\/v2\/types\/post"}],"author":[{"embeddable":true,"href":"https:\/\/www.radiomajaguabo.icrt.cu\/index.php?rest_route=\/wp\/v2\/users\/1"}],"replies":[{"embeddable":true,"href":"https:\/\/www.radiomajaguabo.icrt.cu\/index.php?rest_route=%2Fwp%2Fv2%2Fcomments&post=9402"}],"version-history":[{"count":4,"href":"https:\/\/www.radiomajaguabo.icrt.cu\/index.php?rest_route=\/wp\/v2\/posts\/9402\/revisions"}],"predecessor-version":[{"id":9408,"href":"https:\/\/www.radiomajaguabo.icrt.cu\/index.php?rest_route=\/wp\/v2\/posts\/9402\/revisions\/9408"}],"wp:featuredmedia":[{"embeddable":true,"href":"https:\/\/www.radiomajaguabo.icrt.cu\/index.php?rest_route=\/wp\/v2\/media\/9403"}],"wp:attachment":[{"href":"https:\/\/www.radiomajaguabo.icrt.cu\/index.php?rest_route=%2Fwp%2Fv2%2Fmedia&parent=9402"}],"wp:term":[{"taxonomy":"category","embeddable":true,"href":"https:\/\/www.radiomajaguabo.icrt.cu\/index.php?rest_route=%2Fwp%2Fv2%2Fcategories&post=9402"},{"taxonomy":"post_tag","embeddable":true,"href":"https:\/\/www.radiomajaguabo.icrt.cu\/index.php?rest_route=%2Fwp%2Fv2%2Ftags&post=9402"},{"taxonomy":"author","embeddable":true,"href":"https:\/\/www.radiomajaguabo.icrt.cu\/index.php?rest_route=%2Fwp%2Fv2%2Fppma_author&post=9402"}],"curies":[{"name":"wp","href":"https:\/\/api.w.org\/{rel}","templated":true}]}}