{"id":9401,"date":"2024-10-24T13:47:53","date_gmt":"2024-10-24T13:47:53","guid":{"rendered":"https:\/\/www.radiomajaguabo.icrt.cu\/?p=9401"},"modified":"2024-10-24T13:54:50","modified_gmt":"2024-10-24T13:54:50","slug":"destacada-ganadera-sanluisera-dona-productos-agropecuarios-a-hogar-de-ancianos-local","status":"publish","type":"post","link":"https:\/\/www.radiomajaguabo.icrt.cu\/?p=9401","title":{"rendered":"Destacada ganadera sanluisera dona productos agropecuarios a hogar de ancianos local"},"content":{"rendered":"<p><strong>San Luis, Santiago de Cuba, oct. 24, 24. _<\/strong> La destacada ganadera Liliam Serrano Silveira muestra su nobleza y solidaridad, pues nuevamente contribuye con la alimentaci\u00f3n de los abuelos del Hogar de ancianos Mariana Grajales ubicado en la comunidad de Chile, a unos 10 kil\u00f3metros de esta cabecera.<!--more--><\/p>\n<p>Lleg\u00f3 con un donativo de 30 litros de leche y viandas para complementar la dieta de los abuelos que est\u00e1n all\u00ed y suman casi 20.<\/p>\n<p><img loading=\"lazy\" decoding=\"async\" class=\" wp-image-9417 aligncenter\" src=\"https:\/\/www.radiomajaguabo.icrt.cu\/wp-content\/uploads\/2024\/10\/donaciones_dos_caminos_2-225x300.jpg\" alt=\"\" width=\"342\" height=\"456\" srcset=\"https:\/\/www.radiomajaguabo.icrt.cu\/wp-content\/uploads\/2024\/10\/donaciones_dos_caminos_2-225x300.jpg 225w, https:\/\/www.radiomajaguabo.icrt.cu\/wp-content\/uploads\/2024\/10\/donaciones_dos_caminos_2.jpg 480w\" sizes=\"auto, (max-width: 342px) 100vw, 342px\" \/><\/p>\n<p>Acompa\u00f1ada por el Primer Secretario del Comit\u00e9 Municipal del Partido, Yusmaikel Valier Ram\u00edrez, el Presidente de la Asamblea Municipal del Poder Popular Rafael Mu\u00f1iz Guill\u00e9n, Mariyulis Velazco Duvergel, vicepresidenta de ese \u00f3rgano local de gobierno y Rosaida Labani\u00f1o Morales, presidenta del Consejo popular Chile, la productora ganadera llev\u00f3 los productos a la instituci\u00f3n.<\/p>\n<p>Directivos del centro asistencial agradecieron el gesto de la campesina sanluisera y destacaron que acciones como estas, solo son posibles gracias a la Revoluci\u00f3n por la que luch\u00f3 incansablemente nuestro Fidel, y en la que la salud p\u00fablica, es una prioridad.<\/p>\n<p>La campesina, convertida en madrina de la instituci\u00f3n, hace estas acciones con frecuencia, y reconoci\u00f3 que este gesto altruista ennoblece el alma y la hace sentirse m\u00e1s \u00fatil, porque en tiempos como estos el pa\u00eds necesita de nosotros, los campesinos, y en especial de las mujeres, destac\u00f3.<\/p>\n<p>Asimismo, particip\u00f3 en la feria de la localidad con la venta de yogurt, leche, productos elaborados, caldosa y viandas para la venta al pueblo de Chile.<\/p>\n<p>La tambi\u00e9n Miembro del Comit\u00e9 Nacional de la Asociaci\u00f3n de Agricultores Peque\u00f1os explic\u00f3 que satisface mucho estos gestos en tiempos en que poblaci\u00f3n se ha visto afectada por la coyuntura energ\u00e9tica y climatol\u00f3gica.<\/p>\n<p>Aqu\u00ed estaremos los campesinos siempre prestos a ayudar, dijo la socia de la Cooperativa de Cr\u00e9ditos y Servicios Antonio Guiteras.<\/p>\n<p>Estas contribuciones de Lilian Serrano Silveira y otras de su padre Oscar Serrano Delgado, Willian y su hija Nora Lidia Galdo Serrano, se extienden tambi\u00e9n a otras instituciones como las casas de abuelos, los c\u00edrculos infantiles y el Hospital Municipal Alberto Fern\u00e1ndez Montes de Oca y contribuye a mejorar la calidad de vida de quienes m\u00e1s lo necesitan.<\/p>\n<p>&nbsp;<\/p>\n<p>&nbsp;<\/p>\n","protected":false},"excerpt":{"rendered":"<p>San Luis, Santiago de Cuba, oct. 24, 24. _ La destacada ganadera Liliam Serrano Silveira muestra su nobleza y solidaridad,<\/p>\n<div class='heateor_sss_sharing_container heateor_sss_vertical_sharing heateor_sss_bottom_sharing' style='width:44px;left: -10px;top: 100px;-webkit-box-shadow:none;box-shadow:none;' ><div class=\"heateor_sss_sharing_ul\"><a class=\"heateor_sss_amp heateor_sss_amp_facebook\" href=\"https:\/\/www.facebook.com\/sharer\/sharer.php?u=https%3A%2F%2Fwww.radiomajaguabo.icrt.cu%2Findex.php%3Frest_route%3D%252Fwp%252Fv2%252Fposts%252F9401\" title=\"Facebook\" rel=\"nofollow noopener\" target=\"_blank\"><amp-img src=\"https:\/\/www.radiomajaguabo.icrt.cu\/wp-content\/plugins\/sassy-social-share\/public\/..\/images\/amp\/facebook.svg\" width=\"40\" height=\"40\" alt=\"Facebook\" class=\"amp-wp-enforced-sizes\" style=\"width: 40px;\"><\/amp-img><\/a><a class=\"heateor_sss_amp heateor_sss_amp_linkedin\" href=\"https:\/\/www.linkedin.com\/sharing\/share-offsite\/?url=https%3A%2F%2Fwww.radiomajaguabo.icrt.cu%2Findex.php%3Frest_route%3D%252Fwp%252Fv2%252Fposts%252F9401\" title=\"Linkedin\" rel=\"nofollow noopener\" target=\"_blank\"><amp-img src=\"https:\/\/www.radiomajaguabo.icrt.cu\/wp-content\/plugins\/sassy-social-share\/public\/..\/images\/amp\/linkedin.svg\" width=\"40\" height=\"40\" alt=\"Linkedin\" class=\"amp-wp-enforced-sizes\" style=\"width: 40px;\"><\/amp-img><\/a><a class=\"heateor_sss_amp heateor_sss_amp_whatsapp\" href=\"https:\/\/api.whatsapp.com\/send?text=Radio%20Majaguabo%20-%20Emisora%20Radio%20Majaguabo%2C%20San%20Luis%2C%20Santiago%20de%20Cuba%2C%20Cuba%20https%3A%2F%2Fwww.radiomajaguabo.icrt.cu%2Findex.php%3Frest_route%3D%252Fwp%252Fv2%252Fposts%252F9401\" title=\"Whatsapp\" rel=\"nofollow noopener\" target=\"_blank\"><amp-img src=\"https:\/\/www.radiomajaguabo.icrt.cu\/wp-content\/plugins\/sassy-social-share\/public\/..\/images\/amp\/whatsapp.svg\" width=\"40\" height=\"40\" alt=\"Whatsapp\" class=\"amp-wp-enforced-sizes\" style=\"width: 40px;\"><\/amp-img><\/a><a class=\"heateor_sss_amp heateor_sss_amp_instagram\" href=\"https:\/\/www.instagram.com\/\" title=\"Instagram\" rel=\"nofollow noopener\" target=\"_blank\"><amp-img src=\"https:\/\/www.radiomajaguabo.icrt.cu\/wp-content\/plugins\/sassy-social-share\/public\/..\/images\/amp\/instagram.svg\" width=\"40\" height=\"40\" alt=\"Instagram\" class=\"amp-wp-enforced-sizes\" style=\"width: 40px;\"><\/amp-img><\/a><a class=\"heateor_sss_amp heateor_sss_amp_x\" href=\"https:\/\/twitter.com\/intent\/tweet?text=Radio%20Majaguabo%20-%20Emisora%20Radio%20Majaguabo%2C%20San%20Luis%2C%20Santiago%20de%20Cuba%2C%20Cuba&url=https%3A%2F%2Fwww.radiomajaguabo.icrt.cu%2Findex.php%3Frest_route%3D%252Fwp%252Fv2%252Fposts%252F9401\" title=\"X\" rel=\"nofollow noopener\" target=\"_blank\"><amp-img src=\"https:\/\/www.radiomajaguabo.icrt.cu\/wp-content\/plugins\/sassy-social-share\/public\/..\/images\/amp\/x.svg\" width=\"40\" height=\"40\" alt=\"X\" class=\"amp-wp-enforced-sizes\" style=\"width:40px;\"><\/amp-img><\/a><\/div><div class=\"heateorSssClear\"><\/div><\/div>","protected":false},"author":1,"featured_media":9416,"comment_status":"open","ping_status":"open","sticky":false,"template":"","format":"standard","meta":{"colormag_page_layout":"default_layout","footnotes":""},"categories":[6,9,10],"tags":[],"ppma_author":[37,299],"class_list":["post-9401","post","type-post","status-publish","format-standard","has-post-thumbnail","hentry","category-cultura","category-historia","category-san-luis"],"authors":[{"term_id":37,"user_id":1,"is_guest":0,"slug":"alberterie","display_name":"Administrador","avatar_url":"https:\/\/secure.gravatar.com\/avatar\/c7c20c93c5f4c81e7a7dc9b02a42095ae8875c9af446129683aaa06faf7fd1f3?s=96&d=mm&r=g","author_category":"","user_url":"https:\/\/www.radiomajaguabo.icrt.cu","last_name":"Alberterie Rivero","first_name":"Pedro","job_title":"","description":""},{"term_id":299,"user_id":6,"is_guest":0,"slug":"yaniuska","display_name":"Yaniuska P\u00e9rez Verdecia","avatar_url":"https:\/\/secure.gravatar.com\/avatar\/a6d7e51e5ccf0210b8c939b21a0b37dca410372954868b8ff5b8e51c07cf1a6e?s=96&d=mm&r=g","author_category":"","user_url":"","last_name":"P\u00e9rez Verdecia","first_name":"Yaniuska","job_title":"","description":""}],"amp_enabled":true,"_links":{"self":[{"href":"https:\/\/www.radiomajaguabo.icrt.cu\/index.php?rest_route=\/wp\/v2\/posts\/9401","targetHints":{"allow":["GET"]}}],"collection":[{"href":"https:\/\/www.radiomajaguabo.icrt.cu\/index.php?rest_route=\/wp\/v2\/posts"}],"about":[{"href":"https:\/\/www.radiomajaguabo.icrt.cu\/index.php?rest_route=\/wp\/v2\/types\/post"}],"author":[{"embeddable":true,"href":"https:\/\/www.radiomajaguabo.icrt.cu\/index.php?rest_route=\/wp\/v2\/users\/1"}],"replies":[{"embeddable":true,"href":"https:\/\/www.radiomajaguabo.icrt.cu\/index.php?rest_route=%2Fwp%2Fv2%2Fcomments&post=9401"}],"version-history":[{"count":3,"href":"https:\/\/www.radiomajaguabo.icrt.cu\/index.php?rest_route=\/wp\/v2\/posts\/9401\/revisions"}],"predecessor-version":[{"id":9423,"href":"https:\/\/www.radiomajaguabo.icrt.cu\/index.php?rest_route=\/wp\/v2\/posts\/9401\/revisions\/9423"}],"wp:featuredmedia":[{"embeddable":true,"href":"https:\/\/www.radiomajaguabo.icrt.cu\/index.php?rest_route=\/wp\/v2\/media\/9416"}],"wp:attachment":[{"href":"https:\/\/www.radiomajaguabo.icrt.cu\/index.php?rest_route=%2Fwp%2Fv2%2Fmedia&parent=9401"}],"wp:term":[{"taxonomy":"category","embeddable":true,"href":"https:\/\/www.radiomajaguabo.icrt.cu\/index.php?rest_route=%2Fwp%2Fv2%2Fcategories&post=9401"},{"taxonomy":"post_tag","embeddable":true,"href":"https:\/\/www.radiomajaguabo.icrt.cu\/index.php?rest_route=%2Fwp%2Fv2%2Ftags&post=9401"},{"taxonomy":"author","embeddable":true,"href":"https:\/\/www.radiomajaguabo.icrt.cu\/index.php?rest_route=%2Fwp%2Fv2%2Fppma_author&post=9401"}],"curies":[{"name":"wp","href":"https:\/\/api.w.org\/{rel}","templated":true}]}}