{"id":9315,"date":"2024-10-14T14:29:35","date_gmt":"2024-10-14T14:29:35","guid":{"rendered":"https:\/\/www.radiomajaguabo.icrt.cu\/?p=9315"},"modified":"2024-10-14T14:29:35","modified_gmt":"2024-10-14T14:29:35","slug":"celebrado-en-paquito-rosales-acto-por-el-dia-del-trabajador-azucarero","status":"publish","type":"post","link":"https:\/\/www.radiomajaguabo.icrt.cu\/?p=9315","title":{"rendered":"Celebrado en Paquito Rosales acto por el D\u00eda del Trabajador Azucarero"},"content":{"rendered":"<p><strong>San Luis, Santiago de Cuba, oct. 14, 24. _<\/strong> Los obreros del ingenio Paquito Rosales y las estructuras ca\u00f1eras celebraron al comp\u00e1s de reparaciones en la industria y las atenciones culturales a las plantaciones ca\u00f1eras el D\u00eda del trabajador azucarero.<!--more--><\/p>\n<p><img loading=\"lazy\" decoding=\"async\" class=\" wp-image-9318 aligncenter\" src=\"https:\/\/www.radiomajaguabo.icrt.cu\/wp-content\/uploads\/2024\/10\/trabajador_azucarero2-300x158.jpg\" alt=\"\" width=\"503\" height=\"265\" srcset=\"https:\/\/www.radiomajaguabo.icrt.cu\/wp-content\/uploads\/2024\/10\/trabajador_azucarero2-300x158.jpg 300w, https:\/\/www.radiomajaguabo.icrt.cu\/wp-content\/uploads\/2024\/10\/trabajador_azucarero2-390x205.jpg 390w, https:\/\/www.radiomajaguabo.icrt.cu\/wp-content\/uploads\/2024\/10\/trabajador_azucarero2.jpg 640w\" sizes=\"auto, (max-width: 503px) 100vw, 503px\" \/><\/p>\n<p><img loading=\"lazy\" decoding=\"async\" class=\" wp-image-9317 aligncenter\" src=\"https:\/\/www.radiomajaguabo.icrt.cu\/wp-content\/uploads\/2024\/10\/trabajador_azucarero1-300x158.jpg\" alt=\"\" width=\"507\" height=\"267\" srcset=\"https:\/\/www.radiomajaguabo.icrt.cu\/wp-content\/uploads\/2024\/10\/trabajador_azucarero1-300x158.jpg 300w, https:\/\/www.radiomajaguabo.icrt.cu\/wp-content\/uploads\/2024\/10\/trabajador_azucarero1-390x205.jpg 390w, https:\/\/www.radiomajaguabo.icrt.cu\/wp-content\/uploads\/2024\/10\/trabajador_azucarero1.jpg 640w\" sizes=\"auto, (max-width: 507px) 100vw, 507px\" \/><\/p>\n<p>En el emotivo acto, presidido por Yusmaikel Valier Ram\u00edrez, Primer Secretario del Partido en el municipio, Leonel S\u00e1nchez Urqu\u00eda, Intendente territorial, Yusneidis Rodr\u00edguez Reyes, Miembro del Secretariado municipal de la Central de Trabajadores de Cuba y Felipe Sabarit Caballero, H\u00e9roe del Trabajo de la Rep\u00fablica de Cuba, Marilyn Cobas Landeaux, Directora de la Empresa Agroindustrial Azucarera Francisco Rosales, destac\u00f3 resultados y compromisos para la venidera zafra.<\/p>\n<p>Como es habitual en tan significativa fecha, el Sindicato Azucarero envi\u00f3 una carta de felicitaci\u00f3n a los obreros donde se destac\u00f3 la rica tradici\u00f3n de este sector, tan identificado con el surgimiento de la nacionalidad cubana. Se recalc\u00f3 que el mismo lo conforman colectivos laborales integrados por hombres y mujeres que no reparan en sacrificios y entrega para llevar adelante la econom\u00eda del territorio y el pa\u00eds.<\/p>\n<p>Fueron reconocidas las Unidades B\u00e1sicas de Producci\u00f3n Cooperativa (UBPC) y las Cooperativas de Producci\u00f3n Agropecuaria (CPA) destacadas en el cumplimiento del plan de siembra del a\u00f1o. Asimismo, la mejor unidad en producci\u00f3n agropecuaria, y homenajeados los trabajadores integrales por las diferentes \u00e1reas del ingenio y las empresas de apoyo.<\/p>\n<p>A la efem\u00e9ride arribaron los obreros de la agroindustria azucarera en San Luis, tras haber cumplido el plan de siembra de ca\u00f1a, crecer en volumen total de la gram\u00ednea y haber realizado una reparaci\u00f3n integral que permite que este sea uno de los centrales del oriente que producir\u00e1 meladura, destac\u00f3 Yanet de la Caridad Aldana Cordov\u00ed, Secretaria municipal del Sindicato de Trabajadores Azucareros.<\/p>\n<p>Nuevos retos tienen por delante los azucareros de Paquito Rosales, el primero intensificar esfuerzos en la actual etapa preparatoria para hacer de la cosecha 2024-2025 una zafra superior en eficiencia y calidad y cumplir los planes pactados.<\/p>\n<p>&nbsp;<\/p>\n","protected":false},"excerpt":{"rendered":"<p>San Luis, Santiago de Cuba, oct. 14, 24. _ Los obreros del ingenio Paquito Rosales y las estructuras ca\u00f1eras celebraron<\/p>\n<div class='heateor_sss_sharing_container heateor_sss_vertical_sharing heateor_sss_bottom_sharing' style='width:44px;left: -10px;top: 100px;-webkit-box-shadow:none;box-shadow:none;' ><div class=\"heateor_sss_sharing_ul\"><a class=\"heateor_sss_amp heateor_sss_amp_facebook\" href=\"https:\/\/www.facebook.com\/sharer\/sharer.php?u=https%3A%2F%2Fwww.radiomajaguabo.icrt.cu%2Findex.php%3Frest_route%3D%252Fwp%252Fv2%252Fposts%252F9315\" title=\"Facebook\" rel=\"nofollow noopener\" target=\"_blank\"><amp-img src=\"https:\/\/www.radiomajaguabo.icrt.cu\/wp-content\/plugins\/sassy-social-share\/public\/..\/images\/amp\/facebook.svg\" width=\"40\" height=\"40\" alt=\"Facebook\" class=\"amp-wp-enforced-sizes\" style=\"width: 40px;\"><\/amp-img><\/a><a class=\"heateor_sss_amp heateor_sss_amp_linkedin\" href=\"https:\/\/www.linkedin.com\/sharing\/share-offsite\/?url=https%3A%2F%2Fwww.radiomajaguabo.icrt.cu%2Findex.php%3Frest_route%3D%252Fwp%252Fv2%252Fposts%252F9315\" title=\"Linkedin\" rel=\"nofollow noopener\" target=\"_blank\"><amp-img src=\"https:\/\/www.radiomajaguabo.icrt.cu\/wp-content\/plugins\/sassy-social-share\/public\/..\/images\/amp\/linkedin.svg\" width=\"40\" height=\"40\" alt=\"Linkedin\" class=\"amp-wp-enforced-sizes\" style=\"width: 40px;\"><\/amp-img><\/a><a class=\"heateor_sss_amp heateor_sss_amp_whatsapp\" href=\"https:\/\/api.whatsapp.com\/send?text=Radio%20Majaguabo%20-%20Emisora%20Radio%20Majaguabo%2C%20San%20Luis%2C%20Santiago%20de%20Cuba%2C%20Cuba%20https%3A%2F%2Fwww.radiomajaguabo.icrt.cu%2Findex.php%3Frest_route%3D%252Fwp%252Fv2%252Fposts%252F9315\" title=\"Whatsapp\" rel=\"nofollow noopener\" target=\"_blank\"><amp-img src=\"https:\/\/www.radiomajaguabo.icrt.cu\/wp-content\/plugins\/sassy-social-share\/public\/..\/images\/amp\/whatsapp.svg\" width=\"40\" height=\"40\" alt=\"Whatsapp\" class=\"amp-wp-enforced-sizes\" style=\"width: 40px;\"><\/amp-img><\/a><a class=\"heateor_sss_amp heateor_sss_amp_instagram\" href=\"https:\/\/www.instagram.com\/\" title=\"Instagram\" rel=\"nofollow noopener\" target=\"_blank\"><amp-img src=\"https:\/\/www.radiomajaguabo.icrt.cu\/wp-content\/plugins\/sassy-social-share\/public\/..\/images\/amp\/instagram.svg\" width=\"40\" height=\"40\" alt=\"Instagram\" class=\"amp-wp-enforced-sizes\" style=\"width: 40px;\"><\/amp-img><\/a><a class=\"heateor_sss_amp heateor_sss_amp_x\" href=\"https:\/\/twitter.com\/intent\/tweet?text=Radio%20Majaguabo%20-%20Emisora%20Radio%20Majaguabo%2C%20San%20Luis%2C%20Santiago%20de%20Cuba%2C%20Cuba&url=https%3A%2F%2Fwww.radiomajaguabo.icrt.cu%2Findex.php%3Frest_route%3D%252Fwp%252Fv2%252Fposts%252F9315\" title=\"X\" rel=\"nofollow noopener\" target=\"_blank\"><amp-img src=\"https:\/\/www.radiomajaguabo.icrt.cu\/wp-content\/plugins\/sassy-social-share\/public\/..\/images\/amp\/x.svg\" width=\"40\" height=\"40\" alt=\"X\" class=\"amp-wp-enforced-sizes\" style=\"width:40px;\"><\/amp-img><\/a><\/div><div class=\"heateorSssClear\"><\/div><\/div>","protected":false},"author":1,"featured_media":9319,"comment_status":"open","ping_status":"open","sticky":false,"template":"","format":"standard","meta":{"colormag_page_layout":"default_layout","footnotes":""},"categories":[6,9,10],"tags":[],"ppma_author":[37,299],"class_list":["post-9315","post","type-post","status-publish","format-standard","has-post-thumbnail","hentry","category-cultura","category-historia","category-san-luis"],"authors":[{"term_id":37,"user_id":1,"is_guest":0,"slug":"alberterie","display_name":"Administrador","avatar_url":"https:\/\/secure.gravatar.com\/avatar\/c7c20c93c5f4c81e7a7dc9b02a42095ae8875c9af446129683aaa06faf7fd1f3?s=96&d=mm&r=g","author_category":"","user_url":"https:\/\/www.radiomajaguabo.icrt.cu","last_name":"Alberterie Rivero","first_name":"Pedro","job_title":"","description":""},{"term_id":299,"user_id":6,"is_guest":0,"slug":"yaniuska","display_name":"Yaniuska P\u00e9rez Verdecia","avatar_url":"https:\/\/secure.gravatar.com\/avatar\/a6d7e51e5ccf0210b8c939b21a0b37dca410372954868b8ff5b8e51c07cf1a6e?s=96&d=mm&r=g","author_category":"","user_url":"","last_name":"P\u00e9rez Verdecia","first_name":"Yaniuska","job_title":"","description":""}],"amp_enabled":true,"_links":{"self":[{"href":"https:\/\/www.radiomajaguabo.icrt.cu\/index.php?rest_route=\/wp\/v2\/posts\/9315","targetHints":{"allow":["GET"]}}],"collection":[{"href":"https:\/\/www.radiomajaguabo.icrt.cu\/index.php?rest_route=\/wp\/v2\/posts"}],"about":[{"href":"https:\/\/www.radiomajaguabo.icrt.cu\/index.php?rest_route=\/wp\/v2\/types\/post"}],"author":[{"embeddable":true,"href":"https:\/\/www.radiomajaguabo.icrt.cu\/index.php?rest_route=\/wp\/v2\/users\/1"}],"replies":[{"embeddable":true,"href":"https:\/\/www.radiomajaguabo.icrt.cu\/index.php?rest_route=%2Fwp%2Fv2%2Fcomments&post=9315"}],"version-history":[{"count":1,"href":"https:\/\/www.radiomajaguabo.icrt.cu\/index.php?rest_route=\/wp\/v2\/posts\/9315\/revisions"}],"predecessor-version":[{"id":9320,"href":"https:\/\/www.radiomajaguabo.icrt.cu\/index.php?rest_route=\/wp\/v2\/posts\/9315\/revisions\/9320"}],"wp:featuredmedia":[{"embeddable":true,"href":"https:\/\/www.radiomajaguabo.icrt.cu\/index.php?rest_route=\/wp\/v2\/media\/9319"}],"wp:attachment":[{"href":"https:\/\/www.radiomajaguabo.icrt.cu\/index.php?rest_route=%2Fwp%2Fv2%2Fmedia&parent=9315"}],"wp:term":[{"taxonomy":"category","embeddable":true,"href":"https:\/\/www.radiomajaguabo.icrt.cu\/index.php?rest_route=%2Fwp%2Fv2%2Fcategories&post=9315"},{"taxonomy":"post_tag","embeddable":true,"href":"https:\/\/www.radiomajaguabo.icrt.cu\/index.php?rest_route=%2Fwp%2Fv2%2Ftags&post=9315"},{"taxonomy":"author","embeddable":true,"href":"https:\/\/www.radiomajaguabo.icrt.cu\/index.php?rest_route=%2Fwp%2Fv2%2Fppma_author&post=9315"}],"curies":[{"name":"wp","href":"https:\/\/api.w.org\/{rel}","templated":true}]}}