{"id":9278,"date":"2024-10-09T12:51:51","date_gmt":"2024-10-09T12:51:51","guid":{"rendered":"https:\/\/www.radiomajaguabo.icrt.cu\/?p=9278"},"modified":"2024-10-09T12:56:51","modified_gmt":"2024-10-09T12:56:51","slug":"autoridades-provinciales-revisan-preparacion-para-la-zafra-en-ingenio-sanluisero-paquito-rosales-fotos","status":"publish","type":"post","link":"https:\/\/www.radiomajaguabo.icrt.cu\/?p=9278","title":{"rendered":"Autoridades provinciales revisan preparaci\u00f3n para la zafra en ingenio sanluisero Paquito Rosales (FOTOS)"},"content":{"rendered":"<p><strong>San Luis, Santiago de Cuba, oct. 9, 24. _<\/strong> El alistamiento para la producci\u00f3n de meladura en el ingenio Paquito Rosales (perteneciente a este territorio), la siembra de m\u00e1s de 40 hect\u00e1reas de ca\u00f1a y otras tareas de los azucareros, fueron evaluados por parte de la Primera Secretaria del Comit\u00e9 Provincial del Partido, Beatriz Johnson Urrutia y Manuel Falc\u00f3n Hern\u00e1ndez, Gobernador de la provincia.<!--more--><\/p>\n<p><img loading=\"lazy\" decoding=\"async\" class=\" wp-image-9284 aligncenter\" src=\"https:\/\/www.radiomajaguabo.icrt.cu\/wp-content\/uploads\/2024\/10\/preparacion_zafra_2024_3-300x198.jpg\" alt=\"\" width=\"502\" height=\"331\" srcset=\"https:\/\/www.radiomajaguabo.icrt.cu\/wp-content\/uploads\/2024\/10\/preparacion_zafra_2024_3-300x198.jpg 300w, https:\/\/www.radiomajaguabo.icrt.cu\/wp-content\/uploads\/2024\/10\/preparacion_zafra_2024_3.jpg 640w\" sizes=\"auto, (max-width: 502px) 100vw, 502px\" \/><\/p>\n<p><img loading=\"lazy\" decoding=\"async\" class=\" wp-image-9283 aligncenter\" src=\"https:\/\/www.radiomajaguabo.icrt.cu\/wp-content\/uploads\/2024\/10\/preparacion_zafra_2024_2-300x132.jpg\" alt=\"\" width=\"503\" height=\"221\" srcset=\"https:\/\/www.radiomajaguabo.icrt.cu\/wp-content\/uploads\/2024\/10\/preparacion_zafra_2024_2-300x132.jpg 300w, https:\/\/www.radiomajaguabo.icrt.cu\/wp-content\/uploads\/2024\/10\/preparacion_zafra_2024_2.jpg 640w\" sizes=\"auto, (max-width: 503px) 100vw, 503px\" \/><\/p>\n<p>Para probar el ingenio sanluisero solo resta la entrada de aceites esenciales para el funcionamiento de accesorios el\u00e9ctricos y de otras \u00e1reas. \u00abCon mucha dedicaci\u00f3n, pocos recursos y financiamiento se logr\u00f3 rehabilitar el central y eso es una victoria, ello demuestra los deseos de hacer meladura y az\u00facar en esta f\u00e1brica y mejorar la econom\u00eda territorial\u00bb, dijo la tambi\u00e9n Miembro del Consejo de Estado.<\/p>\n<p>Asimismo, con representantes de las unidades ca\u00f1eras de San Luis y Songo La Maya, empresas, entidades y organismos con participaci\u00f3n en la contienda se evalu\u00f3 el cumplimiento de la siembra de ca\u00f1a. \u201cLa empresa cumpli\u00f3 su plan reajustado y se puede dar un extra de 40 hect\u00e1reas m\u00e1s, se viene trabajando, pero la escasez de combustibles ha dificultado concluir est\u00e1 tarea\u201d, acot\u00f3 Alexeis L\u00f3pez Cervantes, director de Empresa Agroindustrial Azucarera Francisco Rosales Ben\u00edtez.<\/p>\n<p>Sobre la producci\u00f3n de alimentos, entrega de carne, leche y cultivos varios, tambi\u00e9n se hizo un pormenorizado an\u00e1lisis. Las bases productivas cumplen hasta fecha, se logra la siembra de alimentos priorizados para tiempo de zafra, se atiende la reactivaci\u00f3n de los m\u00f3dulos pecuarios y hay tierra en movimiento para sembrar los cultivos propios de la temporada invernal.<\/p>\n<p>Otro de los t\u00f3picos analizados fue la construcci\u00f3n de viviendas, ya se entregaron 7 y m\u00e1s de 24 solo necesitan de cemento para poner el piso y concluirlas, es una tarea que requiere chequeo constante y el impulso municipal pues se trata de las condiciones de vida de nuestros trabajadores azucareros.<\/p>\n<p>Al t\u00e9rmino de la reuni\u00f3n, la Primera Secretaria del Partido en Santiago de Cuba se preocup\u00f3 por las actividades preparadas para celebrar el Acto municipal por el D\u00eda del Azucarero.<\/p>\n<p>Aprovech\u00f3 la ocasi\u00f3n para transmitir las felicitaciones\u00a0 a estos hombres y mujeres que hacen posible el desarrollo de un sector vital para la econom\u00eda, haciendo valer la frase de nuestro l\u00edder hist\u00f3rico Fidel Castro Ruz cuando expres\u00f3:\u00bb Es Dif\u00edcil encontrar otro sector que sienta tanto amor por su industria y por su tarea como el de los obreros azucareros.\u00bb<\/p>\n<p>En el intercambio que acontece cada semana participaron tambi\u00e9n Yusmaikel Valier Ram\u00edrez, Primer Secretario del Comit\u00e9 Municipal del Partido, su homologo en Songo La Maya, Eider Tamayo Castillo, Rafael Mu\u00f1iz Guill\u00e9n, Presidente de la Asamblea Municipal del Poder Popular, Leonel S\u00e1nchez Urqu\u00eda, Intendente del municipio y otros representantes del gobierno, las organizaciones pol\u00edticas y de masas e instituciones que intervienen en el complejo proceso productivo.<\/p>\n","protected":false},"excerpt":{"rendered":"<p>San Luis, Santiago de Cuba, oct. 9, 24. _ El alistamiento para la producci\u00f3n de meladura en el ingenio Paquito<\/p>\n<div class='heateor_sss_sharing_container heateor_sss_vertical_sharing heateor_sss_bottom_sharing' style='width:44px;left: -10px;top: 100px;-webkit-box-shadow:none;box-shadow:none;' ><div class=\"heateor_sss_sharing_ul\"><a class=\"heateor_sss_amp heateor_sss_amp_facebook\" href=\"https:\/\/www.facebook.com\/sharer\/sharer.php?u=https%3A%2F%2Fwww.radiomajaguabo.icrt.cu%2Findex.php%3Frest_route%3D%252Fwp%252Fv2%252Fposts%252F9278\" title=\"Facebook\" rel=\"nofollow noopener\" target=\"_blank\"><amp-img src=\"https:\/\/www.radiomajaguabo.icrt.cu\/wp-content\/plugins\/sassy-social-share\/public\/..\/images\/amp\/facebook.svg\" width=\"40\" height=\"40\" alt=\"Facebook\" class=\"amp-wp-enforced-sizes\" style=\"width: 40px;\"><\/amp-img><\/a><a class=\"heateor_sss_amp heateor_sss_amp_linkedin\" href=\"https:\/\/www.linkedin.com\/sharing\/share-offsite\/?url=https%3A%2F%2Fwww.radiomajaguabo.icrt.cu%2Findex.php%3Frest_route%3D%252Fwp%252Fv2%252Fposts%252F9278\" title=\"Linkedin\" rel=\"nofollow noopener\" target=\"_blank\"><amp-img src=\"https:\/\/www.radiomajaguabo.icrt.cu\/wp-content\/plugins\/sassy-social-share\/public\/..\/images\/amp\/linkedin.svg\" width=\"40\" height=\"40\" alt=\"Linkedin\" class=\"amp-wp-enforced-sizes\" style=\"width: 40px;\"><\/amp-img><\/a><a class=\"heateor_sss_amp heateor_sss_amp_whatsapp\" href=\"https:\/\/api.whatsapp.com\/send?text=Radio%20Majaguabo%20-%20Emisora%20Radio%20Majaguabo%2C%20San%20Luis%2C%20Santiago%20de%20Cuba%2C%20Cuba%20https%3A%2F%2Fwww.radiomajaguabo.icrt.cu%2Findex.php%3Frest_route%3D%252Fwp%252Fv2%252Fposts%252F9278\" title=\"Whatsapp\" rel=\"nofollow noopener\" target=\"_blank\"><amp-img src=\"https:\/\/www.radiomajaguabo.icrt.cu\/wp-content\/plugins\/sassy-social-share\/public\/..\/images\/amp\/whatsapp.svg\" width=\"40\" height=\"40\" alt=\"Whatsapp\" class=\"amp-wp-enforced-sizes\" style=\"width: 40px;\"><\/amp-img><\/a><a class=\"heateor_sss_amp heateor_sss_amp_instagram\" href=\"https:\/\/www.instagram.com\/\" title=\"Instagram\" rel=\"nofollow noopener\" target=\"_blank\"><amp-img src=\"https:\/\/www.radiomajaguabo.icrt.cu\/wp-content\/plugins\/sassy-social-share\/public\/..\/images\/amp\/instagram.svg\" width=\"40\" height=\"40\" alt=\"Instagram\" class=\"amp-wp-enforced-sizes\" style=\"width: 40px;\"><\/amp-img><\/a><a class=\"heateor_sss_amp heateor_sss_amp_x\" href=\"https:\/\/twitter.com\/intent\/tweet?text=Radio%20Majaguabo%20-%20Emisora%20Radio%20Majaguabo%2C%20San%20Luis%2C%20Santiago%20de%20Cuba%2C%20Cuba&url=https%3A%2F%2Fwww.radiomajaguabo.icrt.cu%2Findex.php%3Frest_route%3D%252Fwp%252Fv2%252Fposts%252F9278\" title=\"X\" rel=\"nofollow noopener\" target=\"_blank\"><amp-img src=\"https:\/\/www.radiomajaguabo.icrt.cu\/wp-content\/plugins\/sassy-social-share\/public\/..\/images\/amp\/x.svg\" width=\"40\" height=\"40\" alt=\"X\" class=\"amp-wp-enforced-sizes\" style=\"width:40px;\"><\/amp-img><\/a><\/div><div class=\"heateorSssClear\"><\/div><\/div>","protected":false},"author":1,"featured_media":9282,"comment_status":"open","ping_status":"open","sticky":false,"template":"","format":"standard","meta":{"colormag_page_layout":"default_layout","footnotes":""},"categories":[6,9,10],"tags":[],"ppma_author":[37,299],"class_list":["post-9278","post","type-post","status-publish","format-standard","has-post-thumbnail","hentry","category-cultura","category-historia","category-san-luis"],"authors":[{"term_id":37,"user_id":1,"is_guest":0,"slug":"alberterie","display_name":"Administrador","avatar_url":"https:\/\/secure.gravatar.com\/avatar\/c7c20c93c5f4c81e7a7dc9b02a42095ae8875c9af446129683aaa06faf7fd1f3?s=96&d=mm&r=g","author_category":"","user_url":"https:\/\/www.radiomajaguabo.icrt.cu","last_name":"Alberterie Rivero","first_name":"Pedro","job_title":"","description":""},{"term_id":299,"user_id":6,"is_guest":0,"slug":"yaniuska","display_name":"Yaniuska P\u00e9rez Verdecia","avatar_url":"https:\/\/secure.gravatar.com\/avatar\/a6d7e51e5ccf0210b8c939b21a0b37dca410372954868b8ff5b8e51c07cf1a6e?s=96&d=mm&r=g","author_category":"","user_url":"","last_name":"P\u00e9rez Verdecia","first_name":"Yaniuska","job_title":"","description":""}],"amp_enabled":true,"_links":{"self":[{"href":"https:\/\/www.radiomajaguabo.icrt.cu\/index.php?rest_route=\/wp\/v2\/posts\/9278","targetHints":{"allow":["GET"]}}],"collection":[{"href":"https:\/\/www.radiomajaguabo.icrt.cu\/index.php?rest_route=\/wp\/v2\/posts"}],"about":[{"href":"https:\/\/www.radiomajaguabo.icrt.cu\/index.php?rest_route=\/wp\/v2\/types\/post"}],"author":[{"embeddable":true,"href":"https:\/\/www.radiomajaguabo.icrt.cu\/index.php?rest_route=\/wp\/v2\/users\/1"}],"replies":[{"embeddable":true,"href":"https:\/\/www.radiomajaguabo.icrt.cu\/index.php?rest_route=%2Fwp%2Fv2%2Fcomments&post=9278"}],"version-history":[{"count":3,"href":"https:\/\/www.radiomajaguabo.icrt.cu\/index.php?rest_route=\/wp\/v2\/posts\/9278\/revisions"}],"predecessor-version":[{"id":9286,"href":"https:\/\/www.radiomajaguabo.icrt.cu\/index.php?rest_route=\/wp\/v2\/posts\/9278\/revisions\/9286"}],"wp:featuredmedia":[{"embeddable":true,"href":"https:\/\/www.radiomajaguabo.icrt.cu\/index.php?rest_route=\/wp\/v2\/media\/9282"}],"wp:attachment":[{"href":"https:\/\/www.radiomajaguabo.icrt.cu\/index.php?rest_route=%2Fwp%2Fv2%2Fmedia&parent=9278"}],"wp:term":[{"taxonomy":"category","embeddable":true,"href":"https:\/\/www.radiomajaguabo.icrt.cu\/index.php?rest_route=%2Fwp%2Fv2%2Fcategories&post=9278"},{"taxonomy":"post_tag","embeddable":true,"href":"https:\/\/www.radiomajaguabo.icrt.cu\/index.php?rest_route=%2Fwp%2Fv2%2Ftags&post=9278"},{"taxonomy":"author","embeddable":true,"href":"https:\/\/www.radiomajaguabo.icrt.cu\/index.php?rest_route=%2Fwp%2Fv2%2Fppma_author&post=9278"}],"curies":[{"name":"wp","href":"https:\/\/api.w.org\/{rel}","templated":true}]}}