{"id":9238,"date":"2026-03-16T07:57:32","date_gmt":"2026-03-16T07:57:32","guid":{"rendered":"https:\/\/www.radiomajaguabo.icrt.cu\/?p=9238"},"modified":"2026-03-18T16:44:14","modified_gmt":"2026-03-18T16:44:14","slug":"sobre-bancarizacion-y-produccion-de-alimentos-debate-en-la-asamblea-de-estructura-cooperativa-sanluisera-fotos","status":"publish","type":"post","link":"https:\/\/www.radiomajaguabo.icrt.cu\/?p=9238","title":{"rendered":"Sobre bancarizaci\u00f3n y producci\u00f3n de alimentos debaten campesinos sanluiseros"},"content":{"rendered":"<p><strong>San Luis, Santiago de Cuba, mar. 16, 26. _<\/strong> En el sector agr\u00edcola de esta localidad, la bancarizaci\u00f3n tiene cierta resistencia, y tambi\u00e9n reconozco que es insuficiente la disponibilidad de la tecnolog\u00eda demandada, la falta de habilidades o conocimientos para manejarla, algunos errores o fallas de conectividad, pero vamos corrigiendo errores sobre la marcha, expresan autoridades sanluiseras en estructuras campesinas donde han ocurrido las reuniones.\u00a0 <!--more--><\/p>\n<p><img loading=\"lazy\" decoding=\"async\" class=\" wp-image-9243 aligncenter\" src=\"https:\/\/www.radiomajaguabo.icrt.cu\/wp-content\/uploads\/2024\/10\/bancarizacion5-300x135.jpg\" alt=\"\" width=\"454\" height=\"204\" srcset=\"https:\/\/www.radiomajaguabo.icrt.cu\/wp-content\/uploads\/2024\/10\/bancarizacion5-300x135.jpg 300w, https:\/\/www.radiomajaguabo.icrt.cu\/wp-content\/uploads\/2024\/10\/bancarizacion5.jpg 640w\" sizes=\"auto, (max-width: 454px) 100vw, 454px\" \/><\/p>\n<p><img loading=\"lazy\" decoding=\"async\" class=\" wp-image-9242 aligncenter\" src=\"https:\/\/www.radiomajaguabo.icrt.cu\/wp-content\/uploads\/2024\/10\/bancarizacion4-300x135.jpg\" alt=\"\" width=\"453\" height=\"204\" srcset=\"https:\/\/www.radiomajaguabo.icrt.cu\/wp-content\/uploads\/2024\/10\/bancarizacion4-300x135.jpg 300w, https:\/\/www.radiomajaguabo.icrt.cu\/wp-content\/uploads\/2024\/10\/bancarizacion4.jpg 640w\" sizes=\"auto, (max-width: 453px) 100vw, 453px\" \/><\/p>\n<p><img loading=\"lazy\" decoding=\"async\" class=\" wp-image-9241 aligncenter\" src=\"https:\/\/www.radiomajaguabo.icrt.cu\/wp-content\/uploads\/2024\/10\/bancarizacion3-300x135.jpg\" alt=\"\" width=\"455\" height=\"205\" srcset=\"https:\/\/www.radiomajaguabo.icrt.cu\/wp-content\/uploads\/2024\/10\/bancarizacion3-300x135.jpg 300w, https:\/\/www.radiomajaguabo.icrt.cu\/wp-content\/uploads\/2024\/10\/bancarizacion3.jpg 640w\" sizes=\"auto, (max-width: 455px) 100vw, 455px\" \/><\/p>\n<p><img loading=\"lazy\" decoding=\"async\" class=\" wp-image-9240 aligncenter\" src=\"https:\/\/www.radiomajaguabo.icrt.cu\/wp-content\/uploads\/2024\/10\/bancarizacion2-300x135.jpg\" alt=\"\" width=\"454\" height=\"204\" srcset=\"https:\/\/www.radiomajaguabo.icrt.cu\/wp-content\/uploads\/2024\/10\/bancarizacion2-300x135.jpg 300w, https:\/\/www.radiomajaguabo.icrt.cu\/wp-content\/uploads\/2024\/10\/bancarizacion2.jpg 640w\" sizes=\"auto, (max-width: 454px) 100vw, 454px\" \/><\/p>\n<p><img loading=\"lazy\" decoding=\"async\" class=\" wp-image-9239 aligncenter\" src=\"https:\/\/www.radiomajaguabo.icrt.cu\/wp-content\/uploads\/2024\/10\/bancarizacion1-208x300.jpg\" alt=\"\" width=\"367\" height=\"529\" srcset=\"https:\/\/www.radiomajaguabo.icrt.cu\/wp-content\/uploads\/2024\/10\/bancarizacion1-208x300.jpg 208w, https:\/\/www.radiomajaguabo.icrt.cu\/wp-content\/uploads\/2024\/10\/bancarizacion1.jpg 443w\" sizes=\"auto, (max-width: 367px) 100vw, 367px\" \/><\/p>\n<p><img loading=\"lazy\" decoding=\"async\" class=\" wp-image-9247 aligncenter\" src=\"https:\/\/www.radiomajaguabo.icrt.cu\/wp-content\/uploads\/2024\/10\/bancarizacion9-300x135.jpg\" alt=\"\" width=\"454\" height=\"204\" srcset=\"https:\/\/www.radiomajaguabo.icrt.cu\/wp-content\/uploads\/2024\/10\/bancarizacion9-300x135.jpg 300w, https:\/\/www.radiomajaguabo.icrt.cu\/wp-content\/uploads\/2024\/10\/bancarizacion9.jpg 640w\" sizes=\"auto, (max-width: 454px) 100vw, 454px\" \/><\/p>\n<p><img loading=\"lazy\" decoding=\"async\" class=\" wp-image-9246 aligncenter\" src=\"https:\/\/www.radiomajaguabo.icrt.cu\/wp-content\/uploads\/2024\/10\/bancarizacion8-300x135.jpg\" alt=\"\" width=\"455\" height=\"205\" srcset=\"https:\/\/www.radiomajaguabo.icrt.cu\/wp-content\/uploads\/2024\/10\/bancarizacion8-300x135.jpg 300w, https:\/\/www.radiomajaguabo.icrt.cu\/wp-content\/uploads\/2024\/10\/bancarizacion8.jpg 640w\" sizes=\"auto, (max-width: 455px) 100vw, 455px\" \/><\/p>\n<p>As\u00ed trascendi\u00f3 durante la realizaci\u00f3n de la asamblea de rendici\u00f3n de cuenta de la junta directiva a sus asociados en la Cooperativa de Cr\u00e9ditos y Servicios Rafael Hern\u00e1ndez de Estrella Roja, como parte del proceso previo al XIII Congreso de la ANAP.<\/p>\n<p>Sobre el desempe\u00f1o de esta estructura de direcci\u00f3n y la atenci\u00f3n brindada a temas como el crecimiento de socios, el funcionamiento org\u00e1nico, la prevenci\u00f3n de delitos, ilegalidades y el hurto y sacrificio ilegal de ganado mayor, la integraci\u00f3n de j\u00f3venes y mujeres, los impagos a los campesinos, la contrataci\u00f3n y la producci\u00f3n de alimentos se pronunciaron los campesinos.<\/p>\n<p>Aqu\u00ed los socios seleccionaron a 4 campesinos y campesinas para integrar la n\u00f3mina de los Comit\u00e9s municipal, provincial y nacional de la ANAP. Asimismo eligieron a los precandidatos a delegados al c\u00f3nclave y conocieron a los que debatir\u00e1n sus inquietudes en la Asamblea municipal, entre los que se destacan, Yamilaidis Verdecia Acu\u00f1a,\u00a0 Orllakis Alcolea Ll\u00f3piz, Yorlan Alexander Verdecia Serrano, Adri\u00e1n Dom\u00ednguez Guerra, Jos\u00e9 Ben\u00edtez Miranda; Marlon Batista Remedios, Yainet L\u00f3pez Castillo y Jorge Carri\u00f3n Mil\u00e1n.<\/p>\n<p>Los campesinos m\u00e1s destacados del \u00faltimo trimestre fueron estimulados ante su asamblea.<\/p>\n<p>Clotilde Paumier, Funcionaria del Comit\u00e9 Provincial del Partido manifest\u00f3 que no se puede olvidar la historia y lo que representa el campesino para la Revoluci\u00f3n. Destac\u00f3 que hay tareas necesitadas de mejores resultados y en eso es decisivo el correcto funcionamiento de la asamblea y la junta directiva, a eso estamos convocados todos. Resalt\u00f3 que a pesar de la escasez de insumos y combustible se mantiene el firme compromiso de los campesinos sanluiseros de producir m\u00e1s alimentos y sustituir importaciones.<\/p>\n<p>Presidieron la asamblea adem\u00e1s Marlenis Reyes Aldana, Miembro del Comit\u00e9 Nacional de la Asociaci\u00f3n de Agricultores Peque\u00f1os, Maritza Vera P\u00e9rez, funcionaria del Comit\u00e9 Provincial de la ANAP; Rafael Mu\u00f1iz Guill\u00e9n, Presidente de la Asamblea Municipal del Poder Popular, Sonia Licet Gir\u00f3n Hechavarr\u00eda, Presidenta de la ANAP en el territorio y otros cuadros del Gobierno, la Polic\u00eda Nacional Revolucionaria, organizaciones pol\u00edticas y de masas, instituciones, organismos y de la organizaci\u00f3n campesina.<\/p>\n","protected":false},"excerpt":{"rendered":"<p>San Luis, Santiago de Cuba, mar. 16, 26. _ En el sector agr\u00edcola de esta localidad, la bancarizaci\u00f3n tiene cierta<\/p>\n<div class='heateor_sss_sharing_container heateor_sss_vertical_sharing heateor_sss_bottom_sharing' style='width:44px;left: -10px;top: 100px;-webkit-box-shadow:none;box-shadow:none;' ><div class=\"heateor_sss_sharing_ul\"><a class=\"heateor_sss_amp heateor_sss_amp_facebook\" href=\"https:\/\/www.facebook.com\/sharer\/sharer.php?u=https%3A%2F%2Fwww.radiomajaguabo.icrt.cu%2Findex.php%3Frest_route%3D%252Fwp%252Fv2%252Fposts%252F9238\" title=\"Facebook\" rel=\"nofollow noopener\" target=\"_blank\"><amp-img src=\"https:\/\/www.radiomajaguabo.icrt.cu\/wp-content\/plugins\/sassy-social-share\/public\/..\/images\/amp\/facebook.svg\" width=\"40\" height=\"40\" alt=\"Facebook\" class=\"amp-wp-enforced-sizes\" style=\"width: 40px;\"><\/amp-img><\/a><a class=\"heateor_sss_amp heateor_sss_amp_linkedin\" href=\"https:\/\/www.linkedin.com\/sharing\/share-offsite\/?url=https%3A%2F%2Fwww.radiomajaguabo.icrt.cu%2Findex.php%3Frest_route%3D%252Fwp%252Fv2%252Fposts%252F9238\" title=\"Linkedin\" rel=\"nofollow noopener\" target=\"_blank\"><amp-img src=\"https:\/\/www.radiomajaguabo.icrt.cu\/wp-content\/plugins\/sassy-social-share\/public\/..\/images\/amp\/linkedin.svg\" width=\"40\" height=\"40\" alt=\"Linkedin\" class=\"amp-wp-enforced-sizes\" style=\"width: 40px;\"><\/amp-img><\/a><a class=\"heateor_sss_amp heateor_sss_amp_whatsapp\" href=\"https:\/\/api.whatsapp.com\/send?text=Radio%20Majaguabo%20-%20Emisora%20Radio%20Majaguabo%2C%20San%20Luis%2C%20Santiago%20de%20Cuba%2C%20Cuba%20https%3A%2F%2Fwww.radiomajaguabo.icrt.cu%2Findex.php%3Frest_route%3D%252Fwp%252Fv2%252Fposts%252F9238\" title=\"Whatsapp\" rel=\"nofollow noopener\" target=\"_blank\"><amp-img src=\"https:\/\/www.radiomajaguabo.icrt.cu\/wp-content\/plugins\/sassy-social-share\/public\/..\/images\/amp\/whatsapp.svg\" width=\"40\" height=\"40\" alt=\"Whatsapp\" class=\"amp-wp-enforced-sizes\" style=\"width: 40px;\"><\/amp-img><\/a><a class=\"heateor_sss_amp heateor_sss_amp_instagram\" href=\"https:\/\/www.instagram.com\/\" title=\"Instagram\" rel=\"nofollow noopener\" target=\"_blank\"><amp-img src=\"https:\/\/www.radiomajaguabo.icrt.cu\/wp-content\/plugins\/sassy-social-share\/public\/..\/images\/amp\/instagram.svg\" width=\"40\" height=\"40\" alt=\"Instagram\" class=\"amp-wp-enforced-sizes\" style=\"width: 40px;\"><\/amp-img><\/a><a class=\"heateor_sss_amp heateor_sss_amp_x\" href=\"https:\/\/twitter.com\/intent\/tweet?text=Radio%20Majaguabo%20-%20Emisora%20Radio%20Majaguabo%2C%20San%20Luis%2C%20Santiago%20de%20Cuba%2C%20Cuba&url=https%3A%2F%2Fwww.radiomajaguabo.icrt.cu%2Findex.php%3Frest_route%3D%252Fwp%252Fv2%252Fposts%252F9238\" title=\"X\" rel=\"nofollow noopener\" target=\"_blank\"><amp-img src=\"https:\/\/www.radiomajaguabo.icrt.cu\/wp-content\/plugins\/sassy-social-share\/public\/..\/images\/amp\/x.svg\" width=\"40\" height=\"40\" alt=\"X\" class=\"amp-wp-enforced-sizes\" style=\"width:40px;\"><\/amp-img><\/a><\/div><div class=\"heateorSssClear\"><\/div><\/div>","protected":false},"author":1,"featured_media":9244,"comment_status":"open","ping_status":"open","sticky":false,"template":"","format":"standard","meta":{"colormag_page_layout":"default_layout","footnotes":""},"categories":[6,9,10],"tags":[],"ppma_author":[37,299],"class_list":["post-9238","post","type-post","status-publish","format-standard","has-post-thumbnail","hentry","category-cultura","category-historia","category-san-luis"],"authors":[{"term_id":37,"user_id":1,"is_guest":0,"slug":"alberterie","display_name":"Administrador","avatar_url":"https:\/\/secure.gravatar.com\/avatar\/c7c20c93c5f4c81e7a7dc9b02a42095ae8875c9af446129683aaa06faf7fd1f3?s=96&d=mm&r=g","author_category":"","user_url":"https:\/\/www.radiomajaguabo.icrt.cu","last_name":"Alberterie Rivero","first_name":"Pedro","job_title":"","description":""},{"term_id":299,"user_id":6,"is_guest":0,"slug":"yaniuska","display_name":"Yaniuska P\u00e9rez Verdecia","avatar_url":"https:\/\/secure.gravatar.com\/avatar\/a6d7e51e5ccf0210b8c939b21a0b37dca410372954868b8ff5b8e51c07cf1a6e?s=96&d=mm&r=g","author_category":"","user_url":"","last_name":"P\u00e9rez Verdecia","first_name":"Yaniuska","job_title":"","description":""}],"amp_enabled":true,"_links":{"self":[{"href":"https:\/\/www.radiomajaguabo.icrt.cu\/index.php?rest_route=\/wp\/v2\/posts\/9238","targetHints":{"allow":["GET"]}}],"collection":[{"href":"https:\/\/www.radiomajaguabo.icrt.cu\/index.php?rest_route=\/wp\/v2\/posts"}],"about":[{"href":"https:\/\/www.radiomajaguabo.icrt.cu\/index.php?rest_route=\/wp\/v2\/types\/post"}],"author":[{"embeddable":true,"href":"https:\/\/www.radiomajaguabo.icrt.cu\/index.php?rest_route=\/wp\/v2\/users\/1"}],"replies":[{"embeddable":true,"href":"https:\/\/www.radiomajaguabo.icrt.cu\/index.php?rest_route=%2Fwp%2Fv2%2Fcomments&post=9238"}],"version-history":[{"count":5,"href":"https:\/\/www.radiomajaguabo.icrt.cu\/index.php?rest_route=\/wp\/v2\/posts\/9238\/revisions"}],"predecessor-version":[{"id":13900,"href":"https:\/\/www.radiomajaguabo.icrt.cu\/index.php?rest_route=\/wp\/v2\/posts\/9238\/revisions\/13900"}],"wp:featuredmedia":[{"embeddable":true,"href":"https:\/\/www.radiomajaguabo.icrt.cu\/index.php?rest_route=\/wp\/v2\/media\/9244"}],"wp:attachment":[{"href":"https:\/\/www.radiomajaguabo.icrt.cu\/index.php?rest_route=%2Fwp%2Fv2%2Fmedia&parent=9238"}],"wp:term":[{"taxonomy":"category","embeddable":true,"href":"https:\/\/www.radiomajaguabo.icrt.cu\/index.php?rest_route=%2Fwp%2Fv2%2Fcategories&post=9238"},{"taxonomy":"post_tag","embeddable":true,"href":"https:\/\/www.radiomajaguabo.icrt.cu\/index.php?rest_route=%2Fwp%2Fv2%2Ftags&post=9238"},{"taxonomy":"author","embeddable":true,"href":"https:\/\/www.radiomajaguabo.icrt.cu\/index.php?rest_route=%2Fwp%2Fv2%2Fppma_author&post=9238"}],"curies":[{"name":"wp","href":"https:\/\/api.w.org\/{rel}","templated":true}]}}