{"id":9175,"date":"2024-10-03T08:10:26","date_gmt":"2024-10-03T08:10:26","guid":{"rendered":"https:\/\/www.radiomajaguabo.icrt.cu\/?p=9175"},"modified":"2024-10-03T00:35:15","modified_gmt":"2024-10-03T00:35:15","slug":"autoridades-provinciales-chequean-programas-agricolas-y-sociales-en-territorio-sanluisero-fotos","status":"publish","type":"post","link":"https:\/\/www.radiomajaguabo.icrt.cu\/?p=9175","title":{"rendered":"Autoridades provinciales chequean programas agr\u00edcolas y sociales en territorio sanluisero (+FOTOS)"},"content":{"rendered":"<p><strong>San Luis, Santiago de Cuba, oct. 3, 24. _<\/strong> La Primera Secretaria del Comit\u00e9 Provincial del Partido, Beatriz Johnson Urrutia y el Gobernador de la provincia, Manuel Falc\u00f3n Hern\u00e1ndez evaluaron recientemente la situaci\u00f3n constructiva y otras acciones a realizar en la Base de Almacenes Oriente Sur, ubicado en la zona de San Rafael, a unos 3 kil\u00f3metros de la cabecera municipal aqu\u00ed. <!--more--><\/p>\n<p>Se trata de una instalaci\u00f3n estrat\u00e9gica para el desarrollo territorial. Con la terminaci\u00f3n de las infraestructuras se dar\u00eda valor de uso, y mejorar\u00eda las condiciones de almacenaje en la provincia. Generar\u00eda empleos en el territorio y se podr\u00edan trasladar, en un futuro, gran parte de los almacenes hoy concentrados en la cabecera provincial.<\/p>\n<p><img loading=\"lazy\" decoding=\"async\" class=\" wp-image-9180 aligncenter\" src=\"https:\/\/www.radiomajaguabo.icrt.cu\/wp-content\/uploads\/2024\/10\/beatriz_jonson_en_san_luis5-300x126.jpg\" alt=\"\" width=\"501\" height=\"211\" srcset=\"https:\/\/www.radiomajaguabo.icrt.cu\/wp-content\/uploads\/2024\/10\/beatriz_jonson_en_san_luis5-300x126.jpg 300w, https:\/\/www.radiomajaguabo.icrt.cu\/wp-content\/uploads\/2024\/10\/beatriz_jonson_en_san_luis5.jpg 640w\" sizes=\"auto, (max-width: 501px) 100vw, 501px\" \/><\/p>\n<p>Posteriormente, las autoridades llegaron a la Emisora local, Radio Majaguabo, donde constataron las acciones para la salida al aire, luego de interrupciones por problemas de climatizaci\u00f3n.<\/p>\n<p><img loading=\"lazy\" decoding=\"async\" class=\" wp-image-9177 aligncenter\" src=\"https:\/\/www.radiomajaguabo.icrt.cu\/wp-content\/uploads\/2024\/10\/beatriz_jonson_en_san_luis1-300x202.jpg\" alt=\"\" width=\"500\" height=\"336\" srcset=\"https:\/\/www.radiomajaguabo.icrt.cu\/wp-content\/uploads\/2024\/10\/beatriz_jonson_en_san_luis1-300x202.jpg 300w, https:\/\/www.radiomajaguabo.icrt.cu\/wp-content\/uploads\/2024\/10\/beatriz_jonson_en_san_luis1.jpg 640w\" sizes=\"auto, (max-width: 500px) 100vw, 500px\" \/><\/p>\n<p><img loading=\"lazy\" decoding=\"async\" class=\" wp-image-9178 aligncenter\" src=\"https:\/\/www.radiomajaguabo.icrt.cu\/wp-content\/uploads\/2024\/10\/beatriz_jonson_en_san_luis2-300x136.jpg\" alt=\"\" width=\"502\" height=\"227\" srcset=\"https:\/\/www.radiomajaguabo.icrt.cu\/wp-content\/uploads\/2024\/10\/beatriz_jonson_en_san_luis2-300x136.jpg 300w, https:\/\/www.radiomajaguabo.icrt.cu\/wp-content\/uploads\/2024\/10\/beatriz_jonson_en_san_luis2.jpg 640w\" sizes=\"auto, (max-width: 502px) 100vw, 502px\" \/><\/p>\n<p>El restablecimiento de la se\u00f1al radiof\u00f3nica fue agradecido por oyentes y trabajadores de la casa radial.<\/p>\n<p>La dirigente partidista apreci\u00f3 las condiciones de la infraestructura de la emisora necesitada de una reparaci\u00f3n integral. Aqu\u00ed dio indicaciones a la Unidad Empresarial de Base Mantenimiento Constructivo del territorio para lograr la impermeabilizaci\u00f3n de la placa, as\u00ed como otras acciones de rehabilitaci\u00f3n que permitir\u00e1n contar con una emisora m\u00e1s bella y ordenada y mejores condiciones de trabajo para artistas, periodistas y personal de apoyo a la programaci\u00f3n.<\/p>\n<p>Este es un \u00f3rgano de prensa decisivo e imprescindible y requiri\u00f3 de los directivos locales mayor acompa\u00f1amiento y atenci\u00f3n, dijo la tambi\u00e9n Miembro del Consejo de Estado.<\/p>\n<p>Las autoridades del Partido y el Gobierno municipal junto a la Asociaci\u00f3n Nacional de Agricultores Peque\u00f1os (ANAP), y otras entidades, chequearon las acciones de alistamiento para la Zafra azucarera en la Empresa Agroindustrial Azucarero Francisco Rosales Ben\u00edtez (Paquito).<\/p>\n<p><img loading=\"lazy\" decoding=\"async\" class=\" wp-image-9179 aligncenter\" src=\"https:\/\/www.radiomajaguabo.icrt.cu\/wp-content\/uploads\/2024\/10\/beatriz_jonson_en_san_luis4-300x125.jpg\" alt=\"\" width=\"500\" height=\"208\" srcset=\"https:\/\/www.radiomajaguabo.icrt.cu\/wp-content\/uploads\/2024\/10\/beatriz_jonson_en_san_luis4-300x125.jpg 300w, https:\/\/www.radiomajaguabo.icrt.cu\/wp-content\/uploads\/2024\/10\/beatriz_jonson_en_san_luis4.jpg 640w\" sizes=\"auto, (max-width: 500px) 100vw, 500px\" \/><\/p>\n<p>Asimismo, se valor\u00f3 el cumplimiento de la siembra de ca\u00f1a, la mayor\u00eda de las unidades ca\u00f1eras ya cumplieron y aportan un extra en este importante rengl\u00f3n garante del desarrollo de la industria azucarera.<\/p>\n<p><img loading=\"lazy\" decoding=\"async\" class=\" wp-image-9181 aligncenter\" src=\"https:\/\/www.radiomajaguabo.icrt.cu\/wp-content\/uploads\/2024\/10\/beatriz_jonson_en_san_luis6-300x179.jpg\" alt=\"\" width=\"502\" height=\"300\" srcset=\"https:\/\/www.radiomajaguabo.icrt.cu\/wp-content\/uploads\/2024\/10\/beatriz_jonson_en_san_luis6-300x179.jpg 300w, https:\/\/www.radiomajaguabo.icrt.cu\/wp-content\/uploads\/2024\/10\/beatriz_jonson_en_san_luis6.jpg 640w\" sizes=\"auto, (max-width: 502px) 100vw, 502px\" \/><\/p>\n<p>La siembra de alimentos fue otro de los t\u00f3picos analizados. Aqu\u00ed se aprecia buen ritmo de siembra en la actual campa\u00f1a y se cumple, queda consolidar e incrementar los cultivos como pl\u00e1tano, yuca, boniato y otros.<\/p>\n<p>Esta evaluaci\u00f3n integral permite dar seguimiento a las tareas agr\u00edcolas y de alistamiento de la industria que, cuando las condiciones de la ca\u00f1a lo permitan debe incorporarse a la producci\u00f3n de meladura.<\/p>\n","protected":false},"excerpt":{"rendered":"<p>San Luis, Santiago de Cuba, oct. 3, 24. _ La Primera Secretaria del Comit\u00e9 Provincial del Partido, Beatriz Johnson Urrutia<\/p>\n<div class='heateor_sss_sharing_container heateor_sss_vertical_sharing heateor_sss_bottom_sharing' style='width:44px;left: -10px;top: 100px;-webkit-box-shadow:none;box-shadow:none;' ><div class=\"heateor_sss_sharing_ul\"><a class=\"heateor_sss_amp heateor_sss_amp_facebook\" href=\"https:\/\/www.facebook.com\/sharer\/sharer.php?u=https%3A%2F%2Fwww.radiomajaguabo.icrt.cu%2Findex.php%3Frest_route%3D%252Fwp%252Fv2%252Fposts%252F9175\" title=\"Facebook\" rel=\"nofollow noopener\" target=\"_blank\"><amp-img src=\"https:\/\/www.radiomajaguabo.icrt.cu\/wp-content\/plugins\/sassy-social-share\/public\/..\/images\/amp\/facebook.svg\" width=\"40\" height=\"40\" alt=\"Facebook\" class=\"amp-wp-enforced-sizes\" style=\"width: 40px;\"><\/amp-img><\/a><a class=\"heateor_sss_amp heateor_sss_amp_linkedin\" href=\"https:\/\/www.linkedin.com\/sharing\/share-offsite\/?url=https%3A%2F%2Fwww.radiomajaguabo.icrt.cu%2Findex.php%3Frest_route%3D%252Fwp%252Fv2%252Fposts%252F9175\" title=\"Linkedin\" rel=\"nofollow noopener\" target=\"_blank\"><amp-img src=\"https:\/\/www.radiomajaguabo.icrt.cu\/wp-content\/plugins\/sassy-social-share\/public\/..\/images\/amp\/linkedin.svg\" width=\"40\" height=\"40\" alt=\"Linkedin\" class=\"amp-wp-enforced-sizes\" style=\"width: 40px;\"><\/amp-img><\/a><a class=\"heateor_sss_amp heateor_sss_amp_whatsapp\" href=\"https:\/\/api.whatsapp.com\/send?text=Radio%20Majaguabo%20-%20Emisora%20Radio%20Majaguabo%2C%20San%20Luis%2C%20Santiago%20de%20Cuba%2C%20Cuba%20https%3A%2F%2Fwww.radiomajaguabo.icrt.cu%2Findex.php%3Frest_route%3D%252Fwp%252Fv2%252Fposts%252F9175\" title=\"Whatsapp\" rel=\"nofollow noopener\" target=\"_blank\"><amp-img src=\"https:\/\/www.radiomajaguabo.icrt.cu\/wp-content\/plugins\/sassy-social-share\/public\/..\/images\/amp\/whatsapp.svg\" width=\"40\" height=\"40\" alt=\"Whatsapp\" class=\"amp-wp-enforced-sizes\" style=\"width: 40px;\"><\/amp-img><\/a><a class=\"heateor_sss_amp heateor_sss_amp_instagram\" href=\"https:\/\/www.instagram.com\/\" title=\"Instagram\" rel=\"nofollow noopener\" target=\"_blank\"><amp-img src=\"https:\/\/www.radiomajaguabo.icrt.cu\/wp-content\/plugins\/sassy-social-share\/public\/..\/images\/amp\/instagram.svg\" width=\"40\" height=\"40\" alt=\"Instagram\" class=\"amp-wp-enforced-sizes\" style=\"width: 40px;\"><\/amp-img><\/a><a class=\"heateor_sss_amp heateor_sss_amp_x\" href=\"https:\/\/twitter.com\/intent\/tweet?text=Radio%20Majaguabo%20-%20Emisora%20Radio%20Majaguabo%2C%20San%20Luis%2C%20Santiago%20de%20Cuba%2C%20Cuba&url=https%3A%2F%2Fwww.radiomajaguabo.icrt.cu%2Findex.php%3Frest_route%3D%252Fwp%252Fv2%252Fposts%252F9175\" title=\"X\" rel=\"nofollow noopener\" target=\"_blank\"><amp-img src=\"https:\/\/www.radiomajaguabo.icrt.cu\/wp-content\/plugins\/sassy-social-share\/public\/..\/images\/amp\/x.svg\" width=\"40\" height=\"40\" alt=\"X\" class=\"amp-wp-enforced-sizes\" style=\"width:40px;\"><\/amp-img><\/a><\/div><div class=\"heateorSssClear\"><\/div><\/div>","protected":false},"author":1,"featured_media":9179,"comment_status":"open","ping_status":"open","sticky":false,"template":"","format":"standard","meta":{"colormag_page_layout":"default_layout","footnotes":""},"categories":[6,9,10],"tags":[],"ppma_author":[37,299],"class_list":["post-9175","post","type-post","status-publish","format-standard","has-post-thumbnail","hentry","category-cultura","category-historia","category-san-luis"],"authors":[{"term_id":37,"user_id":1,"is_guest":0,"slug":"alberterie","display_name":"Administrador","avatar_url":"https:\/\/secure.gravatar.com\/avatar\/c7c20c93c5f4c81e7a7dc9b02a42095ae8875c9af446129683aaa06faf7fd1f3?s=96&d=mm&r=g","author_category":"","user_url":"https:\/\/www.radiomajaguabo.icrt.cu","last_name":"Alberterie Rivero","first_name":"Pedro","job_title":"","description":""},{"term_id":299,"user_id":6,"is_guest":0,"slug":"yaniuska","display_name":"Yaniuska P\u00e9rez Verdecia","avatar_url":"https:\/\/secure.gravatar.com\/avatar\/a6d7e51e5ccf0210b8c939b21a0b37dca410372954868b8ff5b8e51c07cf1a6e?s=96&d=mm&r=g","author_category":"","user_url":"","last_name":"P\u00e9rez Verdecia","first_name":"Yaniuska","job_title":"","description":""}],"amp_enabled":true,"_links":{"self":[{"href":"https:\/\/www.radiomajaguabo.icrt.cu\/index.php?rest_route=\/wp\/v2\/posts\/9175","targetHints":{"allow":["GET"]}}],"collection":[{"href":"https:\/\/www.radiomajaguabo.icrt.cu\/index.php?rest_route=\/wp\/v2\/posts"}],"about":[{"href":"https:\/\/www.radiomajaguabo.icrt.cu\/index.php?rest_route=\/wp\/v2\/types\/post"}],"author":[{"embeddable":true,"href":"https:\/\/www.radiomajaguabo.icrt.cu\/index.php?rest_route=\/wp\/v2\/users\/1"}],"replies":[{"embeddable":true,"href":"https:\/\/www.radiomajaguabo.icrt.cu\/index.php?rest_route=%2Fwp%2Fv2%2Fcomments&post=9175"}],"version-history":[{"count":4,"href":"https:\/\/www.radiomajaguabo.icrt.cu\/index.php?rest_route=\/wp\/v2\/posts\/9175\/revisions"}],"predecessor-version":[{"id":9185,"href":"https:\/\/www.radiomajaguabo.icrt.cu\/index.php?rest_route=\/wp\/v2\/posts\/9175\/revisions\/9185"}],"wp:featuredmedia":[{"embeddable":true,"href":"https:\/\/www.radiomajaguabo.icrt.cu\/index.php?rest_route=\/wp\/v2\/media\/9179"}],"wp:attachment":[{"href":"https:\/\/www.radiomajaguabo.icrt.cu\/index.php?rest_route=%2Fwp%2Fv2%2Fmedia&parent=9175"}],"wp:term":[{"taxonomy":"category","embeddable":true,"href":"https:\/\/www.radiomajaguabo.icrt.cu\/index.php?rest_route=%2Fwp%2Fv2%2Fcategories&post=9175"},{"taxonomy":"post_tag","embeddable":true,"href":"https:\/\/www.radiomajaguabo.icrt.cu\/index.php?rest_route=%2Fwp%2Fv2%2Ftags&post=9175"},{"taxonomy":"author","embeddable":true,"href":"https:\/\/www.radiomajaguabo.icrt.cu\/index.php?rest_route=%2Fwp%2Fv2%2Fppma_author&post=9175"}],"curies":[{"name":"wp","href":"https:\/\/api.w.org\/{rel}","templated":true}]}}