{"id":9151,"date":"2024-09-30T07:00:49","date_gmt":"2024-09-30T07:00:49","guid":{"rendered":"https:\/\/www.radiomajaguabo.icrt.cu\/?p=9151"},"modified":"2024-09-27T14:37:40","modified_gmt":"2024-09-27T14:37:40","slug":"en-san-luis-ejercicio-de-control-hacia-personas-en-libertad-condicional-fotos","status":"publish","type":"post","link":"https:\/\/www.radiomajaguabo.icrt.cu\/?p=9151","title":{"rendered":"En San Luis Ejercicio de Control hacia personas en libertad condicional (+FOTOS)"},"content":{"rendered":"<p><strong>San Luis, Santiago de Cuba, sept. 30, 24. _<\/strong> Liderado por el Tribunal Municipal Popular de este municipio, desde el pasado 2 de septiembre inici\u00f3 aqu\u00ed el XV Ejercicio Integral de Control hacia las personas que liquidan sus sanciones con el beneficio de permanecer en condici\u00f3n de libertad.<!--more--><\/p>\n<p><img loading=\"lazy\" decoding=\"async\" class=\" wp-image-9152 aligncenter\" src=\"https:\/\/www.radiomajaguabo.icrt.cu\/wp-content\/uploads\/2024\/09\/ailin_taller1-300x190.jpg\" alt=\"\" width=\"501\" height=\"317\" srcset=\"https:\/\/www.radiomajaguabo.icrt.cu\/wp-content\/uploads\/2024\/09\/ailin_taller1-300x190.jpg 300w, https:\/\/www.radiomajaguabo.icrt.cu\/wp-content\/uploads\/2024\/09\/ailin_taller1.jpg 640w\" sizes=\"auto, (max-width: 501px) 100vw, 501px\" \/><\/p>\n<p><img loading=\"lazy\" decoding=\"async\" class=\" wp-image-9153 aligncenter\" src=\"https:\/\/www.radiomajaguabo.icrt.cu\/wp-content\/uploads\/2024\/09\/ailin_taller2-300x169.jpg\" alt=\"\" width=\"500\" height=\"282\" srcset=\"https:\/\/www.radiomajaguabo.icrt.cu\/wp-content\/uploads\/2024\/09\/ailin_taller2-300x169.jpg 300w, https:\/\/www.radiomajaguabo.icrt.cu\/wp-content\/uploads\/2024\/09\/ailin_taller2-1024x576.jpg 1024w, https:\/\/www.radiomajaguabo.icrt.cu\/wp-content\/uploads\/2024\/09\/ailin_taller2-768x432.jpg 768w, https:\/\/www.radiomajaguabo.icrt.cu\/wp-content\/uploads\/2024\/09\/ailin_taller2.jpg 1032w\" sizes=\"auto, (max-width: 500px) 100vw, 500px\" \/><\/p>\n<p><img loading=\"lazy\" decoding=\"async\" class=\" wp-image-9154 aligncenter\" src=\"https:\/\/www.radiomajaguabo.icrt.cu\/wp-content\/uploads\/2024\/09\/ailin_taller3-300x169.jpg\" alt=\"\" width=\"503\" height=\"283\" srcset=\"https:\/\/www.radiomajaguabo.icrt.cu\/wp-content\/uploads\/2024\/09\/ailin_taller3-300x169.jpg 300w, https:\/\/www.radiomajaguabo.icrt.cu\/wp-content\/uploads\/2024\/09\/ailin_taller3-1024x576.jpg 1024w, https:\/\/www.radiomajaguabo.icrt.cu\/wp-content\/uploads\/2024\/09\/ailin_taller3-768x432.jpg 768w, https:\/\/www.radiomajaguabo.icrt.cu\/wp-content\/uploads\/2024\/09\/ailin_taller3.jpg 1032w\" sizes=\"auto, (max-width: 503px) 100vw, 503px\" \/><\/p>\n<p><img loading=\"lazy\" decoding=\"async\" class=\" wp-image-9155 aligncenter\" src=\"https:\/\/www.radiomajaguabo.icrt.cu\/wp-content\/uploads\/2024\/09\/ailin_taller4-300x141.jpg\" alt=\"\" width=\"500\" height=\"235\" srcset=\"https:\/\/www.radiomajaguabo.icrt.cu\/wp-content\/uploads\/2024\/09\/ailin_taller4-300x141.jpg 300w, https:\/\/www.radiomajaguabo.icrt.cu\/wp-content\/uploads\/2024\/09\/ailin_taller4.jpg 640w\" sizes=\"auto, (max-width: 500px) 100vw, 500px\" \/><\/p>\n<p><img loading=\"lazy\" decoding=\"async\" class=\" wp-image-9156 aligncenter\" src=\"https:\/\/www.radiomajaguabo.icrt.cu\/wp-content\/uploads\/2024\/09\/ailin_taller5-300x169.jpg\" alt=\"\" width=\"501\" height=\"282\" srcset=\"https:\/\/www.radiomajaguabo.icrt.cu\/wp-content\/uploads\/2024\/09\/ailin_taller5-300x169.jpg 300w, https:\/\/www.radiomajaguabo.icrt.cu\/wp-content\/uploads\/2024\/09\/ailin_taller5.jpg 640w\" sizes=\"auto, (max-width: 501px) 100vw, 501px\" \/><\/p>\n<p>El mismo concluy\u00f3 con la realizaci\u00f3n de un Taller donde se evaluaron los resultados del trabajo realizado.<\/p>\n<p>Durante el ejercicio se le dio seguimiento a la inserci\u00f3n laboral de las personas sancionadas, a su conducta social y al cumplimiento de sus obligaciones familiares.<\/p>\n<p>En este ejercicio tambi\u00e9n participaron organizaciones como la Central de Trabajadores de Cuba (CTC), los Comit\u00e9s de Defensa de la Revoluci\u00f3n (CDR), la Federaci\u00f3n de Mujeres Cubanas (FMC) y tambi\u00e9n la Direcci\u00f3n de Trabajo en el municipio.<\/p>\n<p>En este Taller de cierre se intercambi\u00f3 sobre las acciones que se deben tomar para seguir la premisa de influir positivamente en estas personas sancionadas, transformarlas y poner todas sus capacidades en beneficio propio y de la sociedad. Se enfatiz\u00f3 en la necesidad de un trabajo cohesionado entre todos los \u00f3rganos, organismos y organizaciones del municipio involucrados en esta actividad.<\/p>\n<p>En dos ocasiones durante el a\u00f1o el Tribunal Municipal Popular en San Luis desarrolla los ejercicios integrales hacia estas personas que extinguen en sanciones o beneficios en condiciones de libertad, contribuyendo a constatar que cumplan con sus obligaciones y prohibiciones dispuestas en su sentencia, adem\u00e1s velando por sus derechos.<\/p>\n<p>Propiciar que las personas sancionadas se incorporen nuevamente a la sociedad es parte de la voluntad pol\u00edtica del Estado cubano. En San Luis tambi\u00e9n se garantiza la reinserci\u00f3n social como un derecho constitucional.<\/p>\n<p>La actividad de control, atenci\u00f3n e influencia a personas que extinguen penas en libertad en un inicio era supervisada por la Polic\u00eda, pero a partir del a\u00f1o 2001, pas\u00f3 a ser competencia del Tribunal y fue cuando se cre\u00f3 la instituci\u00f3n del juez de ejecuci\u00f3n.<\/p>\n<p>&nbsp;<\/p>\n","protected":false},"excerpt":{"rendered":"<p>San Luis, Santiago de Cuba, sept. 30, 24. _ Liderado por el Tribunal Municipal Popular de este municipio, desde el<\/p>\n<div class='heateor_sss_sharing_container heateor_sss_vertical_sharing heateor_sss_bottom_sharing' style='width:44px;left: -10px;top: 100px;-webkit-box-shadow:none;box-shadow:none;' ><div class=\"heateor_sss_sharing_ul\"><a class=\"heateor_sss_amp heateor_sss_amp_facebook\" href=\"https:\/\/www.facebook.com\/sharer\/sharer.php?u=https%3A%2F%2Fwww.radiomajaguabo.icrt.cu%2Findex.php%3Frest_route%3D%252Fwp%252Fv2%252Fposts%252F9151\" title=\"Facebook\" rel=\"nofollow noopener\" target=\"_blank\"><amp-img src=\"https:\/\/www.radiomajaguabo.icrt.cu\/wp-content\/plugins\/sassy-social-share\/public\/..\/images\/amp\/facebook.svg\" width=\"40\" height=\"40\" alt=\"Facebook\" class=\"amp-wp-enforced-sizes\" style=\"width: 40px;\"><\/amp-img><\/a><a class=\"heateor_sss_amp heateor_sss_amp_linkedin\" href=\"https:\/\/www.linkedin.com\/sharing\/share-offsite\/?url=https%3A%2F%2Fwww.radiomajaguabo.icrt.cu%2Findex.php%3Frest_route%3D%252Fwp%252Fv2%252Fposts%252F9151\" title=\"Linkedin\" rel=\"nofollow noopener\" target=\"_blank\"><amp-img src=\"https:\/\/www.radiomajaguabo.icrt.cu\/wp-content\/plugins\/sassy-social-share\/public\/..\/images\/amp\/linkedin.svg\" width=\"40\" height=\"40\" alt=\"Linkedin\" class=\"amp-wp-enforced-sizes\" style=\"width: 40px;\"><\/amp-img><\/a><a class=\"heateor_sss_amp heateor_sss_amp_whatsapp\" href=\"https:\/\/api.whatsapp.com\/send?text=Radio%20Majaguabo%20-%20Emisora%20Radio%20Majaguabo%2C%20San%20Luis%2C%20Santiago%20de%20Cuba%2C%20Cuba%20https%3A%2F%2Fwww.radiomajaguabo.icrt.cu%2Findex.php%3Frest_route%3D%252Fwp%252Fv2%252Fposts%252F9151\" title=\"Whatsapp\" rel=\"nofollow noopener\" target=\"_blank\"><amp-img src=\"https:\/\/www.radiomajaguabo.icrt.cu\/wp-content\/plugins\/sassy-social-share\/public\/..\/images\/amp\/whatsapp.svg\" width=\"40\" height=\"40\" alt=\"Whatsapp\" class=\"amp-wp-enforced-sizes\" style=\"width: 40px;\"><\/amp-img><\/a><a class=\"heateor_sss_amp heateor_sss_amp_instagram\" href=\"https:\/\/www.instagram.com\/\" title=\"Instagram\" rel=\"nofollow noopener\" target=\"_blank\"><amp-img src=\"https:\/\/www.radiomajaguabo.icrt.cu\/wp-content\/plugins\/sassy-social-share\/public\/..\/images\/amp\/instagram.svg\" width=\"40\" height=\"40\" alt=\"Instagram\" class=\"amp-wp-enforced-sizes\" style=\"width: 40px;\"><\/amp-img><\/a><a class=\"heateor_sss_amp heateor_sss_amp_x\" href=\"https:\/\/twitter.com\/intent\/tweet?text=Radio%20Majaguabo%20-%20Emisora%20Radio%20Majaguabo%2C%20San%20Luis%2C%20Santiago%20de%20Cuba%2C%20Cuba&url=https%3A%2F%2Fwww.radiomajaguabo.icrt.cu%2Findex.php%3Frest_route%3D%252Fwp%252Fv2%252Fposts%252F9151\" title=\"X\" rel=\"nofollow noopener\" target=\"_blank\"><amp-img src=\"https:\/\/www.radiomajaguabo.icrt.cu\/wp-content\/plugins\/sassy-social-share\/public\/..\/images\/amp\/x.svg\" width=\"40\" height=\"40\" alt=\"X\" class=\"amp-wp-enforced-sizes\" style=\"width:40px;\"><\/amp-img><\/a><\/div><div class=\"heateorSssClear\"><\/div><\/div>","protected":false},"author":1,"featured_media":9155,"comment_status":"open","ping_status":"open","sticky":false,"template":"","format":"standard","meta":{"colormag_page_layout":"default_layout","footnotes":""},"categories":[6,9,10],"tags":[],"ppma_author":[37,802],"class_list":["post-9151","post","type-post","status-publish","format-standard","has-post-thumbnail","hentry","category-cultura","category-historia","category-san-luis"],"authors":[{"term_id":37,"user_id":1,"is_guest":0,"slug":"alberterie","display_name":"Administrador","avatar_url":"https:\/\/secure.gravatar.com\/avatar\/c7c20c93c5f4c81e7a7dc9b02a42095ae8875c9af446129683aaa06faf7fd1f3?s=96&d=mm&r=g","author_category":"","user_url":"https:\/\/www.radiomajaguabo.icrt.cu","last_name":"Alberterie Rivero","first_name":"Pedro","job_title":"","description":""},{"term_id":802,"user_id":17,"is_guest":0,"slug":"ailin-viltre-nuviola","display_name":"Ail\u00edn Viltre Nuviola","avatar_url":"https:\/\/secure.gravatar.com\/avatar\/38db7cf9e1368f42ee206ec705534beb6afe58746c25d649c39ac2d490476010?s=96&d=mm&r=g","author_category":"","user_url":"https:\/\/www.radiomajaguabo.icrt.cu","last_name":"Viltre Nuviola","first_name":"Ail\u00edn","job_title":"","description":""}],"amp_enabled":true,"_links":{"self":[{"href":"https:\/\/www.radiomajaguabo.icrt.cu\/index.php?rest_route=\/wp\/v2\/posts\/9151","targetHints":{"allow":["GET"]}}],"collection":[{"href":"https:\/\/www.radiomajaguabo.icrt.cu\/index.php?rest_route=\/wp\/v2\/posts"}],"about":[{"href":"https:\/\/www.radiomajaguabo.icrt.cu\/index.php?rest_route=\/wp\/v2\/types\/post"}],"author":[{"embeddable":true,"href":"https:\/\/www.radiomajaguabo.icrt.cu\/index.php?rest_route=\/wp\/v2\/users\/1"}],"replies":[{"embeddable":true,"href":"https:\/\/www.radiomajaguabo.icrt.cu\/index.php?rest_route=%2Fwp%2Fv2%2Fcomments&post=9151"}],"version-history":[{"count":2,"href":"https:\/\/www.radiomajaguabo.icrt.cu\/index.php?rest_route=\/wp\/v2\/posts\/9151\/revisions"}],"predecessor-version":[{"id":9159,"href":"https:\/\/www.radiomajaguabo.icrt.cu\/index.php?rest_route=\/wp\/v2\/posts\/9151\/revisions\/9159"}],"wp:featuredmedia":[{"embeddable":true,"href":"https:\/\/www.radiomajaguabo.icrt.cu\/index.php?rest_route=\/wp\/v2\/media\/9155"}],"wp:attachment":[{"href":"https:\/\/www.radiomajaguabo.icrt.cu\/index.php?rest_route=%2Fwp%2Fv2%2Fmedia&parent=9151"}],"wp:term":[{"taxonomy":"category","embeddable":true,"href":"https:\/\/www.radiomajaguabo.icrt.cu\/index.php?rest_route=%2Fwp%2Fv2%2Fcategories&post=9151"},{"taxonomy":"post_tag","embeddable":true,"href":"https:\/\/www.radiomajaguabo.icrt.cu\/index.php?rest_route=%2Fwp%2Fv2%2Ftags&post=9151"},{"taxonomy":"author","embeddable":true,"href":"https:\/\/www.radiomajaguabo.icrt.cu\/index.php?rest_route=%2Fwp%2Fv2%2Fppma_author&post=9151"}],"curies":[{"name":"wp","href":"https:\/\/api.w.org\/{rel}","templated":true}]}}