{"id":9125,"date":"2024-09-30T07:07:52","date_gmt":"2024-09-30T07:07:52","guid":{"rendered":"https:\/\/www.radiomajaguabo.icrt.cu\/?p=9125"},"modified":"2024-09-26T13:15:27","modified_gmt":"2024-09-26T13:15:27","slug":"continua-en-san-luis-proceso-de-rendicion-de-cuentas-de-las-juntas-directivas-a-los-asociados","status":"publish","type":"post","link":"https:\/\/www.radiomajaguabo.icrt.cu\/?p=9125","title":{"rendered":"Contin\u00faa en San Luis proceso de rendici\u00f3n de cuentas de las juntas directivas a los asociados"},"content":{"rendered":"<div class=\"html-div xdj266r x11i5rnm xat24cr x1mh8g0r xexx8yu x4uap5 x18d9i69 xkhd6sd\" dir=\"auto\">\n<div class=\"html-div xdj266r x11i5rnm xat24cr x1mh8g0r xexx8yu x4uap5 x18d9i69 xkhd6sd\" dir=\"auto\">\n<div class=\"x1l90r2v x1pi30zi x1swvt13 x1iorvi4\" data-ad-comet-preview=\"message\" data-ad-preview=\"message\">\n<div class=\"x78zum5 xdt5ytf xz62fqu x16ldp7u\">\n<div class=\"xu06os2 x1ok221b\">\n<div class=\"xdj266r x11i5rnm xat24cr x1mh8g0r x1vvkbs x126k92a\">\n<div dir=\"auto\"><strong>San Luis, Santiago de Cuba, sept. 30, 24._<\/strong> Por las Cooperativas de Cr\u00e9ditos y Servicios (CCS) Liberaci\u00f3n de San Luis y la de Producci\u00f3n Agropecuaria (CPA) Desembarco del Granma, continu\u00f3 aqu\u00ed el proceso de rendici\u00f3n de cuentas de las juntas directivas a los asociados, previo a la realizaci\u00f3n del XIII Congreso de la Asociaci\u00f3n Nacional de Agricultores Peque\u00f1os (ANAP).<\/div>\n<div dir=\"auto\"><\/div>\n<div dir=\"auto\"><img loading=\"lazy\" decoding=\"async\" class=\" wp-image-9126 aligncenter\" src=\"https:\/\/www.radiomajaguabo.icrt.cu\/wp-content\/uploads\/2024\/09\/juntas_directivas1-300x194.jpg\" alt=\"\" width=\"512\" height=\"331\" srcset=\"https:\/\/www.radiomajaguabo.icrt.cu\/wp-content\/uploads\/2024\/09\/juntas_directivas1-300x194.jpg 300w, https:\/\/www.radiomajaguabo.icrt.cu\/wp-content\/uploads\/2024\/09\/juntas_directivas1.jpg 640w\" sizes=\"auto, (max-width: 512px) 100vw, 512px\" \/><\/div>\n<div dir=\"auto\"><\/div>\n<\/div>\n<div class=\"x11i5rnm xat24cr x1mh8g0r x1vvkbs xtlvy1s x126k92a\">\n<div dir=\"auto\">En la CCS Liberaci\u00f3n de San Luis, los m\u00e1s de 35 socios hablaron a camisa quitada de las dificultades y logros en materia productiva, de funcionamiento y aportes a la econom\u00eda territorial.<\/div>\n<div dir=\"auto\"><\/div>\n<\/div>\n<div class=\"x11i5rnm xat24cr x1mh8g0r x1vvkbs xtlvy1s x126k92a\">\n<div dir=\"auto\">Constituyen problem\u00e1ticas a solucionar la contrataci\u00f3n de las producciones, el crecimiento de socios con \u00e9nfasis en mujeres y j\u00f3venes, el rescate del Comit\u00e9 de base de la cooperativa, la atenci\u00f3n a los socios y la recuperaci\u00f3n de su infraestructura.<\/div>\n<div dir=\"auto\"><\/div>\n<\/div>\n<div class=\"x11i5rnm xat24cr x1mh8g0r x1vvkbs xtlvy1s x126k92a\">\n<div dir=\"auto\">El tema del delito, corrupci\u00f3n e ilegalidades fue ampliamente debatido y los campesinos reconocieron las debilidades del sector y cu\u00e1nto se necesita el apoyo de las instituciones y organismos. Es esta una batalla de todos, reconoci\u00f3 <span class=\"html-span xdj266r x11i5rnm xat24cr x1mh8g0r xexx8yu x4uap5 x18d9i69 xkhd6sd x1hl2dhg x16tdsg8 x1vvkbs\"><a class=\"x1i10hfl xjbqb8w x1ejq31n xd10rxx x1sy0etr x17r0tee x972fbf xcfux6l x1qhh985 xm0m39n x9f619 x1ypdohk xt0psk2 xe8uvvx xdj266r x11i5rnm xat24cr x1mh8g0r xexx8yu x4uap5 x18d9i69 xkhd6sd x16tdsg8 x1hl2dhg xggy1nq x1a2a7pz x1sur9pj xkrqix3 x1fey0fg x1s688f\" tabindex=\"0\" role=\"link\" href=\"https:\/\/www.facebook.com\/maritza.vera.3304?__cft__[0]=AZWys_sAYlJ0ATVdX3dJbs7AC92br3rfv7cslOI3Ge8owIyPqrc2bwj5CbMY8FgHNG0mzc2XHjHFvRonRIL7v7M1zYkjsQyKmm63rqBXII7xfxz2QrLdgQkdId45uQlvUxcuPARIsZCQ7dU_OfMpCLxwyByL3oKpt3ZelVt4ItDQwVE2yJY7PU5NpavQyoU4pw7R149sCPobTgufu_UYIObTlywwIWIaew2skR0RZUEprw&amp;__tn__=-]K-y-R\" target=\"_blank\" rel=\"noopener\"><span class=\"xt0psk2\">Maritza Vera Perez<\/span><\/a><\/span> Funcionaria del Comit\u00e9 Provincial de la ANAP.<\/div>\n<div dir=\"auto\"><\/div>\n<\/div>\n<div class=\"x11i5rnm xat24cr x1mh8g0r x1vvkbs xtlvy1s x126k92a\">\n<div dir=\"auto\">En la Cooperativa de Producci\u00f3n Agropecuaria Desembarco del Granma, la producci\u00f3n ca\u00f1era y de alimentos, los resultados de la vinculaci\u00f3n de los hombres a las \u00e1reas y resultados finales de la producci\u00f3n, la atenci\u00f3n a los cooperativistas y sus familiares y el rescate de los vol\u00famenes productivos en las \u00e1reas de ca\u00f1a fueron asuntos a debate.<\/div>\n<div dir=\"auto\"><\/div>\n<\/div>\n<div class=\"x11i5rnm xat24cr x1mh8g0r x1vvkbs xtlvy1s x126k92a\">\n<div dir=\"auto\">Los socios hablaron sobre el hurto y sacrificio ilegal de ganado mayor donde la CPA sale marcada. Acciones integrales, control de la masa, medidas m\u00e1s severas con los comisores de estos delitos y m\u00e1s cuidado de los animales son necesarios en esta unidad recalc\u00f3 <span class=\"html-span xdj266r x11i5rnm xat24cr x1mh8g0r xexx8yu x4uap5 x18d9i69 xkhd6sd x1hl2dhg x16tdsg8 x1vvkbs\"><a class=\"x1i10hfl xjbqb8w x1ejq31n xd10rxx x1sy0etr x17r0tee x972fbf xcfux6l x1qhh985 xm0m39n x9f619 x1ypdohk xt0psk2 xe8uvvx xdj266r x11i5rnm xat24cr x1mh8g0r xexx8yu x4uap5 x18d9i69 xkhd6sd x16tdsg8 x1hl2dhg xggy1nq x1a2a7pz x1sur9pj xkrqix3 x1fey0fg x1s688f\" tabindex=\"0\" role=\"link\" href=\"https:\/\/www.facebook.com\/sonialicet.gironhechavarria?__cft__[0]=AZWys_sAYlJ0ATVdX3dJbs7AC92br3rfv7cslOI3Ge8owIyPqrc2bwj5CbMY8FgHNG0mzc2XHjHFvRonRIL7v7M1zYkjsQyKmm63rqBXII7xfxz2QrLdgQkdId45uQlvUxcuPARIsZCQ7dU_OfMpCLxwyByL3oKpt3ZelVt4ItDQwVE2yJY7PU5NpavQyoU4pw7R149sCPobTgufu_UYIObTlywwIWIaew2skR0RZUEprw&amp;__tn__=-]K-y-R\" target=\"_blank\" rel=\"noopener\"><span class=\"xt0psk2\">Sonia Licet Giron Hechavarria<\/span><\/a><\/span> Presidenta del Comit\u00e9 municipal de la organizaci\u00f3n campesina.<\/div>\n<div dir=\"auto\"><\/div>\n<\/div>\n<div class=\"x11i5rnm xat24cr x1mh8g0r x1vvkbs xtlvy1s x126k92a\">\n<div dir=\"auto\">En ambas Cooperativas fueron seleccionados los precandidatos para integrar los comit\u00e9s municipal, provincial y nacional de la Anap y tambi\u00e9n los posibles delegados al c\u00f3nclave campesino previsto a realizarse el venidero a\u00f1o.<\/div>\n<div dir=\"auto\"><\/div>\n<\/div>\n<div class=\"x11i5rnm xat24cr x1mh8g0r x1vvkbs xtlvy1s x126k92a\">\n<div dir=\"auto\">Asimismo se presentaron los delegados a la Asamblea municipal XIII Congreso de la Anap, Reinaldo Torres Mill\u00e1n y Edilberto Su\u00e1rez Ben\u00edtez por la CCS Liberaci\u00f3n de San Luis y Santiago \u00c1lvarez Ortiz, Yamila Chavez Mart\u00ednez, Adri\u00e1n Gonz\u00e1lez Camuet, Magalys Henr\u00edquez Pineda, Lisandra de la Fe Morales y Eugenio Dom\u00ednguez Fern\u00e1ndez por la CPA Desembarco del Granma.<\/div>\n<div dir=\"auto\"><\/div>\n<\/div>\n<div class=\"x11i5rnm xat24cr x1mh8g0r x1vvkbs xtlvy1s x126k92a\">\n<div dir=\"auto\">Fueron reconocidos cooperativistas de la Desembarco del Granma con resultados en el per\u00edodo.<\/div>\n<div dir=\"auto\"><\/div>\n<\/div>\n<div class=\"x11i5rnm xat24cr x1mh8g0r x1vvkbs xtlvy1s x126k92a\">\n<div dir=\"auto\">En estas asambleas qued\u00f3 patentizado el compromiso de los labriegos del municipio de continuar impulsando la producci\u00f3n de alimentos y ca\u00f1a, tareas urgentes en un contexto econ\u00f3mico y social complejo que atraviesa el pa\u00eds. Aqu\u00ed se seguir\u00e1 Unidos, Fortalecidos y Productivos, ratificaron los campesinos y cooperativistas sanluiseros.<\/div>\n<div dir=\"auto\"><\/div>\n<\/div>\n<div class=\"x11i5rnm xat24cr x1mh8g0r x1vvkbs xtlvy1s x126k92a\">\n<div dir=\"auto\">En el proceso participaron adem\u00e1s <span class=\"html-span xdj266r x11i5rnm xat24cr x1mh8g0r xexx8yu x4uap5 x18d9i69 xkhd6sd x1hl2dhg x16tdsg8 x1vvkbs\"><a class=\"x1i10hfl xjbqb8w x1ejq31n xd10rxx x1sy0etr x17r0tee x972fbf xcfux6l x1qhh985 xm0m39n x9f619 x1ypdohk xt0psk2 xe8uvvx xdj266r x11i5rnm xat24cr x1mh8g0r xexx8yu x4uap5 x18d9i69 xkhd6sd x16tdsg8 x1hl2dhg xggy1nq x1a2a7pz x1sur9pj xkrqix3 x1fey0fg x1s688f\" tabindex=\"0\" role=\"link\" href=\"https:\/\/www.facebook.com\/marlenis.reyesaldana?__cft__[0]=AZWys_sAYlJ0ATVdX3dJbs7AC92br3rfv7cslOI3Ge8owIyPqrc2bwj5CbMY8FgHNG0mzc2XHjHFvRonRIL7v7M1zYkjsQyKmm63rqBXII7xfxz2QrLdgQkdId45uQlvUxcuPARIsZCQ7dU_OfMpCLxwyByL3oKpt3ZelVt4ItDQwVE2yJY7PU5NpavQyoU4pw7R149sCPobTgufu_UYIObTlywwIWIaew2skR0RZUEprw&amp;__tn__=-]K-y-R\" target=\"_blank\" rel=\"noopener\"><span class=\"xt0psk2\">Marlenis Reyes Aldana<\/span><\/a><\/span> Miembro del Comit\u00e9 Nacional de la ANAP, <span class=\"html-span xdj266r x11i5rnm xat24cr x1mh8g0r xexx8yu x4uap5 x18d9i69 xkhd6sd x1hl2dhg x16tdsg8 x1vvkbs\"><a class=\"x1i10hfl xjbqb8w x1ejq31n xd10rxx x1sy0etr x17r0tee x972fbf xcfux6l x1qhh985 xm0m39n x9f619 x1ypdohk xt0psk2 xe8uvvx xdj266r x11i5rnm xat24cr x1mh8g0r xexx8yu x4uap5 x18d9i69 xkhd6sd x16tdsg8 x1hl2dhg xggy1nq x1a2a7pz x1sur9pj xkrqix3 x1fey0fg x1s688f\" tabindex=\"0\" role=\"link\" href=\"https:\/\/www.facebook.com\/profile.php?id=100086686760102&amp;__cft__[0]=AZWys_sAYlJ0ATVdX3dJbs7AC92br3rfv7cslOI3Ge8owIyPqrc2bwj5CbMY8FgHNG0mzc2XHjHFvRonRIL7v7M1zYkjsQyKmm63rqBXII7xfxz2QrLdgQkdId45uQlvUxcuPARIsZCQ7dU_OfMpCLxwyByL3oKpt3ZelVt4ItDQwVE2yJY7PU5NpavQyoU4pw7R149sCPobTgufu_UYIObTlywwIWIaew2skR0RZUEprw&amp;__tn__=-]K-y-R\" target=\"_blank\" rel=\"noopener\"><span class=\"xt0psk2\">Maricelis Montes De Oca<\/span><\/a><\/span> Miembro del Bur\u00f3 municipal de la ANAP que atiende la Esfera Agroalimentaria y otros funcionarios de la organizaci\u00f3n campesina, as\u00ed como de organismos que mantienen relaciones de trabajo con la ANAP<\/div>\n<div dir=\"auto\"><\/div>\n<div dir=\"auto\"><span class=\"html-span xdj266r x11i5rnm xat24cr x1mh8g0r xexx8yu x4uap5 x18d9i69 xkhd6sd x1hl2dhg x16tdsg8 x1vvkbs\"><a class=\"x1i10hfl xjbqb8w x1ejq31n xd10rxx x1sy0etr x17r0tee x972fbf xcfux6l x1qhh985 xm0m39n x9f619 x1ypdohk xt0psk2 xe8uvvx xdj266r x11i5rnm xat24cr x1mh8g0r xexx8yu x4uap5 x18d9i69 xkhd6sd x16tdsg8 x1hl2dhg xggy1nq x1a2a7pz x1sur9pj xkrqix3 x1fey0fg x1s688f\" tabindex=\"0\" role=\"link\" href=\"https:\/\/www.facebook.com\/hashtag\/tierradelosmaceo?__eep__=6&amp;__cft__[0]=AZWys_sAYlJ0ATVdX3dJbs7AC92br3rfv7cslOI3Ge8owIyPqrc2bwj5CbMY8FgHNG0mzc2XHjHFvRonRIL7v7M1zYkjsQyKmm63rqBXII7xfxz2QrLdgQkdId45uQlvUxcuPARIsZCQ7dU_OfMpCLxwyByL3oKpt3ZelVt4ItDQwVE2yJY7PU5NpavQyoU4pw7R149sCPobTgufu_UYIObTlywwIWIaew2skR0RZUEprw&amp;__tn__=*NK-y-R\" target=\"_blank\" rel=\"noopener\">#TierraDeLosMaceo<\/a><\/span> <span class=\"html-span xdj266r x11i5rnm xat24cr x1mh8g0r xexx8yu x4uap5 x18d9i69 xkhd6sd x1hl2dhg x16tdsg8 x1vvkbs\"><a class=\"x1i10hfl xjbqb8w x1ejq31n xd10rxx x1sy0etr x17r0tee x972fbf xcfux6l x1qhh985 xm0m39n x9f619 x1ypdohk xt0psk2 xe8uvvx xdj266r x11i5rnm xat24cr x1mh8g0r xexx8yu x4uap5 x18d9i69 xkhd6sd x16tdsg8 x1hl2dhg xggy1nq x1a2a7pz x1sur9pj xkrqix3 x1fey0fg x1s688f\" tabindex=\"0\" role=\"link\" href=\"https:\/\/www.facebook.com\/hashtag\/santiagodecuba?__eep__=6&amp;__cft__[0]=AZWys_sAYlJ0ATVdX3dJbs7AC92br3rfv7cslOI3Ge8owIyPqrc2bwj5CbMY8FgHNG0mzc2XHjHFvRonRIL7v7M1zYkjsQyKmm63rqBXII7xfxz2QrLdgQkdId45uQlvUxcuPARIsZCQ7dU_OfMpCLxwyByL3oKpt3ZelVt4ItDQwVE2yJY7PU5NpavQyoU4pw7R149sCPobTgufu_UYIObTlywwIWIaew2skR0RZUEprw&amp;__tn__=*NK-y-R\" target=\"_blank\" rel=\"noopener\">#SantiagodeCuba<\/a><\/span> <span class=\"html-span xdj266r x11i5rnm xat24cr x1mh8g0r xexx8yu x4uap5 x18d9i69 xkhd6sd x1hl2dhg x16tdsg8 x1vvkbs\"><a class=\"x1i10hfl xjbqb8w x1ejq31n xd10rxx x1sy0etr x17r0tee x972fbf xcfux6l x1qhh985 xm0m39n x9f619 x1ypdohk xt0psk2 xe8uvvx xdj266r x11i5rnm xat24cr x1mh8g0r xexx8yu x4uap5 x18d9i69 xkhd6sd x16tdsg8 x1hl2dhg xggy1nq x1a2a7pz x1sur9pj xkrqix3 x1fey0fg x1s688f\" tabindex=\"0\" role=\"link\" href=\"https:\/\/www.facebook.com\/hashtag\/xiiicongresoanap?__eep__=6&amp;__cft__[0]=AZWys_sAYlJ0ATVdX3dJbs7AC92br3rfv7cslOI3Ge8owIyPqrc2bwj5CbMY8FgHNG0mzc2XHjHFvRonRIL7v7M1zYkjsQyKmm63rqBXII7xfxz2QrLdgQkdId45uQlvUxcuPARIsZCQ7dU_OfMpCLxwyByL3oKpt3ZelVt4ItDQwVE2yJY7PU5NpavQyoU4pw7R149sCPobTgufu_UYIObTlywwIWIaew2skR0RZUEprw&amp;__tn__=*NK-y-R\" target=\"_blank\" rel=\"noopener\">#XIIICongresoAnap<\/a><\/span><\/div>\n<\/div>\n<\/div>\n<\/div>\n<\/div>\n<\/div>\n<\/div>\n<p>&nbsp;<\/p>\n","protected":false},"excerpt":{"rendered":"<p>San Luis, Santiago de Cuba, sept. 30, 24._ Por las Cooperativas de Cr\u00e9ditos y Servicios (CCS) Liberaci\u00f3n de San Luis<\/p>\n<div class='heateor_sss_sharing_container heateor_sss_vertical_sharing heateor_sss_bottom_sharing' style='width:44px;left: -10px;top: 100px;-webkit-box-shadow:none;box-shadow:none;' ><div class=\"heateor_sss_sharing_ul\"><a class=\"heateor_sss_amp heateor_sss_amp_facebook\" href=\"https:\/\/www.facebook.com\/sharer\/sharer.php?u=https%3A%2F%2Fwww.radiomajaguabo.icrt.cu%2Findex.php%3Frest_route%3D%252Fwp%252Fv2%252Fposts%252F9125\" title=\"Facebook\" rel=\"nofollow noopener\" target=\"_blank\"><amp-img src=\"https:\/\/www.radiomajaguabo.icrt.cu\/wp-content\/plugins\/sassy-social-share\/public\/..\/images\/amp\/facebook.svg\" width=\"40\" height=\"40\" alt=\"Facebook\" class=\"amp-wp-enforced-sizes\" style=\"width: 40px;\"><\/amp-img><\/a><a class=\"heateor_sss_amp heateor_sss_amp_linkedin\" href=\"https:\/\/www.linkedin.com\/sharing\/share-offsite\/?url=https%3A%2F%2Fwww.radiomajaguabo.icrt.cu%2Findex.php%3Frest_route%3D%252Fwp%252Fv2%252Fposts%252F9125\" title=\"Linkedin\" rel=\"nofollow noopener\" target=\"_blank\"><amp-img src=\"https:\/\/www.radiomajaguabo.icrt.cu\/wp-content\/plugins\/sassy-social-share\/public\/..\/images\/amp\/linkedin.svg\" width=\"40\" height=\"40\" alt=\"Linkedin\" class=\"amp-wp-enforced-sizes\" style=\"width: 40px;\"><\/amp-img><\/a><a class=\"heateor_sss_amp heateor_sss_amp_whatsapp\" href=\"https:\/\/api.whatsapp.com\/send?text=Radio%20Majaguabo%20-%20Emisora%20Radio%20Majaguabo%2C%20San%20Luis%2C%20Santiago%20de%20Cuba%2C%20Cuba%20https%3A%2F%2Fwww.radiomajaguabo.icrt.cu%2Findex.php%3Frest_route%3D%252Fwp%252Fv2%252Fposts%252F9125\" title=\"Whatsapp\" rel=\"nofollow noopener\" target=\"_blank\"><amp-img src=\"https:\/\/www.radiomajaguabo.icrt.cu\/wp-content\/plugins\/sassy-social-share\/public\/..\/images\/amp\/whatsapp.svg\" width=\"40\" height=\"40\" alt=\"Whatsapp\" class=\"amp-wp-enforced-sizes\" style=\"width: 40px;\"><\/amp-img><\/a><a class=\"heateor_sss_amp heateor_sss_amp_instagram\" href=\"https:\/\/www.instagram.com\/\" title=\"Instagram\" rel=\"nofollow noopener\" target=\"_blank\"><amp-img src=\"https:\/\/www.radiomajaguabo.icrt.cu\/wp-content\/plugins\/sassy-social-share\/public\/..\/images\/amp\/instagram.svg\" width=\"40\" height=\"40\" alt=\"Instagram\" class=\"amp-wp-enforced-sizes\" style=\"width: 40px;\"><\/amp-img><\/a><a class=\"heateor_sss_amp heateor_sss_amp_x\" href=\"https:\/\/twitter.com\/intent\/tweet?text=Radio%20Majaguabo%20-%20Emisora%20Radio%20Majaguabo%2C%20San%20Luis%2C%20Santiago%20de%20Cuba%2C%20Cuba&url=https%3A%2F%2Fwww.radiomajaguabo.icrt.cu%2Findex.php%3Frest_route%3D%252Fwp%252Fv2%252Fposts%252F9125\" title=\"X\" rel=\"nofollow noopener\" target=\"_blank\"><amp-img src=\"https:\/\/www.radiomajaguabo.icrt.cu\/wp-content\/plugins\/sassy-social-share\/public\/..\/images\/amp\/x.svg\" width=\"40\" height=\"40\" alt=\"X\" class=\"amp-wp-enforced-sizes\" style=\"width:40px;\"><\/amp-img><\/a><\/div><div class=\"heateorSssClear\"><\/div><\/div>","protected":false},"author":1,"featured_media":9128,"comment_status":"open","ping_status":"open","sticky":false,"template":"","format":"standard","meta":{"colormag_page_layout":"default_layout","footnotes":""},"categories":[6,9,10],"tags":[],"ppma_author":[37,299],"class_list":["post-9125","post","type-post","status-publish","format-standard","has-post-thumbnail","hentry","category-cultura","category-historia","category-san-luis"],"authors":[{"term_id":37,"user_id":1,"is_guest":0,"slug":"alberterie","display_name":"Administrador","avatar_url":"https:\/\/secure.gravatar.com\/avatar\/c7c20c93c5f4c81e7a7dc9b02a42095ae8875c9af446129683aaa06faf7fd1f3?s=96&d=mm&r=g","author_category":"","user_url":"https:\/\/www.radiomajaguabo.icrt.cu","last_name":"Alberterie Rivero","first_name":"Pedro","job_title":"","description":""},{"term_id":299,"user_id":6,"is_guest":0,"slug":"yaniuska","display_name":"Yaniuska P\u00e9rez Verdecia","avatar_url":"https:\/\/secure.gravatar.com\/avatar\/a6d7e51e5ccf0210b8c939b21a0b37dca410372954868b8ff5b8e51c07cf1a6e?s=96&d=mm&r=g","author_category":"","user_url":"","last_name":"P\u00e9rez Verdecia","first_name":"Yaniuska","job_title":"","description":""}],"amp_enabled":true,"_links":{"self":[{"href":"https:\/\/www.radiomajaguabo.icrt.cu\/index.php?rest_route=\/wp\/v2\/posts\/9125","targetHints":{"allow":["GET"]}}],"collection":[{"href":"https:\/\/www.radiomajaguabo.icrt.cu\/index.php?rest_route=\/wp\/v2\/posts"}],"about":[{"href":"https:\/\/www.radiomajaguabo.icrt.cu\/index.php?rest_route=\/wp\/v2\/types\/post"}],"author":[{"embeddable":true,"href":"https:\/\/www.radiomajaguabo.icrt.cu\/index.php?rest_route=\/wp\/v2\/users\/1"}],"replies":[{"embeddable":true,"href":"https:\/\/www.radiomajaguabo.icrt.cu\/index.php?rest_route=%2Fwp%2Fv2%2Fcomments&post=9125"}],"version-history":[{"count":1,"href":"https:\/\/www.radiomajaguabo.icrt.cu\/index.php?rest_route=\/wp\/v2\/posts\/9125\/revisions"}],"predecessor-version":[{"id":9129,"href":"https:\/\/www.radiomajaguabo.icrt.cu\/index.php?rest_route=\/wp\/v2\/posts\/9125\/revisions\/9129"}],"wp:featuredmedia":[{"embeddable":true,"href":"https:\/\/www.radiomajaguabo.icrt.cu\/index.php?rest_route=\/wp\/v2\/media\/9128"}],"wp:attachment":[{"href":"https:\/\/www.radiomajaguabo.icrt.cu\/index.php?rest_route=%2Fwp%2Fv2%2Fmedia&parent=9125"}],"wp:term":[{"taxonomy":"category","embeddable":true,"href":"https:\/\/www.radiomajaguabo.icrt.cu\/index.php?rest_route=%2Fwp%2Fv2%2Fcategories&post=9125"},{"taxonomy":"post_tag","embeddable":true,"href":"https:\/\/www.radiomajaguabo.icrt.cu\/index.php?rest_route=%2Fwp%2Fv2%2Ftags&post=9125"},{"taxonomy":"author","embeddable":true,"href":"https:\/\/www.radiomajaguabo.icrt.cu\/index.php?rest_route=%2Fwp%2Fv2%2Fppma_author&post=9125"}],"curies":[{"name":"wp","href":"https:\/\/api.w.org\/{rel}","templated":true}]}}