{"id":8829,"date":"2024-08-29T08:17:05","date_gmt":"2024-08-29T08:17:05","guid":{"rendered":"https:\/\/www.radiomajaguabo.icrt.cu\/?p=8829"},"modified":"2024-08-28T01:33:51","modified_gmt":"2024-08-28T01:33:51","slug":"la-presencia-de-fidel-en-los-jovenes-sanluiseros-de-hoy","status":"publish","type":"post","link":"https:\/\/www.radiomajaguabo.icrt.cu\/?p=8829","title":{"rendered":"La presencia de Fidel en los j\u00f3venes sanluiseros de hoy"},"content":{"rendered":"<p><strong>San Luis, Santiago de Cuba, ago. 29, 24. _<\/strong> M\u00e1s de seis d\u00e9cadas han transcurrido desde aquel glorioso primero de enero de 1959, y desde ese entonces, la visi\u00f3n futurista de nuestro entra\u00f1able Comandante en Jefe Fidel Castro Ruz vislumbr\u00f3 que ser\u00edan los j\u00f3venes los impulsores de esta hermosa obra de la Revoluci\u00f3n; que se hab\u00eda forjado con la sangre de j\u00f3venes precursores.<!--more--><\/p>\n<p>No exist\u00eda ocasi\u00f3n en que Fidel se dirigiese a los j\u00f3venes que no se pudiese descubrir en sus palabras la sinceridad acompa\u00f1ada de la seguridad, de la confianza plena en los valores que habitaban a su audiencia; esa audiencia de j\u00f3venes que durante horas escuchaban las palabras de quien se convirti\u00f3 en nuestra gu\u00eda eterna.<\/p>\n<p>Eso lo hizo alguien sumamente cercano y nunca dej\u00f3 de serlo, ni para aquellos primeros j\u00f3venes beneficiados por la obra de la Revoluci\u00f3n, ni para sus descendientes, generaci\u00f3n tras generaci\u00f3n.<\/p>\n<p>Hoy, los j\u00f3venes sanluiseros ven a Fidel Castro Ruz como la gu\u00eda eterna del proceso revolucionario cubano, tienen el compromiso de continuar la obra de la Revoluci\u00f3n, de cumplir con su legado, de terminar la labor iniciada por \u00e9l, hoy los j\u00f3venes sanluiseros aseguran ser el futuro de Cuba<\/p>\n<p>Sin lugar a dudas, los mensajes trasmitidos por aquel profeta de su tiempo y de la eternidad se convirtieron en herencia, en plataforma inigualable para entender la realidad cambiante del mundo en que vivimos, y a cuyos convulsos procesos hemos logrado sobrevivir en gran medida por su sabidur\u00eda infinita pandemias crisis econ\u00f3micas y tantos otros sinfines de problem\u00e1ticas que aquejan hoy al mundo.<\/p>\n<p>La juventud cubana desempe\u00f1a un papel de extraordinario de valor, quiz\u00e1s como no lo ha hecho ninguna otra juventud. La educaci\u00f3n, la defensa del pa\u00eds y la pr\u00e9dica de un futuro mejor; son solo algunos de los retos ante los que han sabido crecerse. Siempre demostrando ser dignos herederos de valores de altruismo, valent\u00eda, modestia, sacrificio, solidaridad, responsabilidad, valores \u00e9ticos y morales instruidos por nuestro entra\u00f1able Comandante en Jefe.<\/p>\n<p>Esa es la m\u00e1s sincera de las verdades y es por ella que cuando un ni\u00f1o, adolescente, o joven exclama: \u00a1Yo soy Fidel!, tengamos la certeza de que puede faltarle mucho a\u00fan por crecer como ser humano para llegar a esa meta, pero existe un coraz\u00f3n y una mente, con la m\u00e1s firme convicci\u00f3n de conseguirlo.<\/p>\n","protected":false},"excerpt":{"rendered":"<p>San Luis, Santiago de Cuba, ago. 29, 24. _ M\u00e1s de seis d\u00e9cadas han transcurrido desde aquel glorioso primero de<\/p>\n<div class='heateor_sss_sharing_container heateor_sss_vertical_sharing heateor_sss_bottom_sharing' style='width:44px;left: -10px;top: 100px;-webkit-box-shadow:none;box-shadow:none;' ><div class=\"heateor_sss_sharing_ul\"><a class=\"heateor_sss_amp heateor_sss_amp_facebook\" href=\"https:\/\/www.facebook.com\/sharer\/sharer.php?u=https%3A%2F%2Fwww.radiomajaguabo.icrt.cu%2Findex.php%3Frest_route%3D%252Fwp%252Fv2%252Fposts%252F8829\" title=\"Facebook\" rel=\"nofollow noopener\" target=\"_blank\"><amp-img src=\"https:\/\/www.radiomajaguabo.icrt.cu\/wp-content\/plugins\/sassy-social-share\/public\/..\/images\/amp\/facebook.svg\" width=\"40\" height=\"40\" alt=\"Facebook\" class=\"amp-wp-enforced-sizes\" style=\"width: 40px;\"><\/amp-img><\/a><a class=\"heateor_sss_amp heateor_sss_amp_linkedin\" href=\"https:\/\/www.linkedin.com\/sharing\/share-offsite\/?url=https%3A%2F%2Fwww.radiomajaguabo.icrt.cu%2Findex.php%3Frest_route%3D%252Fwp%252Fv2%252Fposts%252F8829\" title=\"Linkedin\" rel=\"nofollow noopener\" target=\"_blank\"><amp-img src=\"https:\/\/www.radiomajaguabo.icrt.cu\/wp-content\/plugins\/sassy-social-share\/public\/..\/images\/amp\/linkedin.svg\" width=\"40\" height=\"40\" alt=\"Linkedin\" class=\"amp-wp-enforced-sizes\" style=\"width: 40px;\"><\/amp-img><\/a><a class=\"heateor_sss_amp heateor_sss_amp_whatsapp\" href=\"https:\/\/api.whatsapp.com\/send?text=Radio%20Majaguabo%20-%20Emisora%20Radio%20Majaguabo%2C%20San%20Luis%2C%20Santiago%20de%20Cuba%2C%20Cuba%20https%3A%2F%2Fwww.radiomajaguabo.icrt.cu%2Findex.php%3Frest_route%3D%252Fwp%252Fv2%252Fposts%252F8829\" title=\"Whatsapp\" rel=\"nofollow noopener\" target=\"_blank\"><amp-img src=\"https:\/\/www.radiomajaguabo.icrt.cu\/wp-content\/plugins\/sassy-social-share\/public\/..\/images\/amp\/whatsapp.svg\" width=\"40\" height=\"40\" alt=\"Whatsapp\" class=\"amp-wp-enforced-sizes\" style=\"width: 40px;\"><\/amp-img><\/a><a class=\"heateor_sss_amp heateor_sss_amp_instagram\" href=\"https:\/\/www.instagram.com\/\" title=\"Instagram\" rel=\"nofollow noopener\" target=\"_blank\"><amp-img src=\"https:\/\/www.radiomajaguabo.icrt.cu\/wp-content\/plugins\/sassy-social-share\/public\/..\/images\/amp\/instagram.svg\" width=\"40\" height=\"40\" alt=\"Instagram\" class=\"amp-wp-enforced-sizes\" style=\"width: 40px;\"><\/amp-img><\/a><a class=\"heateor_sss_amp heateor_sss_amp_x\" href=\"https:\/\/twitter.com\/intent\/tweet?text=Radio%20Majaguabo%20-%20Emisora%20Radio%20Majaguabo%2C%20San%20Luis%2C%20Santiago%20de%20Cuba%2C%20Cuba&url=https%3A%2F%2Fwww.radiomajaguabo.icrt.cu%2Findex.php%3Frest_route%3D%252Fwp%252Fv2%252Fposts%252F8829\" title=\"X\" rel=\"nofollow noopener\" target=\"_blank\"><amp-img src=\"https:\/\/www.radiomajaguabo.icrt.cu\/wp-content\/plugins\/sassy-social-share\/public\/..\/images\/amp\/x.svg\" width=\"40\" height=\"40\" alt=\"X\" class=\"amp-wp-enforced-sizes\" style=\"width:40px;\"><\/amp-img><\/a><\/div><div class=\"heateorSssClear\"><\/div><\/div>","protected":false},"author":1,"featured_media":8682,"comment_status":"open","ping_status":"open","sticky":false,"template":"","format":"standard","meta":{"colormag_page_layout":"default_layout","footnotes":""},"categories":[6,9,10],"tags":[],"ppma_author":[37,847],"class_list":["post-8829","post","type-post","status-publish","format-standard","has-post-thumbnail","hentry","category-cultura","category-historia","category-san-luis"],"authors":[{"term_id":37,"user_id":1,"is_guest":0,"slug":"alberterie","display_name":"Administrador","avatar_url":"https:\/\/secure.gravatar.com\/avatar\/c7c20c93c5f4c81e7a7dc9b02a42095ae8875c9af446129683aaa06faf7fd1f3?s=96&d=mm&r=g","author_category":"","user_url":"https:\/\/www.radiomajaguabo.icrt.cu","last_name":"Alberterie Rivero","first_name":"Pedro","job_title":"","description":""},{"term_id":847,"user_id":7,"is_guest":0,"slug":"ariadna","display_name":"Ariadna P\u00e9rez Morales","avatar_url":"https:\/\/secure.gravatar.com\/avatar\/c3f225207c412ea444f41008f0fb8216e66f9ddf2cc1fffa011b9113f906aa1f?s=96&d=mm&r=g","author_category":"","user_url":"","last_name":"P\u00e9rez Morales","first_name":"Ariadna","job_title":"","description":""}],"amp_enabled":true,"_links":{"self":[{"href":"https:\/\/www.radiomajaguabo.icrt.cu\/index.php?rest_route=\/wp\/v2\/posts\/8829","targetHints":{"allow":["GET"]}}],"collection":[{"href":"https:\/\/www.radiomajaguabo.icrt.cu\/index.php?rest_route=\/wp\/v2\/posts"}],"about":[{"href":"https:\/\/www.radiomajaguabo.icrt.cu\/index.php?rest_route=\/wp\/v2\/types\/post"}],"author":[{"embeddable":true,"href":"https:\/\/www.radiomajaguabo.icrt.cu\/index.php?rest_route=\/wp\/v2\/users\/1"}],"replies":[{"embeddable":true,"href":"https:\/\/www.radiomajaguabo.icrt.cu\/index.php?rest_route=%2Fwp%2Fv2%2Fcomments&post=8829"}],"version-history":[{"count":2,"href":"https:\/\/www.radiomajaguabo.icrt.cu\/index.php?rest_route=\/wp\/v2\/posts\/8829\/revisions"}],"predecessor-version":[{"id":8851,"href":"https:\/\/www.radiomajaguabo.icrt.cu\/index.php?rest_route=\/wp\/v2\/posts\/8829\/revisions\/8851"}],"wp:featuredmedia":[{"embeddable":true,"href":"https:\/\/www.radiomajaguabo.icrt.cu\/index.php?rest_route=\/wp\/v2\/media\/8682"}],"wp:attachment":[{"href":"https:\/\/www.radiomajaguabo.icrt.cu\/index.php?rest_route=%2Fwp%2Fv2%2Fmedia&parent=8829"}],"wp:term":[{"taxonomy":"category","embeddable":true,"href":"https:\/\/www.radiomajaguabo.icrt.cu\/index.php?rest_route=%2Fwp%2Fv2%2Fcategories&post=8829"},{"taxonomy":"post_tag","embeddable":true,"href":"https:\/\/www.radiomajaguabo.icrt.cu\/index.php?rest_route=%2Fwp%2Fv2%2Ftags&post=8829"},{"taxonomy":"author","embeddable":true,"href":"https:\/\/www.radiomajaguabo.icrt.cu\/index.php?rest_route=%2Fwp%2Fv2%2Fppma_author&post=8829"}],"curies":[{"name":"wp","href":"https:\/\/api.w.org\/{rel}","templated":true}]}}