{"id":8202,"date":"2024-07-04T10:02:32","date_gmt":"2024-07-04T10:02:32","guid":{"rendered":"https:\/\/www.radiomajaguabo.icrt.cu\/?p=8202"},"modified":"2024-07-08T11:25:06","modified_gmt":"2024-07-08T11:25:06","slug":"radialistas-de-san-luis-creadores-de-imagenes-y-emociones","status":"publish","type":"post","link":"https:\/\/www.radiomajaguabo.icrt.cu\/?p=8202","title":{"rendered":"Radialistas de San Luis, creadores de im\u00e1genes y emociones"},"content":{"rendered":"<div class=\"html-div xe8uvvx xdj266r x11i5rnm xat24cr x1mh8g0r xexx8yu x4uap5 x18d9i69 xkhd6sd\" dir=\"auto\">\n<div id=\":r11s:\" class=\"x1iorvi4 x1pi30zi x1l90r2v x1swvt13\" data-ad-comet-preview=\"message\" data-ad-preview=\"message\">\n<div class=\"x78zum5 xdt5ytf xz62fqu x16ldp7u\">\n<div class=\"xu06os2 x1ok221b\">\n<div class=\"xdj266r x11i5rnm xat24cr x1mh8g0r x1vvkbs x126k92a\">\n<div dir=\"auto\"><strong>San Luis, Santiago de Cuba, jul. 4, 24._<\/strong> Radialistas de todo el asentamiento sanluisero estar\u00e1n de pl\u00e1cemes el venidero 5 de Julio, en el aniversario 42 de Radio Majaguabo; sistema de comunicaci\u00f3n radiof\u00f3nico que llega a toda la geograf\u00eda del Oriente cubano.<\/div>\n<div dir=\"auto\"><\/div>\n<\/div>\n<div class=\"x11i5rnm xat24cr x1mh8g0r x1vvkbs xtlvy1s x126k92a\">\n<div dir=\"auto\">Se congratulan a locutores, escritores, realizadores, t\u00e9cnicos y periodistas por sus valiosos aportes a la formaci\u00f3n pol\u00edtica e ideol\u00f3gica de los miles de sanluiseros a su sana recreaci\u00f3n, portador adem\u00e1s de principios ideol\u00f3gicos en apoyo a las conquistas alcanzadas por nuestro sistema social socialista.<\/div>\n<div dir=\"auto\"><\/div>\n<\/div>\n<div class=\"x11i5rnm xat24cr x1mh8g0r x1vvkbs xtlvy1s x126k92a\">\n<div dir=\"auto\">Vecinos de lugares intrincados de las monta\u00f1as, y de sitios de dif\u00edcil acceso en los llanos, reciben las trasmisiones de Radio Majaguabo aqu\u00ed, con una rica historia de h\u00e9roes patrios y personalidades de la cultura que marcan un hito en la historiograf\u00eda cubana.<\/div>\n<div dir=\"auto\"><\/div>\n<\/div>\n<div class=\"x11i5rnm xat24cr x1mh8g0r x1vvkbs xtlvy1s x126k92a\">\n<div dir=\"auto\">Una de las frases m\u00e1s famosas sobre la radio es de Orson Welles, quien dijo \u00abLa radio es el teatro de la mente\u00bb. Con esta afirmaci\u00f3n, Welles destac\u00f3 el poder de la radio para crear im\u00e1genes y emociones en la mente de los oyentes a trav\u00e9s de la voz y los efectos de sonido.<\/div>\n<div dir=\"auto\"><\/div>\n<\/div>\n<div class=\"x11i5rnm xat24cr x1mh8g0r x1vvkbs xtlvy1s x126k92a\">\n<div dir=\"auto\">La emisora se ha convertido en una herramienta muy valiosa para todos nosotros pues, a trav\u00e9s de ella, hemos logrado concientizar a la gente de la importancia de su territorio.<\/div>\n<div dir=\"auto\"><\/div>\n<\/div>\n<div class=\"x11i5rnm xat24cr x1mh8g0r x1vvkbs xtlvy1s x126k92a\">\n<div dir=\"auto\">Ganas, empe\u00f1o y trabajo duro son las palabras precisas para describir a Radio Majaguabo. Basta con entrar a la \u2018cabina\u2019 para comprender que cada cent\u00edmetro est\u00e1 lleno de esmero. Repleto de amor. Aunque el espacio es peque\u00f1o, siempre habr\u00e1 un lugar para todos.<\/div>\n<div dir=\"auto\"><\/div>\n<\/div>\n<div class=\"x11i5rnm xat24cr x1mh8g0r x1vvkbs xtlvy1s x126k92a\">\n<div dir=\"auto\">Aunque la 104.7 de la FM es todo un \u00e9xito en este asentamiento del Oriente, los objetivos de la radio comunitaria son garantizar el derecho a la comunicaci\u00f3n, crear espacios de participaci\u00f3n ciudadana, fomentar el di\u00e1logo y la coordinaci\u00f3n social, trabajar contra la discriminaci\u00f3n y por la igualdad, la promoci\u00f3n de la cultura y transformar la sociedad.<\/div>\n<div dir=\"auto\"><\/div>\n<\/div>\n<div class=\"x11i5rnm xat24cr x1mh8g0r x1vvkbs xtlvy1s x126k92a\">\n<div dir=\"auto\">RadioMajaguabo es un medio de comunicaci\u00f3n que ha dejado huella en la sociedad sanluisera y en la cultura popular.<\/div>\n<div dir=\"auto\"><\/div>\n<div dir=\"auto\">Los artistas, periodistas , jefes de programaci\u00f3n , responsables de departamento informativo, consejo de direcci\u00f3n, operarios, sanluiseros en sentido general , comprometidos con sus audiencias, ratifican la tradici\u00f3n del medio en el territorio.<\/div>\n<div dir=\"auto\"><\/div>\n<\/div>\n<div class=\"x11i5rnm xat24cr x1mh8g0r x1vvkbs xtlvy1s x126k92a\">\n<div dir=\"auto\">El Municipio de San Luis tiene en su sistema radiof\u00f3nico un pilar para informar y acompa\u00f1ar a sus conciudadanos. Para sus trabajadores nuestras felicitaciones.<\/div>\n<\/div>\n<div class=\"x11i5rnm xat24cr x1mh8g0r x1vvkbs xtlvy1s x126k92a\">\n<div dir=\"auto\">Radio Cubana.<\/div>\n<div dir=\"auto\"><span class=\"html-span xdj266r x11i5rnm xat24cr x1mh8g0r xexx8yu x4uap5 x18d9i69 xkhd6sd x1hl2dhg x16tdsg8 x1vvkbs\"><a class=\"x1i10hfl xjbqb8w x1ejq31n xd10rxx x1sy0etr x17r0tee x972fbf xcfux6l x1qhh985 xm0m39n x9f619 x1ypdohk xt0psk2 xe8uvvx xdj266r x11i5rnm xat24cr x1mh8g0r xexx8yu x4uap5 x18d9i69 xkhd6sd x16tdsg8 x1hl2dhg xggy1nq x1a2a7pz x1sur9pj xkrqix3 x1fey0fg xo1l8bm\" tabindex=\"0\" role=\"link\" href=\"https:\/\/www.facebook.com\/hashtag\/tierradelosmaceo?__eep__=6&amp;__cft__[0]=AZXJAkMPEGRU05J1z_DsIz-QRI1aRHjJLPD_JBu75uFIlzUoZHmEJdb6t1X4nD_XBoK1PwN3V-_t1eor5GgyVfrkNDwToNtuwIa6t87RlKPU9iq2DNV6-9SBFV2_Ckn21oA&amp;__tn__=*NK-R\" target=\"_blank\" rel=\"noopener\">#TierraDeLosMaceo<\/a><\/span><\/div>\n<div dir=\"auto\"><span class=\"html-span xdj266r x11i5rnm xat24cr x1mh8g0r xexx8yu x4uap5 x18d9i69 xkhd6sd x1hl2dhg x16tdsg8 x1vvkbs\"><a class=\"x1i10hfl xjbqb8w x1ejq31n xd10rxx x1sy0etr x17r0tee x972fbf xcfux6l x1qhh985 xm0m39n x9f619 x1ypdohk xt0psk2 xe8uvvx xdj266r x11i5rnm xat24cr x1mh8g0r xexx8yu x4uap5 x18d9i69 xkhd6sd x16tdsg8 x1hl2dhg xggy1nq x1a2a7pz x1sur9pj xkrqix3 x1fey0fg xo1l8bm\" tabindex=\"0\" role=\"link\" href=\"https:\/\/www.facebook.com\/hashtag\/sanluis?__eep__=6&amp;__cft__[0]=AZXJAkMPEGRU05J1z_DsIz-QRI1aRHjJLPD_JBu75uFIlzUoZHmEJdb6t1X4nD_XBoK1PwN3V-_t1eor5GgyVfrkNDwToNtuwIa6t87RlKPU9iq2DNV6-9SBFV2_Ckn21oA&amp;__tn__=*NK-R\" target=\"_blank\" rel=\"noopener\">#SanLuis<\/a><\/span><\/div>\n<div dir=\"auto\"><span class=\"html-span xdj266r x11i5rnm xat24cr x1mh8g0r xexx8yu x4uap5 x18d9i69 xkhd6sd x1hl2dhg x16tdsg8 x1vvkbs\"><a class=\"x1i10hfl xjbqb8w x1ejq31n xd10rxx x1sy0etr x17r0tee x972fbf xcfux6l x1qhh985 xm0m39n x9f619 x1ypdohk xt0psk2 xe8uvvx xdj266r x11i5rnm xat24cr x1mh8g0r xexx8yu x4uap5 x18d9i69 xkhd6sd x16tdsg8 x1hl2dhg xggy1nq x1a2a7pz x1sur9pj xkrqix3 x1fey0fg xo1l8bm\" tabindex=\"0\" role=\"link\" href=\"https:\/\/www.facebook.com\/hashtag\/radiomajaguabo?__eep__=6&amp;__cft__[0]=AZXJAkMPEGRU05J1z_DsIz-QRI1aRHjJLPD_JBu75uFIlzUoZHmEJdb6t1X4nD_XBoK1PwN3V-_t1eor5GgyVfrkNDwToNtuwIa6t87RlKPU9iq2DNV6-9SBFV2_Ckn21oA&amp;__tn__=*NK-R\" target=\"_blank\" rel=\"noopener\">#radiomajaguabo<\/a><\/span><\/div>\n<div dir=\"auto\"><span class=\"html-span xdj266r x11i5rnm xat24cr x1mh8g0r xexx8yu x4uap5 x18d9i69 xkhd6sd x1hl2dhg x16tdsg8 x1vvkbs\"><a class=\"x1i10hfl xjbqb8w x1ejq31n xd10rxx x1sy0etr x17r0tee x972fbf xcfux6l x1qhh985 xm0m39n x9f619 x1ypdohk xt0psk2 xe8uvvx xdj266r x11i5rnm xat24cr x1mh8g0r xexx8yu x4uap5 x18d9i69 xkhd6sd x16tdsg8 x1hl2dhg xggy1nq x1a2a7pz x1sur9pj xkrqix3 x1fey0fg xo1l8bm\" tabindex=\"0\" role=\"link\" href=\"https:\/\/www.facebook.com\/hashtag\/santiagodecuba?__eep__=6&amp;__cft__[0]=AZXJAkMPEGRU05J1z_DsIz-QRI1aRHjJLPD_JBu75uFIlzUoZHmEJdb6t1X4nD_XBoK1PwN3V-_t1eor5GgyVfrkNDwToNtuwIa6t87RlKPU9iq2DNV6-9SBFV2_Ckn21oA&amp;__tn__=*NK-R\" target=\"_blank\" rel=\"noopener\">#SantiagodeCuba<\/a><\/span><\/div>\n<\/div>\n<\/div>\n<\/div>\n<\/div>\n<\/div>\n","protected":false},"excerpt":{"rendered":"<p>San Luis, Santiago de Cuba, jul. 4, 24._ Radialistas de todo el asentamiento sanluisero estar\u00e1n de pl\u00e1cemes el venidero 5<\/p>\n<div class='heateor_sss_sharing_container heateor_sss_vertical_sharing heateor_sss_bottom_sharing' style='width:44px;left: -10px;top: 100px;-webkit-box-shadow:none;box-shadow:none;' ><div class=\"heateor_sss_sharing_ul\"><a class=\"heateor_sss_amp heateor_sss_amp_facebook\" href=\"https:\/\/www.facebook.com\/sharer\/sharer.php?u=https%3A%2F%2Fwww.radiomajaguabo.icrt.cu%2Findex.php%3Frest_route%3D%252Fwp%252Fv2%252Fposts%252F8202\" title=\"Facebook\" rel=\"nofollow noopener\" target=\"_blank\"><amp-img src=\"https:\/\/www.radiomajaguabo.icrt.cu\/wp-content\/plugins\/sassy-social-share\/public\/..\/images\/amp\/facebook.svg\" width=\"40\" height=\"40\" alt=\"Facebook\" class=\"amp-wp-enforced-sizes\" style=\"width: 40px;\"><\/amp-img><\/a><a class=\"heateor_sss_amp heateor_sss_amp_linkedin\" href=\"https:\/\/www.linkedin.com\/sharing\/share-offsite\/?url=https%3A%2F%2Fwww.radiomajaguabo.icrt.cu%2Findex.php%3Frest_route%3D%252Fwp%252Fv2%252Fposts%252F8202\" title=\"Linkedin\" rel=\"nofollow noopener\" target=\"_blank\"><amp-img src=\"https:\/\/www.radiomajaguabo.icrt.cu\/wp-content\/plugins\/sassy-social-share\/public\/..\/images\/amp\/linkedin.svg\" width=\"40\" height=\"40\" alt=\"Linkedin\" class=\"amp-wp-enforced-sizes\" style=\"width: 40px;\"><\/amp-img><\/a><a class=\"heateor_sss_amp heateor_sss_amp_whatsapp\" href=\"https:\/\/api.whatsapp.com\/send?text=Radio%20Majaguabo%20-%20Emisora%20Radio%20Majaguabo%2C%20San%20Luis%2C%20Santiago%20de%20Cuba%2C%20Cuba%20https%3A%2F%2Fwww.radiomajaguabo.icrt.cu%2Findex.php%3Frest_route%3D%252Fwp%252Fv2%252Fposts%252F8202\" title=\"Whatsapp\" rel=\"nofollow noopener\" target=\"_blank\"><amp-img src=\"https:\/\/www.radiomajaguabo.icrt.cu\/wp-content\/plugins\/sassy-social-share\/public\/..\/images\/amp\/whatsapp.svg\" width=\"40\" height=\"40\" alt=\"Whatsapp\" class=\"amp-wp-enforced-sizes\" style=\"width: 40px;\"><\/amp-img><\/a><a class=\"heateor_sss_amp heateor_sss_amp_instagram\" href=\"https:\/\/www.instagram.com\/\" title=\"Instagram\" rel=\"nofollow noopener\" target=\"_blank\"><amp-img src=\"https:\/\/www.radiomajaguabo.icrt.cu\/wp-content\/plugins\/sassy-social-share\/public\/..\/images\/amp\/instagram.svg\" width=\"40\" height=\"40\" alt=\"Instagram\" class=\"amp-wp-enforced-sizes\" style=\"width: 40px;\"><\/amp-img><\/a><a class=\"heateor_sss_amp heateor_sss_amp_x\" href=\"https:\/\/twitter.com\/intent\/tweet?text=Radio%20Majaguabo%20-%20Emisora%20Radio%20Majaguabo%2C%20San%20Luis%2C%20Santiago%20de%20Cuba%2C%20Cuba&url=https%3A%2F%2Fwww.radiomajaguabo.icrt.cu%2Findex.php%3Frest_route%3D%252Fwp%252Fv2%252Fposts%252F8202\" title=\"X\" rel=\"nofollow noopener\" target=\"_blank\"><amp-img src=\"https:\/\/www.radiomajaguabo.icrt.cu\/wp-content\/plugins\/sassy-social-share\/public\/..\/images\/amp\/x.svg\" width=\"40\" height=\"40\" alt=\"X\" class=\"amp-wp-enforced-sizes\" style=\"width:40px;\"><\/amp-img><\/a><\/div><div class=\"heateorSssClear\"><\/div><\/div>","protected":false},"author":1,"featured_media":8210,"comment_status":"open","ping_status":"open","sticky":false,"template":"","format":"standard","meta":{"colormag_page_layout":"default_layout","footnotes":""},"categories":[6,9,10],"tags":[],"ppma_author":[37,2043],"class_list":["post-8202","post","type-post","status-publish","format-standard","has-post-thumbnail","hentry","category-cultura","category-historia","category-san-luis"],"authors":[{"term_id":37,"user_id":1,"is_guest":0,"slug":"alberterie","display_name":"Administrador","avatar_url":"https:\/\/secure.gravatar.com\/avatar\/c7c20c93c5f4c81e7a7dc9b02a42095ae8875c9af446129683aaa06faf7fd1f3?s=96&d=mm&r=g","author_category":"","user_url":"https:\/\/www.radiomajaguabo.icrt.cu","last_name":"Alberterie Rivero","first_name":"Pedro","job_title":"","description":""},{"term_id":2043,"user_id":19,"is_guest":0,"slug":"lisbet","display_name":"Lisbet R\u00edos Adame","avatar_url":"https:\/\/secure.gravatar.com\/avatar\/646d21af8c83f64a8773c323b6a01ba6ada2b9ff696769a8cca2d77e16c88b42?s=96&d=mm&r=g","author_category":"","user_url":"","last_name":"R\u00edos Adame","first_name":"Lisbet","job_title":"","description":""}],"amp_enabled":true,"_links":{"self":[{"href":"https:\/\/www.radiomajaguabo.icrt.cu\/index.php?rest_route=\/wp\/v2\/posts\/8202","targetHints":{"allow":["GET"]}}],"collection":[{"href":"https:\/\/www.radiomajaguabo.icrt.cu\/index.php?rest_route=\/wp\/v2\/posts"}],"about":[{"href":"https:\/\/www.radiomajaguabo.icrt.cu\/index.php?rest_route=\/wp\/v2\/types\/post"}],"author":[{"embeddable":true,"href":"https:\/\/www.radiomajaguabo.icrt.cu\/index.php?rest_route=\/wp\/v2\/users\/1"}],"replies":[{"embeddable":true,"href":"https:\/\/www.radiomajaguabo.icrt.cu\/index.php?rest_route=%2Fwp%2Fv2%2Fcomments&post=8202"}],"version-history":[{"count":2,"href":"https:\/\/www.radiomajaguabo.icrt.cu\/index.php?rest_route=\/wp\/v2\/posts\/8202\/revisions"}],"predecessor-version":[{"id":8236,"href":"https:\/\/www.radiomajaguabo.icrt.cu\/index.php?rest_route=\/wp\/v2\/posts\/8202\/revisions\/8236"}],"wp:featuredmedia":[{"embeddable":true,"href":"https:\/\/www.radiomajaguabo.icrt.cu\/index.php?rest_route=\/wp\/v2\/media\/8210"}],"wp:attachment":[{"href":"https:\/\/www.radiomajaguabo.icrt.cu\/index.php?rest_route=%2Fwp%2Fv2%2Fmedia&parent=8202"}],"wp:term":[{"taxonomy":"category","embeddable":true,"href":"https:\/\/www.radiomajaguabo.icrt.cu\/index.php?rest_route=%2Fwp%2Fv2%2Fcategories&post=8202"},{"taxonomy":"post_tag","embeddable":true,"href":"https:\/\/www.radiomajaguabo.icrt.cu\/index.php?rest_route=%2Fwp%2Fv2%2Ftags&post=8202"},{"taxonomy":"author","embeddable":true,"href":"https:\/\/www.radiomajaguabo.icrt.cu\/index.php?rest_route=%2Fwp%2Fv2%2Fppma_author&post=8202"}],"curies":[{"name":"wp","href":"https:\/\/api.w.org\/{rel}","templated":true}]}}