{"id":8200,"date":"2024-07-04T01:07:18","date_gmt":"2024-07-04T01:07:18","guid":{"rendered":"https:\/\/www.radiomajaguabo.icrt.cu\/?p=8200"},"modified":"2024-07-04T01:07:18","modified_gmt":"2024-07-04T01:07:18","slug":"aviso-de-ciclon-tropical","status":"publish","type":"post","link":"https:\/\/www.radiomajaguabo.icrt.cu\/?p=8200","title":{"rendered":"AVISO DE CICL\u00d3N TROPICAL"},"content":{"rendered":"<p align=\"left\"><b>CENTRO DE PRON\u00d3STICOS, INSMET.<br \/>\nFecha: 3 de julio de 2024. Hora: 6:00 pm.<br \/>\n<\/b><\/p>\n<p align=\"justify\">AVISO DE CICL\u00d3N TROPICAL No.9.<\/p>\n<p>HURAC\u00c1N BERYL.<\/p>\n<p><span style=\"color: #003d6c;\"><i>&#8230;Beryl cruza muy pr\u00f3ximo a la costa sur de Jamaica&#8230;<\/p>\n<p><\/i><\/span>Durante la tarde, el hurac\u00e1n Beryl ha continuado su movimiento r\u00e1pido al oeste noroeste, con una velocidad de traslaci\u00f3n de 31 kil\u00f3metros por hora, desplaz\u00e1ndose muy pr\u00f3ximo a la costa sur de Jamaica. Durante las \u00faltimas horas ha continuado debilit\u00e1ndose y ahora tiene vientos m\u00e1ximos sostenidos de 220 kil\u00f3metros por hora, con rachas superiores, una presi\u00f3n m\u00ednima que ha ascendido hasta 959 hectopascal, por lo que contin\u00faa siendo un intenso hurac\u00e1n categor\u00eda cuatro en la escala Saffir-Simpson de un m\u00e1ximo de cinco.<\/p>\n<p>El centro del hurac\u00e1n Beryl fue estimado a las seis de la tarde en los 17.6 grados de latitud norte y los 77.9 grados de longitud oeste, posici\u00f3n que lo sit\u00faa a unos 120 kil\u00f3metros al oeste suroeste de Kingston y a unos 415 kil\u00f3metros al este sudeste de la isla Caim\u00e1n Grande.<\/p>\n<p>En las pr\u00f3ximas 12 a 24 horas Beryl continuar\u00e1 movi\u00e9ndose con similar rumbo, disminuyendo algo su velocidad de traslaci\u00f3n, movi\u00e9ndose paralelamente a la costa sur de Jamaica, para cruzar posteriormente por los mares al sur de las islas Caim\u00e1n durante la pr\u00f3xima madrugada y la ma\u00f1ana, con tendencia al debilitamiento gradual, aunque se mantendr\u00e1 como hurac\u00e1n de gran intensidad durante este per\u00edodo.<\/p>\n<p>Con esta trayectoria por los mares al sur de Cuba disminuir\u00e1n gradualmente la fuerza de los vientos en la regi\u00f3n oriental, los que a\u00fan ser\u00e1n del este con velocidades entre 25 y 40 kil\u00f3metros por hora con rachas superiores. A partir de la madrugada y durante la ma\u00f1ana del jueves se incrementar\u00e1 la fuerza de los vientos en el centro y el occidente de Cuba, donde soplar\u00e1n con velocidades entre 20 y 35 kil\u00f3metros por hora, los que llegar\u00e1n a 40 kil\u00f3metros por hora con rachas superiores, principalmente en la Isla de la Juventud y el extremo oeste de Pinar del R\u00edo.<\/p>\n<p>En la regi\u00f3n oriental las lluvias disminuir\u00e1n desde la madrugada y en la tarde habr\u00e1 aislados chubascos, mientras que en las regiones central y occidental las bandas externas de lluvias ocasionar\u00e1n desde la madrugada chubascos y lluvias a intervalos, as\u00ed como algunas tormentas el\u00e9ctricas, que pueden ser fuertes en algunas localidades. Las marejadas en ambas costas de la regi\u00f3n oriental, disminuir\u00e1n gradualmente a oleaje durante el d\u00eda de ma\u00f1ana. Desde la madrugada se iniciar\u00e1n fuertes marejadas en los mares al sur de las regiones central y occidental, principalmente en el sur del archipi\u00e9lago de los Canarreos, la isla de la Juventud y el extremo occidental de Cuba, con inundaciones costeras ligeras en zonas bajas de este litoral.<\/p>\n<p>El pr\u00f3ximo aviso de cicl\u00f3n tropical sobre este sistema se emitir\u00e1 a las seis de la ma\u00f1ana del jueves.<\/p>\n","protected":false},"excerpt":{"rendered":"<p>CENTRO DE PRON\u00d3STICOS, INSMET. Fecha: 3 de julio de 2024. Hora: 6:00 pm. AVISO DE CICL\u00d3N TROPICAL No.9. HURAC\u00c1N BERYL.<\/p>\n<div class='heateor_sss_sharing_container heateor_sss_vertical_sharing heateor_sss_bottom_sharing' style='width:44px;left: -10px;top: 100px;-webkit-box-shadow:none;box-shadow:none;' ><div class=\"heateor_sss_sharing_ul\"><a class=\"heateor_sss_amp heateor_sss_amp_facebook\" href=\"https:\/\/www.facebook.com\/sharer\/sharer.php?u=https%3A%2F%2Fwww.radiomajaguabo.icrt.cu%2Findex.php%3Frest_route%3D%252Fwp%252Fv2%252Fposts%252F8200\" title=\"Facebook\" rel=\"nofollow noopener\" target=\"_blank\"><amp-img src=\"https:\/\/www.radiomajaguabo.icrt.cu\/wp-content\/plugins\/sassy-social-share\/public\/..\/images\/amp\/facebook.svg\" width=\"40\" height=\"40\" alt=\"Facebook\" class=\"amp-wp-enforced-sizes\" style=\"width: 40px;\"><\/amp-img><\/a><a class=\"heateor_sss_amp heateor_sss_amp_linkedin\" href=\"https:\/\/www.linkedin.com\/sharing\/share-offsite\/?url=https%3A%2F%2Fwww.radiomajaguabo.icrt.cu%2Findex.php%3Frest_route%3D%252Fwp%252Fv2%252Fposts%252F8200\" title=\"Linkedin\" rel=\"nofollow noopener\" target=\"_blank\"><amp-img src=\"https:\/\/www.radiomajaguabo.icrt.cu\/wp-content\/plugins\/sassy-social-share\/public\/..\/images\/amp\/linkedin.svg\" width=\"40\" height=\"40\" alt=\"Linkedin\" class=\"amp-wp-enforced-sizes\" style=\"width: 40px;\"><\/amp-img><\/a><a class=\"heateor_sss_amp heateor_sss_amp_whatsapp\" href=\"https:\/\/api.whatsapp.com\/send?text=Radio%20Majaguabo%20-%20Emisora%20Radio%20Majaguabo%2C%20San%20Luis%2C%20Santiago%20de%20Cuba%2C%20Cuba%20https%3A%2F%2Fwww.radiomajaguabo.icrt.cu%2Findex.php%3Frest_route%3D%252Fwp%252Fv2%252Fposts%252F8200\" title=\"Whatsapp\" rel=\"nofollow noopener\" target=\"_blank\"><amp-img src=\"https:\/\/www.radiomajaguabo.icrt.cu\/wp-content\/plugins\/sassy-social-share\/public\/..\/images\/amp\/whatsapp.svg\" width=\"40\" height=\"40\" alt=\"Whatsapp\" class=\"amp-wp-enforced-sizes\" style=\"width: 40px;\"><\/amp-img><\/a><a class=\"heateor_sss_amp heateor_sss_amp_instagram\" href=\"https:\/\/www.instagram.com\/\" title=\"Instagram\" rel=\"nofollow noopener\" target=\"_blank\"><amp-img src=\"https:\/\/www.radiomajaguabo.icrt.cu\/wp-content\/plugins\/sassy-social-share\/public\/..\/images\/amp\/instagram.svg\" width=\"40\" height=\"40\" alt=\"Instagram\" class=\"amp-wp-enforced-sizes\" style=\"width: 40px;\"><\/amp-img><\/a><a class=\"heateor_sss_amp heateor_sss_amp_x\" href=\"https:\/\/twitter.com\/intent\/tweet?text=Radio%20Majaguabo%20-%20Emisora%20Radio%20Majaguabo%2C%20San%20Luis%2C%20Santiago%20de%20Cuba%2C%20Cuba&url=https%3A%2F%2Fwww.radiomajaguabo.icrt.cu%2Findex.php%3Frest_route%3D%252Fwp%252Fv2%252Fposts%252F8200\" title=\"X\" rel=\"nofollow noopener\" target=\"_blank\"><amp-img src=\"https:\/\/www.radiomajaguabo.icrt.cu\/wp-content\/plugins\/sassy-social-share\/public\/..\/images\/amp\/x.svg\" width=\"40\" height=\"40\" alt=\"X\" class=\"amp-wp-enforced-sizes\" style=\"width:40px;\"><\/amp-img><\/a><\/div><div class=\"heateorSssClear\"><\/div><\/div>","protected":false},"author":1,"featured_media":8204,"comment_status":"open","ping_status":"open","sticky":false,"template":"","format":"standard","meta":{"colormag_page_layout":"default_layout","footnotes":""},"categories":[6,9,10],"tags":[],"ppma_author":[37],"class_list":["post-8200","post","type-post","status-publish","format-standard","has-post-thumbnail","hentry","category-cultura","category-historia","category-san-luis"],"authors":[{"term_id":37,"user_id":1,"is_guest":0,"slug":"alberterie","display_name":"Administrador","avatar_url":"https:\/\/secure.gravatar.com\/avatar\/c7c20c93c5f4c81e7a7dc9b02a42095ae8875c9af446129683aaa06faf7fd1f3?s=96&d=mm&r=g","author_category":"","user_url":"https:\/\/www.radiomajaguabo.icrt.cu","last_name":"Alberterie Rivero","first_name":"Pedro","job_title":"","description":""}],"amp_enabled":true,"_links":{"self":[{"href":"https:\/\/www.radiomajaguabo.icrt.cu\/index.php?rest_route=\/wp\/v2\/posts\/8200","targetHints":{"allow":["GET"]}}],"collection":[{"href":"https:\/\/www.radiomajaguabo.icrt.cu\/index.php?rest_route=\/wp\/v2\/posts"}],"about":[{"href":"https:\/\/www.radiomajaguabo.icrt.cu\/index.php?rest_route=\/wp\/v2\/types\/post"}],"author":[{"embeddable":true,"href":"https:\/\/www.radiomajaguabo.icrt.cu\/index.php?rest_route=\/wp\/v2\/users\/1"}],"replies":[{"embeddable":true,"href":"https:\/\/www.radiomajaguabo.icrt.cu\/index.php?rest_route=%2Fwp%2Fv2%2Fcomments&post=8200"}],"version-history":[{"count":1,"href":"https:\/\/www.radiomajaguabo.icrt.cu\/index.php?rest_route=\/wp\/v2\/posts\/8200\/revisions"}],"predecessor-version":[{"id":8205,"href":"https:\/\/www.radiomajaguabo.icrt.cu\/index.php?rest_route=\/wp\/v2\/posts\/8200\/revisions\/8205"}],"wp:featuredmedia":[{"embeddable":true,"href":"https:\/\/www.radiomajaguabo.icrt.cu\/index.php?rest_route=\/wp\/v2\/media\/8204"}],"wp:attachment":[{"href":"https:\/\/www.radiomajaguabo.icrt.cu\/index.php?rest_route=%2Fwp%2Fv2%2Fmedia&parent=8200"}],"wp:term":[{"taxonomy":"category","embeddable":true,"href":"https:\/\/www.radiomajaguabo.icrt.cu\/index.php?rest_route=%2Fwp%2Fv2%2Fcategories&post=8200"},{"taxonomy":"post_tag","embeddable":true,"href":"https:\/\/www.radiomajaguabo.icrt.cu\/index.php?rest_route=%2Fwp%2Fv2%2Ftags&post=8200"},{"taxonomy":"author","embeddable":true,"href":"https:\/\/www.radiomajaguabo.icrt.cu\/index.php?rest_route=%2Fwp%2Fv2%2Fppma_author&post=8200"}],"curies":[{"name":"wp","href":"https:\/\/api.w.org\/{rel}","templated":true}]}}