{"id":8154,"date":"2024-06-28T10:35:18","date_gmt":"2024-06-28T10:35:18","guid":{"rendered":"https:\/\/www.radiomajaguabo.icrt.cu\/?p=8154"},"modified":"2024-06-28T01:47:29","modified_gmt":"2024-06-28T01:47:29","slug":"participa-empresa-agroforestal-san-luis-en-expo-caribe-2024","status":"publish","type":"post","link":"https:\/\/www.radiomajaguabo.icrt.cu\/?p=8154","title":{"rendered":"Participa Empresa Agroforestal San Luis en Expo Caribe 2024"},"content":{"rendered":"<p><strong>San Luis, Santiago de Cuba, jun. 28, 24. _ <\/strong>La Empresa Agroforestal San Luis, perteneciente a este territorio, muestra sus posibilidades de expandirse en la Feria Expo Caribe 2024, con sede en Santiago de Cuba.<!--more--><\/p>\n<p>Expo Caribe 2024, es la plataforma de negocios ideal y una excelente oportunidad para mostrar las potencialidades de este territorio y productos con posibilidades de ser exportados a otros mercados del mundo, considera Elsy Mar\u00eda Rivero Gonz\u00e1lez, Especialista principal del Departamento de Desarrollo de la Empresa Agroforestal del municipio.<\/p>\n<p><img loading=\"lazy\" decoding=\"async\" class=\" wp-image-8156 aligncenter\" src=\"https:\/\/www.radiomajaguabo.icrt.cu\/wp-content\/uploads\/2024\/06\/san_luis_expo_caribe_2024_1-300x225.jpg\" alt=\"\" width=\"501\" height=\"376\" srcset=\"https:\/\/www.radiomajaguabo.icrt.cu\/wp-content\/uploads\/2024\/06\/san_luis_expo_caribe_2024_1-300x225.jpg 300w, https:\/\/www.radiomajaguabo.icrt.cu\/wp-content\/uploads\/2024\/06\/san_luis_expo_caribe_2024_1.jpg 640w\" sizes=\"auto, (max-width: 501px) 100vw, 501px\" \/><\/p>\n<p>En un stand ubicado en el Teatro Heredia, que acoge la cita de negocios en la urbe santiaguera, esta entidad muestra producciones que llaman mucho la atenci\u00f3n.<\/p>\n<p><img loading=\"lazy\" decoding=\"async\" class=\" wp-image-8159 aligncenter\" src=\"https:\/\/www.radiomajaguabo.icrt.cu\/wp-content\/uploads\/2024\/06\/san_luis_expo_caribe_2024_4-300x225.jpg\" alt=\"\" width=\"500\" height=\"375\" srcset=\"https:\/\/www.radiomajaguabo.icrt.cu\/wp-content\/uploads\/2024\/06\/san_luis_expo_caribe_2024_4-300x225.jpg 300w, https:\/\/www.radiomajaguabo.icrt.cu\/wp-content\/uploads\/2024\/06\/san_luis_expo_caribe_2024_4.jpg 640w\" sizes=\"auto, (max-width: 500px) 100vw, 500px\" \/><\/p>\n<p>\u00abTenemos aqu\u00ed frutas de Roberto Montero, de la Cooperativa de Producci\u00f3n Agropecuaria (CPA) Niceto P\u00e9rez de la comunidad monta\u00f1osa de la Estrella, pi\u00f1as de la sanluisera Ermis Caraballo, frutabombas de Yorgendris Calder\u00f3n de la zona del Alambre, maracuy\u00e1 de Juan Mart\u00ednez Cobos en Chile, posturas de caf\u00e9 y miel del productor Frank Maikel de la Cooperativa de Cr\u00e9ditos y Servicios (CCS) Mario Mu\u00f1oz de La Cristina, caf\u00e9 de La Caoba, carb\u00f3n vegetal, o sea una representaci\u00f3n de todo San Luis y productores de excelencia\u00bb, dice la m\u00e1ster en ciencias.<\/p>\n<p><img loading=\"lazy\" decoding=\"async\" class=\" wp-image-8157 aligncenter\" src=\"https:\/\/www.radiomajaguabo.icrt.cu\/wp-content\/uploads\/2024\/06\/san_luis_expo_caribe_2024_2-283x300.jpg\" alt=\"\" width=\"437\" height=\"463\" srcset=\"https:\/\/www.radiomajaguabo.icrt.cu\/wp-content\/uploads\/2024\/06\/san_luis_expo_caribe_2024_2-283x300.jpg 283w, https:\/\/www.radiomajaguabo.icrt.cu\/wp-content\/uploads\/2024\/06\/san_luis_expo_caribe_2024_2.jpg 480w\" sizes=\"auto, (max-width: 437px) 100vw, 437px\" \/><\/p>\n<p>Ya hemos intercambiado con empresarios de Panam\u00e1, Portugal, M\u00e9xico y otras naciones y provincias del pa\u00eds, acot\u00f3.<\/p>\n<p>Reconocida oficialmente por la Asociaci\u00f3n de Ferias Internacionales de Am\u00e9rica (Afida), Expo Caribe es la segunda bolsa comercial en Cuba, despu\u00e9s de la de La Habana, y en cada una sus ediciones han reverenciado acontecimientos importantes en la integraci\u00f3n de los pa\u00edses caribe\u00f1os.<\/p>\n<p>Esta oportunidad es aprovechada por la Empresa Agroforestal San Luis y otras entidades y actores econ\u00f3micos del municipio, para mostrar las potencialidades reales que tiene productiva y socialmente este suroriental territorio.<\/p>\n","protected":false},"excerpt":{"rendered":"<p>San Luis, Santiago de Cuba, jun. 28, 24. _ La Empresa Agroforestal San Luis, perteneciente a este territorio, muestra sus<\/p>\n<div class='heateor_sss_sharing_container heateor_sss_vertical_sharing heateor_sss_bottom_sharing' style='width:44px;left: -10px;top: 100px;-webkit-box-shadow:none;box-shadow:none;' ><div class=\"heateor_sss_sharing_ul\"><a class=\"heateor_sss_amp heateor_sss_amp_facebook\" href=\"https:\/\/www.facebook.com\/sharer\/sharer.php?u=https%3A%2F%2Fwww.radiomajaguabo.icrt.cu%2Findex.php%3Frest_route%3D%252Fwp%252Fv2%252Fposts%252F8154\" title=\"Facebook\" rel=\"nofollow noopener\" target=\"_blank\"><amp-img src=\"https:\/\/www.radiomajaguabo.icrt.cu\/wp-content\/plugins\/sassy-social-share\/public\/..\/images\/amp\/facebook.svg\" width=\"40\" height=\"40\" alt=\"Facebook\" class=\"amp-wp-enforced-sizes\" style=\"width: 40px;\"><\/amp-img><\/a><a class=\"heateor_sss_amp heateor_sss_amp_linkedin\" href=\"https:\/\/www.linkedin.com\/sharing\/share-offsite\/?url=https%3A%2F%2Fwww.radiomajaguabo.icrt.cu%2Findex.php%3Frest_route%3D%252Fwp%252Fv2%252Fposts%252F8154\" title=\"Linkedin\" rel=\"nofollow noopener\" target=\"_blank\"><amp-img src=\"https:\/\/www.radiomajaguabo.icrt.cu\/wp-content\/plugins\/sassy-social-share\/public\/..\/images\/amp\/linkedin.svg\" width=\"40\" height=\"40\" alt=\"Linkedin\" class=\"amp-wp-enforced-sizes\" style=\"width: 40px;\"><\/amp-img><\/a><a class=\"heateor_sss_amp heateor_sss_amp_whatsapp\" href=\"https:\/\/api.whatsapp.com\/send?text=Radio%20Majaguabo%20-%20Emisora%20Radio%20Majaguabo%2C%20San%20Luis%2C%20Santiago%20de%20Cuba%2C%20Cuba%20https%3A%2F%2Fwww.radiomajaguabo.icrt.cu%2Findex.php%3Frest_route%3D%252Fwp%252Fv2%252Fposts%252F8154\" title=\"Whatsapp\" rel=\"nofollow noopener\" target=\"_blank\"><amp-img src=\"https:\/\/www.radiomajaguabo.icrt.cu\/wp-content\/plugins\/sassy-social-share\/public\/..\/images\/amp\/whatsapp.svg\" width=\"40\" height=\"40\" alt=\"Whatsapp\" class=\"amp-wp-enforced-sizes\" style=\"width: 40px;\"><\/amp-img><\/a><a class=\"heateor_sss_amp heateor_sss_amp_instagram\" href=\"https:\/\/www.instagram.com\/\" title=\"Instagram\" rel=\"nofollow noopener\" target=\"_blank\"><amp-img src=\"https:\/\/www.radiomajaguabo.icrt.cu\/wp-content\/plugins\/sassy-social-share\/public\/..\/images\/amp\/instagram.svg\" width=\"40\" height=\"40\" alt=\"Instagram\" class=\"amp-wp-enforced-sizes\" style=\"width: 40px;\"><\/amp-img><\/a><a class=\"heateor_sss_amp heateor_sss_amp_x\" href=\"https:\/\/twitter.com\/intent\/tweet?text=Radio%20Majaguabo%20-%20Emisora%20Radio%20Majaguabo%2C%20San%20Luis%2C%20Santiago%20de%20Cuba%2C%20Cuba&url=https%3A%2F%2Fwww.radiomajaguabo.icrt.cu%2Findex.php%3Frest_route%3D%252Fwp%252Fv2%252Fposts%252F8154\" title=\"X\" rel=\"nofollow noopener\" target=\"_blank\"><amp-img src=\"https:\/\/www.radiomajaguabo.icrt.cu\/wp-content\/plugins\/sassy-social-share\/public\/..\/images\/amp\/x.svg\" width=\"40\" height=\"40\" alt=\"X\" class=\"amp-wp-enforced-sizes\" style=\"width:40px;\"><\/amp-img><\/a><\/div><div class=\"heateorSssClear\"><\/div><\/div>","protected":false},"author":1,"featured_media":8158,"comment_status":"open","ping_status":"open","sticky":false,"template":"","format":"standard","meta":{"colormag_page_layout":"default_layout","footnotes":""},"categories":[6,9,8,10],"tags":[],"ppma_author":[37,299],"class_list":["post-8154","post","type-post","status-publish","format-standard","has-post-thumbnail","hentry","category-cultura","category-historia","category-nacionales","category-san-luis"],"authors":[{"term_id":37,"user_id":1,"is_guest":0,"slug":"alberterie","display_name":"Administrador","avatar_url":"https:\/\/secure.gravatar.com\/avatar\/c7c20c93c5f4c81e7a7dc9b02a42095ae8875c9af446129683aaa06faf7fd1f3?s=96&d=mm&r=g","author_category":"","user_url":"https:\/\/www.radiomajaguabo.icrt.cu","last_name":"Alberterie Rivero","first_name":"Pedro","job_title":"","description":""},{"term_id":299,"user_id":6,"is_guest":0,"slug":"yaniuska","display_name":"Yaniuska P\u00e9rez Verdecia","avatar_url":"https:\/\/secure.gravatar.com\/avatar\/a6d7e51e5ccf0210b8c939b21a0b37dca410372954868b8ff5b8e51c07cf1a6e?s=96&d=mm&r=g","author_category":"","user_url":"","last_name":"P\u00e9rez Verdecia","first_name":"Yaniuska","job_title":"","description":""}],"amp_enabled":true,"_links":{"self":[{"href":"https:\/\/www.radiomajaguabo.icrt.cu\/index.php?rest_route=\/wp\/v2\/posts\/8154","targetHints":{"allow":["GET"]}}],"collection":[{"href":"https:\/\/www.radiomajaguabo.icrt.cu\/index.php?rest_route=\/wp\/v2\/posts"}],"about":[{"href":"https:\/\/www.radiomajaguabo.icrt.cu\/index.php?rest_route=\/wp\/v2\/types\/post"}],"author":[{"embeddable":true,"href":"https:\/\/www.radiomajaguabo.icrt.cu\/index.php?rest_route=\/wp\/v2\/users\/1"}],"replies":[{"embeddable":true,"href":"https:\/\/www.radiomajaguabo.icrt.cu\/index.php?rest_route=%2Fwp%2Fv2%2Fcomments&post=8154"}],"version-history":[{"count":2,"href":"https:\/\/www.radiomajaguabo.icrt.cu\/index.php?rest_route=\/wp\/v2\/posts\/8154\/revisions"}],"predecessor-version":[{"id":8163,"href":"https:\/\/www.radiomajaguabo.icrt.cu\/index.php?rest_route=\/wp\/v2\/posts\/8154\/revisions\/8163"}],"wp:featuredmedia":[{"embeddable":true,"href":"https:\/\/www.radiomajaguabo.icrt.cu\/index.php?rest_route=\/wp\/v2\/media\/8158"}],"wp:attachment":[{"href":"https:\/\/www.radiomajaguabo.icrt.cu\/index.php?rest_route=%2Fwp%2Fv2%2Fmedia&parent=8154"}],"wp:term":[{"taxonomy":"category","embeddable":true,"href":"https:\/\/www.radiomajaguabo.icrt.cu\/index.php?rest_route=%2Fwp%2Fv2%2Fcategories&post=8154"},{"taxonomy":"post_tag","embeddable":true,"href":"https:\/\/www.radiomajaguabo.icrt.cu\/index.php?rest_route=%2Fwp%2Fv2%2Ftags&post=8154"},{"taxonomy":"author","embeddable":true,"href":"https:\/\/www.radiomajaguabo.icrt.cu\/index.php?rest_route=%2Fwp%2Fv2%2Fppma_author&post=8154"}],"curies":[{"name":"wp","href":"https:\/\/api.w.org\/{rel}","templated":true}]}}