{"id":815,"date":"2022-11-17T15:52:46","date_gmt":"2022-11-17T15:52:46","guid":{"rendered":"https:\/\/www.radiomajaguabo.icrt.cu\/?p=815"},"modified":"2022-11-17T15:55:26","modified_gmt":"2022-11-17T15:55:26","slug":"estudiantes-sanluiseros-festejan-su-dia-con-actividades-de-impacto-social","status":"publish","type":"post","link":"https:\/\/www.radiomajaguabo.icrt.cu\/?p=815","title":{"rendered":"Estudiantes sanluiseros festejan su d\u00eda con actividades de impacto social"},"content":{"rendered":"<div class=\"\" dir=\"auto\">\n<div id=\"jsc_c_86k\" class=\"x1iorvi4 x1pi30zi x1l90r2v x1swvt13\" data-ad-comet-preview=\"message\" data-ad-preview=\"message\">\n<div class=\"x78zum5 xdt5ytf xz62fqu x16ldp7u\">\n<div class=\"xu06os2 x1ok221b\">\n<div class=\"xdj266r x11i5rnm xat24cr x1mh8g0r x1vvkbs x126k92a\">\n<div dir=\"auto\"><strong>San Luis, nov. 17, 22._<\/strong> Con una actividad de impacto comunitario en el Centro Urbano Capit\u00e1n San Luis, de este territorio, y con vistas a las elecciones generales del pr\u00f3ximo 27 de Noviembre, estudiantes sanluiseros comenzaron las actividades en saludo a su d\u00eda.<\/div>\n<div dir=\"auto\"><\/div>\n<div dir=\"auto\"><\/div>\n<\/div>\n<\/div>\n<div dir=\"auto\"><\/div>\n<div dir=\"auto\"><img loading=\"lazy\" decoding=\"async\" class=\" wp-image-816 aligncenter\" src=\"https:\/\/www.radiomajaguabo.icrt.cu\/wp-content\/uploads\/2022\/11\/17denov.1-300x169.jpg\" alt=\"\" width=\"479\" height=\"270\" srcset=\"https:\/\/www.radiomajaguabo.icrt.cu\/wp-content\/uploads\/2022\/11\/17denov.1-300x169.jpg 300w, https:\/\/www.radiomajaguabo.icrt.cu\/wp-content\/uploads\/2022\/11\/17denov.1-1024x576.jpg 1024w, https:\/\/www.radiomajaguabo.icrt.cu\/wp-content\/uploads\/2022\/11\/17denov.1-768x432.jpg 768w, https:\/\/www.radiomajaguabo.icrt.cu\/wp-content\/uploads\/2022\/11\/17denov.1.jpg 1536w\" sizes=\"auto, (max-width: 479px) 100vw, 479px\" \/><\/div>\n<\/div>\n<\/div>\n<\/div>\n<div dir=\"auto\"><\/div>\n<div dir=\"auto\"><\/div>\n<div class=\"\" dir=\"auto\">\n<div id=\"jsc_c_86k\" class=\"x1iorvi4 x1pi30zi x1l90r2v x1swvt13\" data-ad-comet-preview=\"message\" data-ad-preview=\"message\">\n<div class=\"x78zum5 xdt5ytf xz62fqu x16ldp7u\">\n<div dir=\"auto\"><img loading=\"lazy\" decoding=\"async\" class=\" wp-image-818 aligncenter\" src=\"https:\/\/www.radiomajaguabo.icrt.cu\/wp-content\/uploads\/2022\/11\/17denov.3-300x225.jpg\" alt=\"\" width=\"481\" height=\"361\" srcset=\"https:\/\/www.radiomajaguabo.icrt.cu\/wp-content\/uploads\/2022\/11\/17denov.3-300x225.jpg 300w, https:\/\/www.radiomajaguabo.icrt.cu\/wp-content\/uploads\/2022\/11\/17denov.3-768x576.jpg 768w, https:\/\/www.radiomajaguabo.icrt.cu\/wp-content\/uploads\/2022\/11\/17denov.3.jpg 960w\" sizes=\"auto, (max-width: 481px) 100vw, 481px\" \/><\/div>\n<\/div>\n<\/div>\n<\/div>\n<div dir=\"auto\"><\/div>\n<div dir=\"auto\"><\/div>\n<div class=\"\" dir=\"auto\">\n<div id=\"jsc_c_86k\" class=\"x1iorvi4 x1pi30zi x1l90r2v x1swvt13\" data-ad-comet-preview=\"message\" data-ad-preview=\"message\">\n<div class=\"x78zum5 xdt5ytf xz62fqu x16ldp7u\">\n<div dir=\"auto\"><img loading=\"lazy\" decoding=\"async\" class=\" wp-image-820 aligncenter\" src=\"https:\/\/www.radiomajaguabo.icrt.cu\/wp-content\/uploads\/2022\/11\/17denov.5-300x225.jpg\" alt=\"\" width=\"484\" height=\"363\" srcset=\"https:\/\/www.radiomajaguabo.icrt.cu\/wp-content\/uploads\/2022\/11\/17denov.5-300x225.jpg 300w, https:\/\/www.radiomajaguabo.icrt.cu\/wp-content\/uploads\/2022\/11\/17denov.5-768x576.jpg 768w, https:\/\/www.radiomajaguabo.icrt.cu\/wp-content\/uploads\/2022\/11\/17denov.5.jpg 960w\" sizes=\"auto, (max-width: 484px) 100vw, 484px\" \/><\/div>\n<div class=\"xu06os2 x1ok221b\">\n<div class=\"xdj266r x11i5rnm xat24cr x1mh8g0r x1vvkbs x126k92a\">\n<div dir=\"auto\"><\/div>\n<\/div>\n<div class=\"x11i5rnm xat24cr x1mh8g0r x1vvkbs xtlvy1s x126k92a\">\n<div dir=\"auto\">Desde horas de la ma\u00f1ana del mi\u00e9rcoles 16, una representaci\u00f3n de estudiantes realiz\u00f3 dis\u00edmeles actividades, dentro de ellas, un <strong>casa a casa<\/strong> en la comunidad Capit\u00e1n San Luis, con el objetivo de ofrecerle al pueblo informaci\u00f3n sobre las elecciones.<\/div>\n<div dir=\"auto\"><\/div>\n<div dir=\"auto\"><img loading=\"lazy\" decoding=\"async\" class=\" wp-image-817 aligncenter\" src=\"https:\/\/www.radiomajaguabo.icrt.cu\/wp-content\/uploads\/2022\/11\/17denov.2-225x300.jpg\" alt=\"\" width=\"420\" height=\"560\" srcset=\"https:\/\/www.radiomajaguabo.icrt.cu\/wp-content\/uploads\/2022\/11\/17denov.2-225x300.jpg 225w, https:\/\/www.radiomajaguabo.icrt.cu\/wp-content\/uploads\/2022\/11\/17denov.2.jpg 720w\" sizes=\"auto, (max-width: 420px) 100vw, 420px\" \/><\/div>\n<div dir=\"auto\"><\/div>\n<div dir=\"auto\">Actividades culturales y deportivas se sumaron desde la sede del Polit\u00e9cnico Andr\u00e9s Vald\u00e9s Fuentes, lugar que acogi\u00f3 a los j\u00f3venes, donde adem\u00e1s, realizaron una gala pol\u00edtico &#8211; cultural, esperando las 12 de la noche, en festejo a la fecha.<\/div>\n<\/div>\n<div class=\"x11i5rnm xat24cr x1mh8g0r x1vvkbs xtlvy1s x126k92a\">\n<div dir=\"auto\"><\/div>\n<\/div>\n<div class=\"x11i5rnm xat24cr x1mh8g0r x1vvkbs xtlvy1s x126k92a\">\n<div dir=\"auto\">En horas de la ma\u00f1ana de este jueves 17, se trasladaron hasta el Polo Productivo El Alambre, para desarrollar un masivo trabajo voluntario, como principal actividad.<\/div>\n<\/div>\n<\/div>\n<\/div>\n<\/div>\n<\/div>\n<p>&nbsp;<\/p>\n<p>&nbsp;<\/p>\n<p>&nbsp;<\/p>\n","protected":false},"excerpt":{"rendered":"<p>San Luis, nov. 17, 22._ Con una actividad de impacto comunitario en el Centro Urbano Capit\u00e1n San Luis, de este<\/p>\n<div class='heateor_sss_sharing_container heateor_sss_vertical_sharing heateor_sss_bottom_sharing' style='width:44px;left: -10px;top: 100px;-webkit-box-shadow:none;box-shadow:none;' ><div class=\"heateor_sss_sharing_ul\"><a class=\"heateor_sss_amp heateor_sss_amp_facebook\" href=\"https:\/\/www.facebook.com\/sharer\/sharer.php?u=https%3A%2F%2Fwww.radiomajaguabo.icrt.cu%2Findex.php%3Frest_route%3D%252Fwp%252Fv2%252Fposts%252F815\" title=\"Facebook\" rel=\"nofollow noopener\" target=\"_blank\"><amp-img src=\"https:\/\/www.radiomajaguabo.icrt.cu\/wp-content\/plugins\/sassy-social-share\/public\/..\/images\/amp\/facebook.svg\" width=\"40\" height=\"40\" alt=\"Facebook\" class=\"amp-wp-enforced-sizes\" style=\"width: 40px;\"><\/amp-img><\/a><a class=\"heateor_sss_amp heateor_sss_amp_linkedin\" href=\"https:\/\/www.linkedin.com\/sharing\/share-offsite\/?url=https%3A%2F%2Fwww.radiomajaguabo.icrt.cu%2Findex.php%3Frest_route%3D%252Fwp%252Fv2%252Fposts%252F815\" title=\"Linkedin\" rel=\"nofollow noopener\" target=\"_blank\"><amp-img src=\"https:\/\/www.radiomajaguabo.icrt.cu\/wp-content\/plugins\/sassy-social-share\/public\/..\/images\/amp\/linkedin.svg\" width=\"40\" height=\"40\" alt=\"Linkedin\" class=\"amp-wp-enforced-sizes\" style=\"width: 40px;\"><\/amp-img><\/a><a class=\"heateor_sss_amp heateor_sss_amp_whatsapp\" href=\"https:\/\/api.whatsapp.com\/send?text=Radio%20Majaguabo%20-%20Emisora%20Radio%20Majaguabo%2C%20San%20Luis%2C%20Santiago%20de%20Cuba%2C%20Cuba%20https%3A%2F%2Fwww.radiomajaguabo.icrt.cu%2Findex.php%3Frest_route%3D%252Fwp%252Fv2%252Fposts%252F815\" title=\"Whatsapp\" rel=\"nofollow noopener\" target=\"_blank\"><amp-img src=\"https:\/\/www.radiomajaguabo.icrt.cu\/wp-content\/plugins\/sassy-social-share\/public\/..\/images\/amp\/whatsapp.svg\" width=\"40\" height=\"40\" alt=\"Whatsapp\" class=\"amp-wp-enforced-sizes\" style=\"width: 40px;\"><\/amp-img><\/a><a class=\"heateor_sss_amp heateor_sss_amp_instagram\" href=\"https:\/\/www.instagram.com\/\" title=\"Instagram\" rel=\"nofollow noopener\" target=\"_blank\"><amp-img src=\"https:\/\/www.radiomajaguabo.icrt.cu\/wp-content\/plugins\/sassy-social-share\/public\/..\/images\/amp\/instagram.svg\" width=\"40\" height=\"40\" alt=\"Instagram\" class=\"amp-wp-enforced-sizes\" style=\"width: 40px;\"><\/amp-img><\/a><a class=\"heateor_sss_amp heateor_sss_amp_x\" href=\"https:\/\/twitter.com\/intent\/tweet?text=Radio%20Majaguabo%20-%20Emisora%20Radio%20Majaguabo%2C%20San%20Luis%2C%20Santiago%20de%20Cuba%2C%20Cuba&url=https%3A%2F%2Fwww.radiomajaguabo.icrt.cu%2Findex.php%3Frest_route%3D%252Fwp%252Fv2%252Fposts%252F815\" title=\"X\" rel=\"nofollow noopener\" target=\"_blank\"><amp-img src=\"https:\/\/www.radiomajaguabo.icrt.cu\/wp-content\/plugins\/sassy-social-share\/public\/..\/images\/amp\/x.svg\" width=\"40\" height=\"40\" alt=\"X\" class=\"amp-wp-enforced-sizes\" style=\"width:40px;\"><\/amp-img><\/a><\/div><div class=\"heateorSssClear\"><\/div><\/div>","protected":false},"author":5,"featured_media":819,"comment_status":"open","ping_status":"open","sticky":false,"template":"","format":"standard","meta":{"colormag_page_layout":"default_layout","footnotes":""},"categories":[10,9],"tags":[462,460,461,463],"ppma_author":[309],"class_list":["post-815","post","type-post","status-publish","format-standard","has-post-thumbnail","hentry","category-san-luis","category-historia","tag-actividades","tag-estudiantes","tag-festejos","tag-impacto-social"],"authors":[{"term_id":309,"user_id":5,"is_guest":0,"slug":"barbara","display_name":"Barbara Vila Falc\u00f3n","avatar_url":"https:\/\/secure.gravatar.com\/avatar\/166cfc6b0e4818846bdbe2a3a669bb229e3e16837a966d98ecbf03b27993f4c2?s=96&d=mm&r=g","author_category":"","user_url":"","last_name":"Vila Falc\u00f3n","first_name":"Barbara","job_title":"","description":""}],"amp_enabled":true,"_links":{"self":[{"href":"https:\/\/www.radiomajaguabo.icrt.cu\/index.php?rest_route=\/wp\/v2\/posts\/815","targetHints":{"allow":["GET"]}}],"collection":[{"href":"https:\/\/www.radiomajaguabo.icrt.cu\/index.php?rest_route=\/wp\/v2\/posts"}],"about":[{"href":"https:\/\/www.radiomajaguabo.icrt.cu\/index.php?rest_route=\/wp\/v2\/types\/post"}],"author":[{"embeddable":true,"href":"https:\/\/www.radiomajaguabo.icrt.cu\/index.php?rest_route=\/wp\/v2\/users\/5"}],"replies":[{"embeddable":true,"href":"https:\/\/www.radiomajaguabo.icrt.cu\/index.php?rest_route=%2Fwp%2Fv2%2Fcomments&post=815"}],"version-history":[{"count":3,"href":"https:\/\/www.radiomajaguabo.icrt.cu\/index.php?rest_route=\/wp\/v2\/posts\/815\/revisions"}],"predecessor-version":[{"id":822,"href":"https:\/\/www.radiomajaguabo.icrt.cu\/index.php?rest_route=\/wp\/v2\/posts\/815\/revisions\/822"}],"wp:featuredmedia":[{"embeddable":true,"href":"https:\/\/www.radiomajaguabo.icrt.cu\/index.php?rest_route=\/wp\/v2\/media\/819"}],"wp:attachment":[{"href":"https:\/\/www.radiomajaguabo.icrt.cu\/index.php?rest_route=%2Fwp%2Fv2%2Fmedia&parent=815"}],"wp:term":[{"taxonomy":"category","embeddable":true,"href":"https:\/\/www.radiomajaguabo.icrt.cu\/index.php?rest_route=%2Fwp%2Fv2%2Fcategories&post=815"},{"taxonomy":"post_tag","embeddable":true,"href":"https:\/\/www.radiomajaguabo.icrt.cu\/index.php?rest_route=%2Fwp%2Fv2%2Ftags&post=815"},{"taxonomy":"author","embeddable":true,"href":"https:\/\/www.radiomajaguabo.icrt.cu\/index.php?rest_route=%2Fwp%2Fv2%2Fppma_author&post=815"}],"curies":[{"name":"wp","href":"https:\/\/api.w.org\/{rel}","templated":true}]}}