{"id":8142,"date":"2024-06-27T08:58:29","date_gmt":"2024-06-27T08:58:29","guid":{"rendered":"https:\/\/www.radiomajaguabo.icrt.cu\/?p=8142"},"modified":"2024-06-26T15:09:47","modified_gmt":"2024-06-26T15:09:47","slug":"ganaderia-sanluisera-se-ratifica-como-potencia-en-este-renglon-economico-en-la-provincia-fotos","status":"publish","type":"post","link":"https:\/\/www.radiomajaguabo.icrt.cu\/?p=8142","title":{"rendered":"Ganader\u00eda sanluisera se ratifica como potencia en este rengl\u00f3n econ\u00f3mico en la provincia (FOTOS)"},"content":{"rendered":"<p><strong>San Luis, Santiago de Cuba, jun. 27, 24. _ <\/strong>A pesar de las innegables dificultades que sufre la ganader\u00eda en San Luis, acentuadas\u00a0 por las carencias de recursos, la misma se ratifica como potencia en este rengl\u00f3n econ\u00f3mico en la provincia. <!--more--><\/p>\n<p><img loading=\"lazy\" decoding=\"async\" class=\" wp-image-8144 aligncenter\" src=\"https:\/\/www.radiomajaguabo.icrt.cu\/wp-content\/uploads\/2024\/06\/ganaderia_san_luis1-300x135.jpg\" alt=\"\" width=\"504\" height=\"227\" srcset=\"https:\/\/www.radiomajaguabo.icrt.cu\/wp-content\/uploads\/2024\/06\/ganaderia_san_luis1-300x135.jpg 300w, https:\/\/www.radiomajaguabo.icrt.cu\/wp-content\/uploads\/2024\/06\/ganaderia_san_luis1.jpg 640w\" sizes=\"auto, (max-width: 504px) 100vw, 504px\" \/><\/p>\n<p>Mejorar los indicadores en la reproducci\u00f3n y atenci\u00f3n en la ganader\u00eda resulta clave para revertir la realidad actual en este municipio.<\/p>\n<p>Las cifras de la campa\u00f1a reproductiva y de producci\u00f3n de leche y carne, evidencian cu\u00e1ntas reservas en ese programa quedan por resolver.<\/p>\n<p>En los \u00faltimos a\u00f1os disminuyen los nacimientos de ganado bovino en este territorio suroriental, decrece la masa, se incide con n\u00fameros preocupantes en el hurto y sacrificio ilegal de ganado mayor y mes tras mes se hace dif\u00edcil el cumplimiento de los planes productivos; estos son hechos que alarman por su impacto en la disminuci\u00f3n de la producci\u00f3n de carne y leche y la repercusi\u00f3n negativa en la econom\u00eda del municipio y el pa\u00eds.<\/p>\n<p>De c\u00f3mo transformar esa realidad debatieron campesinos, cooperativistas, especialistas, veterinarios, representantes de las empresas y de la Asociaci\u00f3n Nacional de Agricultores Peque\u00f1os (ANAP) a distintos niveles, durante la plenaria municipal de ganader\u00eda.<\/p>\n<p><img loading=\"lazy\" decoding=\"async\" class=\" wp-image-8147 aligncenter\" src=\"https:\/\/www.radiomajaguabo.icrt.cu\/wp-content\/uploads\/2024\/06\/ganaderia_san_luis4-300x127.jpg\" alt=\"\" width=\"500\" height=\"212\" srcset=\"https:\/\/www.radiomajaguabo.icrt.cu\/wp-content\/uploads\/2024\/06\/ganaderia_san_luis4-300x127.jpg 300w, https:\/\/www.radiomajaguabo.icrt.cu\/wp-content\/uploads\/2024\/06\/ganaderia_san_luis4.jpg 640w\" sizes=\"auto, (max-width: 500px) 100vw, 500px\" \/><\/p>\n<p>Aqu\u00ed se aprecia que no hay interrelaci\u00f3n constante entre productores y las distintas empresas responsabilizadas con la producci\u00f3n ganadera, no se hace uso de la inseminaci\u00f3n artificial, hay escasez de recursos vitales para los ganaderos y los que aparecen los precios son astron\u00f3micos, falta mejorar la gen\u00e9tica de la masa ganadera y urge optimizar las condiciones de la Unidad Empresarial de Base de Ganader\u00eda de la Empresa Agroforestal para garantizar el movimiento de reba\u00f1o y la compra de los animales y la prestaci\u00f3n de otros servicios necesarios.<\/p>\n<p>Asimismo, acabar de sembrar las plantas proteicas y forrajeras que necesitan los animales es vital para lograr incrementos en la producci\u00f3n de estos renglones que sustituyen importaciones. Se requiere inyecci\u00f3n tecnol\u00f3gica pero, eso solo se alcanza con proyectos de colaboraci\u00f3n en la rama, pues es nula la participaci\u00f3n del municipio.<\/p>\n<p>La preparaci\u00f3n para el periodo seco, las acciones conjuntas con la PNR para disminuir los \u00edndices de hurto y sacrificio ilegal de ganado mayor, y la necesidad de ser atendidos por una estructura propia del Grupo Empresarial Ganadero atendiendo a los niveles de producci\u00f3n del municipio fueron otros de los temas debatidos con profundidad.<\/p>\n<p>Acompa\u00f1aron a los labriegos en este intercambio, Yusmaikel Valier Ram\u00edrez, Primer Secretario del Comit\u00e9 Municipal del Partido, Miguel \u00c1ngel Guerra Mil\u00e1n, Vice Intendente que atiende la Agricultura, Adriana L\u00f3pez Cardona, Subdelegada general en la Delegaci\u00f3n Provincial de la Agricultura, Felipe M\u00e9ndez Garc\u00eda, Jefe del Departamento de ganader\u00eda en esa estructura de la provincia, junto a otros representantes del sector y las empresas que mantienen relaciones de trabajo con los ganaderos.<\/p>\n<p><img loading=\"lazy\" decoding=\"async\" class=\" wp-image-8146 aligncenter\" src=\"https:\/\/www.radiomajaguabo.icrt.cu\/wp-content\/uploads\/2024\/06\/ganaderia_san_luis3-300x160.jpg\" alt=\"\" width=\"501\" height=\"267\" srcset=\"https:\/\/www.radiomajaguabo.icrt.cu\/wp-content\/uploads\/2024\/06\/ganaderia_san_luis3-300x160.jpg 300w, https:\/\/www.radiomajaguabo.icrt.cu\/wp-content\/uploads\/2024\/06\/ganaderia_san_luis3.jpg 640w\" sizes=\"auto, (max-width: 501px) 100vw, 501px\" \/><\/p>\n<p>Con m\u00e1s de 18 mil 600 animales, San Luis es el tercer municipio en la provincia que entrega una cifra significativa de leche y carne. El 90 por ciento de esos animales est\u00e1n en el sector cooperativo y campesino, de ah\u00ed que se preste especial atenci\u00f3n a la situaci\u00f3n del ganado, y las acciones para incrementar los resultados productivos.<\/p>\n<p>&nbsp;<\/p>\n","protected":false},"excerpt":{"rendered":"<p>San Luis, Santiago de Cuba, jun. 27, 24. _ A pesar de las innegables dificultades que sufre la ganader\u00eda en<\/p>\n<div class='heateor_sss_sharing_container heateor_sss_vertical_sharing heateor_sss_bottom_sharing' style='width:44px;left: -10px;top: 100px;-webkit-box-shadow:none;box-shadow:none;' ><div class=\"heateor_sss_sharing_ul\"><a class=\"heateor_sss_amp heateor_sss_amp_facebook\" href=\"https:\/\/www.facebook.com\/sharer\/sharer.php?u=https%3A%2F%2Fwww.radiomajaguabo.icrt.cu%2Findex.php%3Frest_route%3D%252Fwp%252Fv2%252Fposts%252F8142\" title=\"Facebook\" rel=\"nofollow noopener\" target=\"_blank\"><amp-img src=\"https:\/\/www.radiomajaguabo.icrt.cu\/wp-content\/plugins\/sassy-social-share\/public\/..\/images\/amp\/facebook.svg\" width=\"40\" height=\"40\" alt=\"Facebook\" class=\"amp-wp-enforced-sizes\" style=\"width: 40px;\"><\/amp-img><\/a><a class=\"heateor_sss_amp heateor_sss_amp_linkedin\" href=\"https:\/\/www.linkedin.com\/sharing\/share-offsite\/?url=https%3A%2F%2Fwww.radiomajaguabo.icrt.cu%2Findex.php%3Frest_route%3D%252Fwp%252Fv2%252Fposts%252F8142\" title=\"Linkedin\" rel=\"nofollow noopener\" target=\"_blank\"><amp-img src=\"https:\/\/www.radiomajaguabo.icrt.cu\/wp-content\/plugins\/sassy-social-share\/public\/..\/images\/amp\/linkedin.svg\" width=\"40\" height=\"40\" alt=\"Linkedin\" class=\"amp-wp-enforced-sizes\" style=\"width: 40px;\"><\/amp-img><\/a><a class=\"heateor_sss_amp heateor_sss_amp_whatsapp\" href=\"https:\/\/api.whatsapp.com\/send?text=Radio%20Majaguabo%20-%20Emisora%20Radio%20Majaguabo%2C%20San%20Luis%2C%20Santiago%20de%20Cuba%2C%20Cuba%20https%3A%2F%2Fwww.radiomajaguabo.icrt.cu%2Findex.php%3Frest_route%3D%252Fwp%252Fv2%252Fposts%252F8142\" title=\"Whatsapp\" rel=\"nofollow noopener\" target=\"_blank\"><amp-img src=\"https:\/\/www.radiomajaguabo.icrt.cu\/wp-content\/plugins\/sassy-social-share\/public\/..\/images\/amp\/whatsapp.svg\" width=\"40\" height=\"40\" alt=\"Whatsapp\" class=\"amp-wp-enforced-sizes\" style=\"width: 40px;\"><\/amp-img><\/a><a class=\"heateor_sss_amp heateor_sss_amp_instagram\" href=\"https:\/\/www.instagram.com\/\" title=\"Instagram\" rel=\"nofollow noopener\" target=\"_blank\"><amp-img src=\"https:\/\/www.radiomajaguabo.icrt.cu\/wp-content\/plugins\/sassy-social-share\/public\/..\/images\/amp\/instagram.svg\" width=\"40\" height=\"40\" alt=\"Instagram\" class=\"amp-wp-enforced-sizes\" style=\"width: 40px;\"><\/amp-img><\/a><a class=\"heateor_sss_amp heateor_sss_amp_x\" href=\"https:\/\/twitter.com\/intent\/tweet?text=Radio%20Majaguabo%20-%20Emisora%20Radio%20Majaguabo%2C%20San%20Luis%2C%20Santiago%20de%20Cuba%2C%20Cuba&url=https%3A%2F%2Fwww.radiomajaguabo.icrt.cu%2Findex.php%3Frest_route%3D%252Fwp%252Fv2%252Fposts%252F8142\" title=\"X\" rel=\"nofollow noopener\" target=\"_blank\"><amp-img src=\"https:\/\/www.radiomajaguabo.icrt.cu\/wp-content\/plugins\/sassy-social-share\/public\/..\/images\/amp\/x.svg\" width=\"40\" height=\"40\" alt=\"X\" class=\"amp-wp-enforced-sizes\" style=\"width:40px;\"><\/amp-img><\/a><\/div><div class=\"heateorSssClear\"><\/div><\/div>","protected":false},"author":1,"featured_media":8145,"comment_status":"open","ping_status":"open","sticky":false,"template":"","format":"standard","meta":{"colormag_page_layout":"default_layout","footnotes":""},"categories":[6,9,10],"tags":[],"ppma_author":[37,299],"class_list":["post-8142","post","type-post","status-publish","format-standard","has-post-thumbnail","hentry","category-cultura","category-historia","category-san-luis"],"authors":[{"term_id":37,"user_id":1,"is_guest":0,"slug":"alberterie","display_name":"Administrador","avatar_url":"https:\/\/secure.gravatar.com\/avatar\/c7c20c93c5f4c81e7a7dc9b02a42095ae8875c9af446129683aaa06faf7fd1f3?s=96&d=mm&r=g","author_category":"","user_url":"https:\/\/www.radiomajaguabo.icrt.cu","last_name":"Alberterie Rivero","first_name":"Pedro","job_title":"","description":""},{"term_id":299,"user_id":6,"is_guest":0,"slug":"yaniuska","display_name":"Yaniuska P\u00e9rez Verdecia","avatar_url":"https:\/\/secure.gravatar.com\/avatar\/a6d7e51e5ccf0210b8c939b21a0b37dca410372954868b8ff5b8e51c07cf1a6e?s=96&d=mm&r=g","author_category":"","user_url":"","last_name":"P\u00e9rez Verdecia","first_name":"Yaniuska","job_title":"","description":""}],"amp_enabled":true,"_links":{"self":[{"href":"https:\/\/www.radiomajaguabo.icrt.cu\/index.php?rest_route=\/wp\/v2\/posts\/8142","targetHints":{"allow":["GET"]}}],"collection":[{"href":"https:\/\/www.radiomajaguabo.icrt.cu\/index.php?rest_route=\/wp\/v2\/posts"}],"about":[{"href":"https:\/\/www.radiomajaguabo.icrt.cu\/index.php?rest_route=\/wp\/v2\/types\/post"}],"author":[{"embeddable":true,"href":"https:\/\/www.radiomajaguabo.icrt.cu\/index.php?rest_route=\/wp\/v2\/users\/1"}],"replies":[{"embeddable":true,"href":"https:\/\/www.radiomajaguabo.icrt.cu\/index.php?rest_route=%2Fwp%2Fv2%2Fcomments&post=8142"}],"version-history":[{"count":2,"href":"https:\/\/www.radiomajaguabo.icrt.cu\/index.php?rest_route=\/wp\/v2\/posts\/8142\/revisions"}],"predecessor-version":[{"id":8149,"href":"https:\/\/www.radiomajaguabo.icrt.cu\/index.php?rest_route=\/wp\/v2\/posts\/8142\/revisions\/8149"}],"wp:featuredmedia":[{"embeddable":true,"href":"https:\/\/www.radiomajaguabo.icrt.cu\/index.php?rest_route=\/wp\/v2\/media\/8145"}],"wp:attachment":[{"href":"https:\/\/www.radiomajaguabo.icrt.cu\/index.php?rest_route=%2Fwp%2Fv2%2Fmedia&parent=8142"}],"wp:term":[{"taxonomy":"category","embeddable":true,"href":"https:\/\/www.radiomajaguabo.icrt.cu\/index.php?rest_route=%2Fwp%2Fv2%2Fcategories&post=8142"},{"taxonomy":"post_tag","embeddable":true,"href":"https:\/\/www.radiomajaguabo.icrt.cu\/index.php?rest_route=%2Fwp%2Fv2%2Ftags&post=8142"},{"taxonomy":"author","embeddable":true,"href":"https:\/\/www.radiomajaguabo.icrt.cu\/index.php?rest_route=%2Fwp%2Fv2%2Fppma_author&post=8142"}],"curies":[{"name":"wp","href":"https:\/\/api.w.org\/{rel}","templated":true}]}}