{"id":8128,"date":"2024-06-25T14:05:59","date_gmt":"2024-06-25T14:05:59","guid":{"rendered":"https:\/\/www.radiomajaguabo.icrt.cu\/?p=8128"},"modified":"2024-06-25T14:05:59","modified_gmt":"2024-06-25T14:05:59","slug":"recibe-joven-sanluisera-condicion-de-vanguardia-juvenil-campesina","status":"publish","type":"post","link":"https:\/\/www.radiomajaguabo.icrt.cu\/?p=8128","title":{"rendered":"Recibe joven sanluisera condici\u00f3n de Vanguardia Juvenil Campesina"},"content":{"rendered":"<p><strong>San Luis, Santiago de Cuba, jun. 25, 24. _<\/strong> Cuatro j\u00f3venes santiagueros representaron a los miles de biso\u00f1os que en esta provincia aportan desde el campo a la producci\u00f3n, en el Activo Nacional de J\u00f3venes Campesinos que se desarrolla en la hermana provincia de Granma.<!--more--><\/p>\n<p>Como parte de las actividades de la cita juvenil fue entregado en el Sal\u00f3n de protocolo de la Plaza Carlos Manuel de C\u00e9spedes de Bayamo, el sello de Vanguardia Juvenil Campesino a nivel de pa\u00eds, y para orgullo nuestro entre los condecorados, est\u00e1 la joven Marisyanis Fuentes Orza, secretaria del Comit\u00e9 de Base de la Uni\u00f3n de J\u00f3venes Comunistas en la Cooperativa de Cr\u00e9ditos y Servicios Rafael Hern\u00e1ndez, Vanguardia nacional en el a\u00f1o 2023.<\/p>\n<p><img loading=\"lazy\" decoding=\"async\" class=\" wp-image-8134 aligncenter\" src=\"https:\/\/www.radiomajaguabo.icrt.cu\/wp-content\/uploads\/2024\/06\/joven_sanluisera3-300x271.jpg\" alt=\"\" width=\"501\" height=\"453\" srcset=\"https:\/\/www.radiomajaguabo.icrt.cu\/wp-content\/uploads\/2024\/06\/joven_sanluisera3-300x271.jpg 300w, https:\/\/www.radiomajaguabo.icrt.cu\/wp-content\/uploads\/2024\/06\/joven_sanluisera3-768x695.jpg 768w, https:\/\/www.radiomajaguabo.icrt.cu\/wp-content\/uploads\/2024\/06\/joven_sanluisera3.jpg 810w\" sizes=\"auto, (max-width: 501px) 100vw, 501px\" \/><\/p>\n<p><img loading=\"lazy\" decoding=\"async\" class=\" wp-image-8133 aligncenter\" src=\"https:\/\/www.radiomajaguabo.icrt.cu\/wp-content\/uploads\/2024\/06\/joven_sanluisera2-300x225.jpg\" alt=\"\" width=\"500\" height=\"375\" srcset=\"https:\/\/www.radiomajaguabo.icrt.cu\/wp-content\/uploads\/2024\/06\/joven_sanluisera2-300x225.jpg 300w, https:\/\/www.radiomajaguabo.icrt.cu\/wp-content\/uploads\/2024\/06\/joven_sanluisera2.jpg 640w\" sizes=\"auto, (max-width: 500px) 100vw, 500px\" \/><\/p>\n<p>\u201cEs un premio al esfuerzo realizado a diario en mi cooperativa y lo recibo en nombre de los j\u00f3venes valios\u00edsimos que aportan a la producci\u00f3n de alimentos desde mi cooperativa\u201d, nos dice v\u00eda Whatsapp, la tambi\u00e9n Miembro del Bur\u00f3 no Profesional de la UJC en San Luis y del Comit\u00e9 provincial de la organizaci\u00f3n juvenil en Santiago de Cuba.<\/p>\n<p>\u201cEs un honor estar aqu\u00ed en este activo, y dar a conocer las invaluables experiencias de nuestros j\u00f3venes que est\u00e1n en el surco, haciendo frente a los obst\u00e1culos y la escasez de insumos, pero que no renuncian a producir y su mejor aporte a la Revoluci\u00f3n en estos tiempos, es que esos alimentos lleguen a la poblaci\u00f3n. Considero este mi mejor homenaje a mi CCS que trabaja hoy para llegar al 13 Congreso de la ANAP con resultados superiores\u201d, acot\u00f3 Fuentes Orza.<\/p>\n<p>Aqu\u00ed est\u00e1 la demostraci\u00f3n de que el relevo del trabajo agr\u00edcola en San Luis est\u00e1 asegurado, pues Marisyanis Fuentes Orza, es de esas j\u00f3venes que hacen valer, la frase de nuestro l\u00edder hist\u00f3rico Fidel Castro Ruz que en 1962 dijo<em>: \u201cCreer en los j\u00f3venes es ver en ellos, adem\u00e1s de entusiasmo, capacidad; adem\u00e1s de energ\u00eda, responsabilidad; adem\u00e1s de juventud, \u00a1pureza, hero\u00edsmo, car\u00e1cter, voluntad, amor a la Patria, fe en la Patria! \u00a1Amor a la Revoluci\u00f3n, fe en la Revoluci\u00f3n, confianza en s\u00ed mismos, convicci\u00f3n profunda de que la juventud puede, de que la juventud, es capaz, convicci\u00f3n profunda de que sobre los hombros de la juventud se pueden depositar grandes tareas!\u201d<\/em><\/p>\n<p><img loading=\"lazy\" decoding=\"async\" class=\" wp-image-8135 aligncenter\" src=\"https:\/\/www.radiomajaguabo.icrt.cu\/wp-content\/uploads\/2024\/06\/joven_sanluisera4-300x225.jpg\" alt=\"\" width=\"503\" height=\"377\" srcset=\"https:\/\/www.radiomajaguabo.icrt.cu\/wp-content\/uploads\/2024\/06\/joven_sanluisera4-300x225.jpg 300w, https:\/\/www.radiomajaguabo.icrt.cu\/wp-content\/uploads\/2024\/06\/joven_sanluisera4.jpg 640w\" sizes=\"auto, (max-width: 503px) 100vw, 503px\" \/><\/p>\n<p><em>\u00a0<\/em><\/p>\n<p>&nbsp;<\/p>\n","protected":false},"excerpt":{"rendered":"<p>San Luis, Santiago de Cuba, jun. 25, 24. _ Cuatro j\u00f3venes santiagueros representaron a los miles de biso\u00f1os que en<\/p>\n<div class='heateor_sss_sharing_container heateor_sss_vertical_sharing heateor_sss_bottom_sharing' style='width:44px;left: -10px;top: 100px;-webkit-box-shadow:none;box-shadow:none;' ><div class=\"heateor_sss_sharing_ul\"><a class=\"heateor_sss_amp heateor_sss_amp_facebook\" href=\"https:\/\/www.facebook.com\/sharer\/sharer.php?u=https%3A%2F%2Fwww.radiomajaguabo.icrt.cu%2Findex.php%3Frest_route%3D%252Fwp%252Fv2%252Fposts%252F8128\" title=\"Facebook\" rel=\"nofollow noopener\" target=\"_blank\"><amp-img src=\"https:\/\/www.radiomajaguabo.icrt.cu\/wp-content\/plugins\/sassy-social-share\/public\/..\/images\/amp\/facebook.svg\" width=\"40\" height=\"40\" alt=\"Facebook\" class=\"amp-wp-enforced-sizes\" style=\"width: 40px;\"><\/amp-img><\/a><a class=\"heateor_sss_amp heateor_sss_amp_linkedin\" href=\"https:\/\/www.linkedin.com\/sharing\/share-offsite\/?url=https%3A%2F%2Fwww.radiomajaguabo.icrt.cu%2Findex.php%3Frest_route%3D%252Fwp%252Fv2%252Fposts%252F8128\" title=\"Linkedin\" rel=\"nofollow noopener\" target=\"_blank\"><amp-img src=\"https:\/\/www.radiomajaguabo.icrt.cu\/wp-content\/plugins\/sassy-social-share\/public\/..\/images\/amp\/linkedin.svg\" width=\"40\" height=\"40\" alt=\"Linkedin\" class=\"amp-wp-enforced-sizes\" style=\"width: 40px;\"><\/amp-img><\/a><a class=\"heateor_sss_amp heateor_sss_amp_whatsapp\" href=\"https:\/\/api.whatsapp.com\/send?text=Radio%20Majaguabo%20-%20Emisora%20Radio%20Majaguabo%2C%20San%20Luis%2C%20Santiago%20de%20Cuba%2C%20Cuba%20https%3A%2F%2Fwww.radiomajaguabo.icrt.cu%2Findex.php%3Frest_route%3D%252Fwp%252Fv2%252Fposts%252F8128\" title=\"Whatsapp\" rel=\"nofollow noopener\" target=\"_blank\"><amp-img src=\"https:\/\/www.radiomajaguabo.icrt.cu\/wp-content\/plugins\/sassy-social-share\/public\/..\/images\/amp\/whatsapp.svg\" width=\"40\" height=\"40\" alt=\"Whatsapp\" class=\"amp-wp-enforced-sizes\" style=\"width: 40px;\"><\/amp-img><\/a><a class=\"heateor_sss_amp heateor_sss_amp_instagram\" href=\"https:\/\/www.instagram.com\/\" title=\"Instagram\" rel=\"nofollow noopener\" target=\"_blank\"><amp-img src=\"https:\/\/www.radiomajaguabo.icrt.cu\/wp-content\/plugins\/sassy-social-share\/public\/..\/images\/amp\/instagram.svg\" width=\"40\" height=\"40\" alt=\"Instagram\" class=\"amp-wp-enforced-sizes\" style=\"width: 40px;\"><\/amp-img><\/a><a class=\"heateor_sss_amp heateor_sss_amp_x\" href=\"https:\/\/twitter.com\/intent\/tweet?text=Radio%20Majaguabo%20-%20Emisora%20Radio%20Majaguabo%2C%20San%20Luis%2C%20Santiago%20de%20Cuba%2C%20Cuba&url=https%3A%2F%2Fwww.radiomajaguabo.icrt.cu%2Findex.php%3Frest_route%3D%252Fwp%252Fv2%252Fposts%252F8128\" title=\"X\" rel=\"nofollow noopener\" target=\"_blank\"><amp-img src=\"https:\/\/www.radiomajaguabo.icrt.cu\/wp-content\/plugins\/sassy-social-share\/public\/..\/images\/amp\/x.svg\" width=\"40\" height=\"40\" alt=\"X\" class=\"amp-wp-enforced-sizes\" style=\"width:40px;\"><\/amp-img><\/a><\/div><div class=\"heateorSssClear\"><\/div><\/div>","protected":false},"author":1,"featured_media":8132,"comment_status":"open","ping_status":"open","sticky":false,"template":"","format":"standard","meta":{"colormag_page_layout":"default_layout","footnotes":""},"categories":[6,9,10],"tags":[],"ppma_author":[37,299],"class_list":["post-8128","post","type-post","status-publish","format-standard","has-post-thumbnail","hentry","category-cultura","category-historia","category-san-luis"],"authors":[{"term_id":37,"user_id":1,"is_guest":0,"slug":"alberterie","display_name":"Administrador","avatar_url":"https:\/\/secure.gravatar.com\/avatar\/c7c20c93c5f4c81e7a7dc9b02a42095ae8875c9af446129683aaa06faf7fd1f3?s=96&d=mm&r=g","author_category":"","user_url":"https:\/\/www.radiomajaguabo.icrt.cu","last_name":"Alberterie Rivero","first_name":"Pedro","job_title":"","description":""},{"term_id":299,"user_id":6,"is_guest":0,"slug":"yaniuska","display_name":"Yaniuska P\u00e9rez Verdecia","avatar_url":"https:\/\/secure.gravatar.com\/avatar\/a6d7e51e5ccf0210b8c939b21a0b37dca410372954868b8ff5b8e51c07cf1a6e?s=96&d=mm&r=g","author_category":"","user_url":"","last_name":"P\u00e9rez Verdecia","first_name":"Yaniuska","job_title":"","description":""}],"amp_enabled":true,"_links":{"self":[{"href":"https:\/\/www.radiomajaguabo.icrt.cu\/index.php?rest_route=\/wp\/v2\/posts\/8128","targetHints":{"allow":["GET"]}}],"collection":[{"href":"https:\/\/www.radiomajaguabo.icrt.cu\/index.php?rest_route=\/wp\/v2\/posts"}],"about":[{"href":"https:\/\/www.radiomajaguabo.icrt.cu\/index.php?rest_route=\/wp\/v2\/types\/post"}],"author":[{"embeddable":true,"href":"https:\/\/www.radiomajaguabo.icrt.cu\/index.php?rest_route=\/wp\/v2\/users\/1"}],"replies":[{"embeddable":true,"href":"https:\/\/www.radiomajaguabo.icrt.cu\/index.php?rest_route=%2Fwp%2Fv2%2Fcomments&post=8128"}],"version-history":[{"count":1,"href":"https:\/\/www.radiomajaguabo.icrt.cu\/index.php?rest_route=\/wp\/v2\/posts\/8128\/revisions"}],"predecessor-version":[{"id":8136,"href":"https:\/\/www.radiomajaguabo.icrt.cu\/index.php?rest_route=\/wp\/v2\/posts\/8128\/revisions\/8136"}],"wp:featuredmedia":[{"embeddable":true,"href":"https:\/\/www.radiomajaguabo.icrt.cu\/index.php?rest_route=\/wp\/v2\/media\/8132"}],"wp:attachment":[{"href":"https:\/\/www.radiomajaguabo.icrt.cu\/index.php?rest_route=%2Fwp%2Fv2%2Fmedia&parent=8128"}],"wp:term":[{"taxonomy":"category","embeddable":true,"href":"https:\/\/www.radiomajaguabo.icrt.cu\/index.php?rest_route=%2Fwp%2Fv2%2Fcategories&post=8128"},{"taxonomy":"post_tag","embeddable":true,"href":"https:\/\/www.radiomajaguabo.icrt.cu\/index.php?rest_route=%2Fwp%2Fv2%2Ftags&post=8128"},{"taxonomy":"author","embeddable":true,"href":"https:\/\/www.radiomajaguabo.icrt.cu\/index.php?rest_route=%2Fwp%2Fv2%2Fppma_author&post=8128"}],"curies":[{"name":"wp","href":"https:\/\/api.w.org\/{rel}","templated":true}]}}