{"id":8097,"date":"2024-06-22T15:20:54","date_gmt":"2024-06-22T15:20:54","guid":{"rendered":"https:\/\/www.radiomajaguabo.icrt.cu\/?p=8097"},"modified":"2024-06-22T17:16:23","modified_gmt":"2024-06-22T17:16:23","slug":"premian-obras-en-festival-municipal-de-la-radio-en-san-luis","status":"publish","type":"post","link":"https:\/\/www.radiomajaguabo.icrt.cu\/?p=8097","title":{"rendered":"Premian obras en Festival Municipal de la Radio en San Luis (+FOTOS)"},"content":{"rendered":"<p><strong>San Luis, Santiago de Cuba, jun. 22, 24._ <\/strong>Hoy se desarroll\u00f3 en el museo polivalente \u00bb29 de abril\u00bb de esta localidad el Festival Municipal de la Radio en el cual se premiaron las obras con mejor realizaci\u00f3n art\u00edstica.<!--more--><\/p>\n<p>El Jurado sesion\u00f3 durante los d\u00edas 18, 19 y 20 de este mes, y evalu\u00f3 15 obras en competencia. Se tuvieron en cuenta varios elementos, entre ellos, las funciones, el uso de los recursos del medio, sus valores, ya sean hist\u00f3ricos, educativos, culturales, y los aportes de cada material, as\u00ed como la calidad de cada uno de ellos.<\/p>\n<p>Teniendo en cuenta estos aspectos, el Jurado decidi\u00f3 otorgar<\/p>\n<p><strong>MENCI\u00d3N <\/strong><\/p>\n<p>Por el reflejo del entorno, los valores hist\u00f3ricos que muestra, resaltar la tradici\u00f3n patri\u00f3tica de la familia sanluisera Maceo-Grajales, se otorga <strong>MENCI\u00d3N<\/strong> a la obra \u201c<strong>Sanluiseros: el orgullo de una tradici\u00f3n patri\u00f3tica\u201d, <\/strong>del periodista Gilberto Salazar Le\u00f3n<strong>. <\/strong><\/p>\n<p><strong>MENCI\u00d3N<\/strong><\/p>\n<p>Por el reflejo del entorno, por contribuir a educar el gusto musical, aportar conocimientos sonoros y la unidad existente entre texto y m\u00fasica, por exponer la calidad de cinco talentos musicales, nacidos en San Luis, se otorga <strong>MENCI\u00d3N <\/strong>a la obra <strong>\u201cVoces del patio, Los cinco grandes\u201d,<\/strong> de Francisco Medina River\u00ed.<\/p>\n<p><img loading=\"lazy\" decoding=\"async\" class=\" wp-image-8113 aligncenter\" src=\"https:\/\/www.radiomajaguabo.icrt.cu\/wp-content\/uploads\/2024\/06\/pancho_premio-300x212.jpg\" alt=\"\" width=\"500\" height=\"353\" srcset=\"https:\/\/www.radiomajaguabo.icrt.cu\/wp-content\/uploads\/2024\/06\/pancho_premio-300x212.jpg 300w, https:\/\/www.radiomajaguabo.icrt.cu\/wp-content\/uploads\/2024\/06\/pancho_premio.jpg 640w\" sizes=\"auto, (max-width: 500px) 100vw, 500px\" \/><\/p>\n<p><strong>MENCI\u00d3N<\/strong><\/p>\n<p>Por aportar conocimientos acerca de un grupo musical folkl\u00f3rico sanluisero, por el reflejo del entorno, por el adecuado balance musical, por mostrar los valores hist\u00f3ricos y culturales de una agrupaci\u00f3n de este tipo, por enaltecer una antigua tradici\u00f3n africana que ha sido transmitida de generaci\u00f3n en generaci\u00f3n a lo largo de los siglos, se entrega <strong>MENCI\u00d3N<\/strong> a la obra <strong>\u201cEl Bant\u00fa Yorub\u00e1 al calor de sus 63 a\u00f1os\u201d <\/strong>de la periodista B\u00e1rbara Vila Falc\u00f3n.<\/p>\n<p><img loading=\"lazy\" decoding=\"async\" class=\" wp-image-8108 aligncenter\" src=\"https:\/\/www.radiomajaguabo.icrt.cu\/wp-content\/uploads\/2024\/06\/IMG_20240622_112936-300x294.jpg\" alt=\"\" width=\"500\" height=\"490\" srcset=\"https:\/\/www.radiomajaguabo.icrt.cu\/wp-content\/uploads\/2024\/06\/IMG_20240622_112936-300x294.jpg 300w, https:\/\/www.radiomajaguabo.icrt.cu\/wp-content\/uploads\/2024\/06\/IMG_20240622_112936.jpg 489w\" sizes=\"auto, (max-width: 500px) 100vw, 500px\" \/><\/p>\n<p>El Jurado decidi\u00f3 otorgar <strong>TRES LUGARES<\/strong>.<\/p>\n<p><strong>TERCER LUGAR <\/strong><\/p>\n<p>Por el reflejo del entorno, por mostrar una historia de vida y a su protagonista para contarla y el uso del lenguaje apropiado para el tema: la violencia contra la mujer, a la obra <strong>\u201cCicatrices con aroma a certeza\u201d<\/strong> de la periodista Lisbet R\u00edos Adame.<\/p>\n<p><strong>SEGUNDO LUGAR<\/strong><\/p>\n<p>Por la originalidad y creatividad, la progresi\u00f3n dram\u00e1tica, el estilo, sus aportes educativos y la claridad del mensaje a la obra <strong>Estampa, \u201cEl Premio Mayor\u201d <\/strong>del periodista Arturo Oliva Alcolea.<\/p>\n<p><img loading=\"lazy\" decoding=\"async\" class=\" wp-image-8115 aligncenter\" src=\"https:\/\/www.radiomajaguabo.icrt.cu\/wp-content\/uploads\/2024\/06\/arturo-205x300.jpg\" alt=\"\" width=\"368\" height=\"539\" srcset=\"https:\/\/www.radiomajaguabo.icrt.cu\/wp-content\/uploads\/2024\/06\/arturo-205x300.jpg 205w, https:\/\/www.radiomajaguabo.icrt.cu\/wp-content\/uploads\/2024\/06\/arturo.jpg 438w\" sizes=\"auto, (max-width: 368px) 100vw, 368px\" \/><\/p>\n<p><strong>PRIMER LUGAR<\/strong><\/p>\n<p>Por el reflejo del entorno, por adentrarse en un mundo de tradici\u00f3n, misticismo y respeto, por sus alcances hist\u00f3ricos y culturales, por el valor de sus testimonios, al documental <strong>\u201cPalmas y valor. Los guardianes de la cima\u00bb <\/strong>del realizador Juli\u00e1n Andr\u00e9s Rizo Ni\u00f1o<\/p>\n<p><img loading=\"lazy\" decoding=\"async\" class=\" wp-image-8109 aligncenter\" src=\"https:\/\/www.radiomajaguabo.icrt.cu\/wp-content\/uploads\/2024\/06\/IMG_20240622_113108-300x281.jpg\" alt=\"\" width=\"501\" height=\"469\" srcset=\"https:\/\/www.radiomajaguabo.icrt.cu\/wp-content\/uploads\/2024\/06\/IMG_20240622_113108-300x281.jpg 300w, https:\/\/www.radiomajaguabo.icrt.cu\/wp-content\/uploads\/2024\/06\/IMG_20240622_113108.jpg 513w\" sizes=\"auto, (max-width: 501px) 100vw, 501px\" \/><\/p>\n<p>El jurado otorg\u00f3 un<\/p>\n<p><strong>GRAN PREMIO<\/strong><\/p>\n<p>Por sus aportes al aprendizaje del tema, el uso adecuado de los recursos del medio, el significado de la obra, la originalidad y el valor de los testimonios, el correcto balance entre el texto y la m\u00fasica empleada, por adiestrar el gusto hacia el argumento en cuesti\u00f3n, el adecuado reflejo del entorno, al <strong>Programa deportivo dedicado a la sanluisera Ana Ibis D\u00edaz Garc\u00eda, <\/strong>integrante del primer equipo de Voleibol Las Morenas del Caribe de \u00c1ngel Despaigne Aroche.<\/p>\n<p><img loading=\"lazy\" decoding=\"async\" class=\" wp-image-8110 aligncenter\" src=\"https:\/\/www.radiomajaguabo.icrt.cu\/wp-content\/uploads\/2024\/06\/IMG_20240622_113205-279x300.jpg\" alt=\"\" width=\"500\" height=\"537\" srcset=\"https:\/\/www.radiomajaguabo.icrt.cu\/wp-content\/uploads\/2024\/06\/IMG_20240622_113205-279x300.jpg 279w, https:\/\/www.radiomajaguabo.icrt.cu\/wp-content\/uploads\/2024\/06\/IMG_20240622_113205.jpg 480w\" sizes=\"auto, (max-width: 500px) 100vw, 500px\" \/><\/p>\n<p>El Festival Municipal forma parte de las actividades que se desarrollan con motivo del aniversario 42 de la fundaci\u00f3n de la emisora Radio Majaguabo, creada el 5 de julio de 1982.<\/p>\n<p>Anteriormente al evento, se inaugur\u00f3 en el lobbie de la casa radial una exposici\u00f3n del artista de la pl\u00e1stica e Hijo Ilustre de San Luis Danis Montero Ortega, a quien tambi\u00e9n se le dedic\u00f3 una obra de las que estaban en concurso.<\/p>\n<p><img loading=\"lazy\" decoding=\"async\" class=\" wp-image-8103 aligncenter\" src=\"https:\/\/www.radiomajaguabo.icrt.cu\/wp-content\/uploads\/2024\/06\/IMG_20240622_101140-300x225.jpg\" alt=\"\" width=\"500\" height=\"375\" srcset=\"https:\/\/www.radiomajaguabo.icrt.cu\/wp-content\/uploads\/2024\/06\/IMG_20240622_101140-300x225.jpg 300w, https:\/\/www.radiomajaguabo.icrt.cu\/wp-content\/uploads\/2024\/06\/IMG_20240622_101140.jpg 640w\" sizes=\"auto, (max-width: 500px) 100vw, 500px\" \/><\/p>\n<p><img loading=\"lazy\" decoding=\"async\" class=\" wp-image-8104 aligncenter\" src=\"https:\/\/www.radiomajaguabo.icrt.cu\/wp-content\/uploads\/2024\/06\/IMG_20240622_101202-300x270.jpg\" alt=\"\" width=\"500\" height=\"450\" srcset=\"https:\/\/www.radiomajaguabo.icrt.cu\/wp-content\/uploads\/2024\/06\/IMG_20240622_101202-300x270.jpg 300w, https:\/\/www.radiomajaguabo.icrt.cu\/wp-content\/uploads\/2024\/06\/IMG_20240622_101202.jpg 534w\" sizes=\"auto, (max-width: 500px) 100vw, 500px\" \/><\/p>\n<p><img loading=\"lazy\" decoding=\"async\" class=\" wp-image-8105 aligncenter\" src=\"https:\/\/www.radiomajaguabo.icrt.cu\/wp-content\/uploads\/2024\/06\/IMG_20240622_101208-300x219.jpg\" alt=\"\" width=\"502\" height=\"367\" srcset=\"https:\/\/www.radiomajaguabo.icrt.cu\/wp-content\/uploads\/2024\/06\/IMG_20240622_101208-300x219.jpg 300w, https:\/\/www.radiomajaguabo.icrt.cu\/wp-content\/uploads\/2024\/06\/IMG_20240622_101208.jpg 640w\" sizes=\"auto, (max-width: 502px) 100vw, 502px\" \/><\/p>\n<p><img loading=\"lazy\" decoding=\"async\" class=\" wp-image-8106 aligncenter\" src=\"https:\/\/www.radiomajaguabo.icrt.cu\/wp-content\/uploads\/2024\/06\/IMG_20240622_101220-300x209.jpg\" alt=\"\" width=\"500\" height=\"348\" srcset=\"https:\/\/www.radiomajaguabo.icrt.cu\/wp-content\/uploads\/2024\/06\/IMG_20240622_101220-300x209.jpg 300w, https:\/\/www.radiomajaguabo.icrt.cu\/wp-content\/uploads\/2024\/06\/IMG_20240622_101220-392x272.jpg 392w, https:\/\/www.radiomajaguabo.icrt.cu\/wp-content\/uploads\/2024\/06\/IMG_20240622_101220-130x90.jpg 130w, https:\/\/www.radiomajaguabo.icrt.cu\/wp-content\/uploads\/2024\/06\/IMG_20240622_101220.jpg 640w\" sizes=\"auto, (max-width: 500px) 100vw, 500px\" \/><\/p>\n<p><img loading=\"lazy\" decoding=\"async\" class=\" wp-image-8107 aligncenter\" src=\"https:\/\/www.radiomajaguabo.icrt.cu\/wp-content\/uploads\/2024\/06\/IMG_20240622_101419-300x225.jpg\" alt=\"\" width=\"500\" height=\"375\" srcset=\"https:\/\/www.radiomajaguabo.icrt.cu\/wp-content\/uploads\/2024\/06\/IMG_20240622_101419-300x225.jpg 300w, https:\/\/www.radiomajaguabo.icrt.cu\/wp-content\/uploads\/2024\/06\/IMG_20240622_101419.jpg 640w\" sizes=\"auto, (max-width: 500px) 100vw, 500px\" \/><\/p>\n<p><img loading=\"lazy\" decoding=\"async\" class=\" wp-image-8111 aligncenter\" src=\"https:\/\/www.radiomajaguabo.icrt.cu\/wp-content\/uploads\/2024\/06\/IMG_20240622_113305-300x210.jpg\" alt=\"\" width=\"501\" height=\"351\" srcset=\"https:\/\/www.radiomajaguabo.icrt.cu\/wp-content\/uploads\/2024\/06\/IMG_20240622_113305-300x210.jpg 300w, https:\/\/www.radiomajaguabo.icrt.cu\/wp-content\/uploads\/2024\/06\/IMG_20240622_113305-130x90.jpg 130w, https:\/\/www.radiomajaguabo.icrt.cu\/wp-content\/uploads\/2024\/06\/IMG_20240622_113305.jpg 640w\" sizes=\"auto, (max-width: 501px) 100vw, 501px\" \/><\/p>\n<p>&nbsp;<\/p>\n","protected":false},"excerpt":{"rendered":"<p>San Luis, Santiago de Cuba, jun. 22, 24._ Hoy se desarroll\u00f3 en el museo polivalente \u00bb29 de abril\u00bb de esta<\/p>\n<div class='heateor_sss_sharing_container heateor_sss_vertical_sharing heateor_sss_bottom_sharing' style='width:44px;left: -10px;top: 100px;-webkit-box-shadow:none;box-shadow:none;' ><div class=\"heateor_sss_sharing_ul\"><a class=\"heateor_sss_amp heateor_sss_amp_facebook\" href=\"https:\/\/www.facebook.com\/sharer\/sharer.php?u=https%3A%2F%2Fwww.radiomajaguabo.icrt.cu%2Findex.php%3Frest_route%3D%252Fwp%252Fv2%252Fposts%252F8097\" title=\"Facebook\" rel=\"nofollow noopener\" target=\"_blank\"><amp-img src=\"https:\/\/www.radiomajaguabo.icrt.cu\/wp-content\/plugins\/sassy-social-share\/public\/..\/images\/amp\/facebook.svg\" width=\"40\" height=\"40\" alt=\"Facebook\" class=\"amp-wp-enforced-sizes\" style=\"width: 40px;\"><\/amp-img><\/a><a class=\"heateor_sss_amp heateor_sss_amp_linkedin\" href=\"https:\/\/www.linkedin.com\/sharing\/share-offsite\/?url=https%3A%2F%2Fwww.radiomajaguabo.icrt.cu%2Findex.php%3Frest_route%3D%252Fwp%252Fv2%252Fposts%252F8097\" title=\"Linkedin\" rel=\"nofollow noopener\" target=\"_blank\"><amp-img src=\"https:\/\/www.radiomajaguabo.icrt.cu\/wp-content\/plugins\/sassy-social-share\/public\/..\/images\/amp\/linkedin.svg\" width=\"40\" height=\"40\" alt=\"Linkedin\" class=\"amp-wp-enforced-sizes\" style=\"width: 40px;\"><\/amp-img><\/a><a class=\"heateor_sss_amp heateor_sss_amp_whatsapp\" href=\"https:\/\/api.whatsapp.com\/send?text=Radio%20Majaguabo%20-%20Emisora%20Radio%20Majaguabo%2C%20San%20Luis%2C%20Santiago%20de%20Cuba%2C%20Cuba%20https%3A%2F%2Fwww.radiomajaguabo.icrt.cu%2Findex.php%3Frest_route%3D%252Fwp%252Fv2%252Fposts%252F8097\" title=\"Whatsapp\" rel=\"nofollow noopener\" target=\"_blank\"><amp-img src=\"https:\/\/www.radiomajaguabo.icrt.cu\/wp-content\/plugins\/sassy-social-share\/public\/..\/images\/amp\/whatsapp.svg\" width=\"40\" height=\"40\" alt=\"Whatsapp\" class=\"amp-wp-enforced-sizes\" style=\"width: 40px;\"><\/amp-img><\/a><a class=\"heateor_sss_amp heateor_sss_amp_instagram\" href=\"https:\/\/www.instagram.com\/\" title=\"Instagram\" rel=\"nofollow noopener\" target=\"_blank\"><amp-img src=\"https:\/\/www.radiomajaguabo.icrt.cu\/wp-content\/plugins\/sassy-social-share\/public\/..\/images\/amp\/instagram.svg\" width=\"40\" height=\"40\" alt=\"Instagram\" class=\"amp-wp-enforced-sizes\" style=\"width: 40px;\"><\/amp-img><\/a><a class=\"heateor_sss_amp heateor_sss_amp_x\" href=\"https:\/\/twitter.com\/intent\/tweet?text=Radio%20Majaguabo%20-%20Emisora%20Radio%20Majaguabo%2C%20San%20Luis%2C%20Santiago%20de%20Cuba%2C%20Cuba&url=https%3A%2F%2Fwww.radiomajaguabo.icrt.cu%2Findex.php%3Frest_route%3D%252Fwp%252Fv2%252Fposts%252F8097\" title=\"X\" rel=\"nofollow noopener\" target=\"_blank\"><amp-img src=\"https:\/\/www.radiomajaguabo.icrt.cu\/wp-content\/plugins\/sassy-social-share\/public\/..\/images\/amp\/x.svg\" width=\"40\" height=\"40\" alt=\"X\" class=\"amp-wp-enforced-sizes\" style=\"width:40px;\"><\/amp-img><\/a><\/div><div class=\"heateorSssClear\"><\/div><\/div>","protected":false},"author":1,"featured_media":8101,"comment_status":"open","ping_status":"open","sticky":false,"template":"","format":"standard","meta":{"colormag_page_layout":"default_layout","footnotes":""},"categories":[6,9,10],"tags":[],"ppma_author":[37,310],"class_list":["post-8097","post","type-post","status-publish","format-standard","has-post-thumbnail","hentry","category-cultura","category-historia","category-san-luis"],"authors":[{"term_id":37,"user_id":1,"is_guest":0,"slug":"alberterie","display_name":"Administrador","avatar_url":"https:\/\/secure.gravatar.com\/avatar\/c7c20c93c5f4c81e7a7dc9b02a42095ae8875c9af446129683aaa06faf7fd1f3?s=96&d=mm&r=g","author_category":"","user_url":"https:\/\/www.radiomajaguabo.icrt.cu","last_name":"Alberterie Rivero","first_name":"Pedro","job_title":"","description":""},{"term_id":310,"user_id":14,"is_guest":0,"slug":"arturo","display_name":"Arturo Oliva Alcolea","avatar_url":"https:\/\/secure.gravatar.com\/avatar\/9b6c770a58709a28b68b7a840f5a9cbc0729895e9e5765e54df65b0d0f11a00d?s=96&d=mm&r=g","author_category":"","user_url":"https:\/\/www.radiomajaguabo.icrt.cu","last_name":"Oliva Alcolea","first_name":"Arturo","job_title":"","description":""}],"amp_enabled":true,"_links":{"self":[{"href":"https:\/\/www.radiomajaguabo.icrt.cu\/index.php?rest_route=\/wp\/v2\/posts\/8097","targetHints":{"allow":["GET"]}}],"collection":[{"href":"https:\/\/www.radiomajaguabo.icrt.cu\/index.php?rest_route=\/wp\/v2\/posts"}],"about":[{"href":"https:\/\/www.radiomajaguabo.icrt.cu\/index.php?rest_route=\/wp\/v2\/types\/post"}],"author":[{"embeddable":true,"href":"https:\/\/www.radiomajaguabo.icrt.cu\/index.php?rest_route=\/wp\/v2\/users\/1"}],"replies":[{"embeddable":true,"href":"https:\/\/www.radiomajaguabo.icrt.cu\/index.php?rest_route=%2Fwp%2Fv2%2Fcomments&post=8097"}],"version-history":[{"count":6,"href":"https:\/\/www.radiomajaguabo.icrt.cu\/index.php?rest_route=\/wp\/v2\/posts\/8097\/revisions"}],"predecessor-version":[{"id":8116,"href":"https:\/\/www.radiomajaguabo.icrt.cu\/index.php?rest_route=\/wp\/v2\/posts\/8097\/revisions\/8116"}],"wp:featuredmedia":[{"embeddable":true,"href":"https:\/\/www.radiomajaguabo.icrt.cu\/index.php?rest_route=\/wp\/v2\/media\/8101"}],"wp:attachment":[{"href":"https:\/\/www.radiomajaguabo.icrt.cu\/index.php?rest_route=%2Fwp%2Fv2%2Fmedia&parent=8097"}],"wp:term":[{"taxonomy":"category","embeddable":true,"href":"https:\/\/www.radiomajaguabo.icrt.cu\/index.php?rest_route=%2Fwp%2Fv2%2Fcategories&post=8097"},{"taxonomy":"post_tag","embeddable":true,"href":"https:\/\/www.radiomajaguabo.icrt.cu\/index.php?rest_route=%2Fwp%2Fv2%2Ftags&post=8097"},{"taxonomy":"author","embeddable":true,"href":"https:\/\/www.radiomajaguabo.icrt.cu\/index.php?rest_route=%2Fwp%2Fv2%2Fppma_author&post=8097"}],"curies":[{"name":"wp","href":"https:\/\/api.w.org\/{rel}","templated":true}]}}