{"id":8043,"date":"2024-06-19T12:18:16","date_gmt":"2024-06-19T12:18:16","guid":{"rendered":"https:\/\/www.radiomajaguabo.icrt.cu\/?p=8043"},"modified":"2024-06-19T12:18:16","modified_gmt":"2024-06-19T12:18:16","slug":"radio-majaguabo-esta-en-festival","status":"publish","type":"post","link":"https:\/\/www.radiomajaguabo.icrt.cu\/?p=8043","title":{"rendered":"Radio Majaguabo est\u00e1 en Festival"},"content":{"rendered":"<div class=\"html-div xe8uvvx xdj266r x11i5rnm xat24cr x1mh8g0r xexx8yu x4uap5 x18d9i69 xkhd6sd\" dir=\"auto\">\n<div class=\"html-div xe8uvvx xdj266r x11i5rnm xat24cr x1mh8g0r xexx8yu x4uap5 x18d9i69 xkhd6sd\" dir=\"auto\">\n<div class=\"x1iorvi4 x1pi30zi x1l90r2v x1swvt13\" data-ad-comet-preview=\"message\" data-ad-preview=\"message\">\n<div class=\"x78zum5 xdt5ytf xz62fqu x16ldp7u\">\n<div class=\"xu06os2 x1ok221b\">\n<div class=\"xdj266r x11i5rnm xat24cr x1mh8g0r x1vvkbs x126k92a\">\n<div dir=\"auto\"><strong>San Luis, Santiago de Cuba, jun. 19, 24._<\/strong> El s\u00e1bado 22 de junio los radialistas sanluiseros iniciaremos la jornada por el aniversario 42 de nuestra emisora, a celebrarse el 5 de julio.<\/div>\n<div dir=\"auto\"><\/div>\n<div dir=\"auto\">A las 10:00 am el reconocido artista de la pl\u00e1stica Danys Montero, Hijo Ilustre de San Luis, inaugurar\u00e1 en la recepci\u00f3n de la casa radial una expo personal con muestras de su obra.<\/div>\n<div dir=\"auto\"><\/div>\n<div dir=\"auto\">El propio s\u00e1bado a las 11 de la ma\u00f1ana se realizar\u00e1 el Festival Municipal de la Radio en el Museo Polivalente \u00ab29 de abril\u00bb con la premiaci\u00f3n de las realizaciones art\u00edsticas m\u00e1s destacadas de las 15 en competencia.<\/div>\n<div dir=\"auto\"><\/div>\n<div dir=\"auto\">El 26 de este mes habr\u00e1 intercambio desde una comunidad y transmisi\u00f3n en vivo de la revista informativa Al d\u00eda y la discoteca de participaci\u00f3n Rompiendo la barrera.<\/div>\n<div dir=\"auto\"><\/div>\n<div dir=\"auto\">El lunes Primero de julio estrenaremos nuestra programaci\u00f3n de verano, que se extender\u00e1 hasta el Primero de septiembre. En lo sucesivo habr\u00e1 apoyo a la producci\u00f3n de alimentos desde la CPA Sabino Pupo, cooperativa Vanguardia Nacional, regresaremos a la finca Monte de Sion del productor Roberto Montero, y el 4 de julio, a las 11 de la ma\u00f1ana, el Museo local nos acoger\u00e1 nuevamente en la gala por el cumplea\u00f1os 42 de la FM sanluisera.<\/div>\n<div dir=\"auto\"><\/div>\n<div dir=\"auto\">Desde este sonido moderno, inmediato, sonido para ver, celebramos e invitamos a nuestra audiencia a ser protagonista del festejo. Radio Majaguabo de aniversario el 5 de julio.<\/div>\n<div dir=\"auto\"><span class=\"html-span xdj266r x11i5rnm xat24cr x1mh8g0r xexx8yu x4uap5 x18d9i69 xkhd6sd x1hl2dhg x16tdsg8 x1vvkbs\"><a class=\"x1i10hfl xjbqb8w x1ejq31n xd10rxx x1sy0etr x17r0tee x972fbf xcfux6l x1qhh985 xm0m39n x9f619 x1ypdohk xt0psk2 xe8uvvx xdj266r x11i5rnm xat24cr x1mh8g0r xexx8yu x4uap5 x18d9i69 xkhd6sd x16tdsg8 x1hl2dhg xggy1nq x1a2a7pz x1sur9pj xkrqix3 x1fey0fg xo1l8bm\" tabindex=\"0\" role=\"link\" href=\"https:\/\/www.facebook.com\/hashtag\/santiagodecuba?__eep__=6&amp;__cft__[0]=AZW5SFfDgsStz3z7RRrDZZz6k5v2qj1SN30ofe8Hm42O18wCZqFGwP5njDhX2S2PVFYyIXs6WaYB6M0C3AiGOKgGYLYy_PDf9R_3SgyfAOCajaGfV55aTUIFwCzqLCoiKXId5ng29HQerkxx4ieZfgfGeb3HWYc8he03Jwak2F6pbg&amp;__tn__=*NK-y-R\" target=\"_blank\" rel=\"noopener\">#SantiagodeCuba<\/a><\/span><\/div>\n<div dir=\"auto\"><span class=\"html-span xdj266r x11i5rnm xat24cr x1mh8g0r xexx8yu x4uap5 x18d9i69 xkhd6sd x1hl2dhg x16tdsg8 x1vvkbs\"><a class=\"x1i10hfl xjbqb8w x1ejq31n xd10rxx x1sy0etr x17r0tee x972fbf xcfux6l x1qhh985 xm0m39n x9f619 x1ypdohk xt0psk2 xe8uvvx xdj266r x11i5rnm xat24cr x1mh8g0r xexx8yu x4uap5 x18d9i69 xkhd6sd x16tdsg8 x1hl2dhg xggy1nq x1a2a7pz x1sur9pj xkrqix3 x1fey0fg xo1l8bm\" tabindex=\"0\" role=\"link\" href=\"https:\/\/www.facebook.com\/hashtag\/tierradelosmaceo?__eep__=6&amp;__cft__[0]=AZW5SFfDgsStz3z7RRrDZZz6k5v2qj1SN30ofe8Hm42O18wCZqFGwP5njDhX2S2PVFYyIXs6WaYB6M0C3AiGOKgGYLYy_PDf9R_3SgyfAOCajaGfV55aTUIFwCzqLCoiKXId5ng29HQerkxx4ieZfgfGeb3HWYc8he03Jwak2F6pbg&amp;__tn__=*NK-y-R\" target=\"_blank\" rel=\"noopener\">#TierraDeLosMaceo<\/a><\/span><\/div>\n<div dir=\"auto\"><span class=\"html-span xdj266r x11i5rnm xat24cr x1mh8g0r xexx8yu x4uap5 x18d9i69 xkhd6sd x1hl2dhg x16tdsg8 x1vvkbs\"><a class=\"x1i10hfl xjbqb8w x1ejq31n xd10rxx x1sy0etr x17r0tee x972fbf xcfux6l x1qhh985 xm0m39n x9f619 x1ypdohk xt0psk2 xe8uvvx xdj266r x11i5rnm xat24cr x1mh8g0r xexx8yu x4uap5 x18d9i69 xkhd6sd x16tdsg8 x1hl2dhg xggy1nq x1a2a7pz x1sur9pj xkrqix3 x1fey0fg xo1l8bm\" tabindex=\"0\" role=\"link\" href=\"https:\/\/www.facebook.com\/hashtag\/gentequesuma?__eep__=6&amp;__cft__[0]=AZW5SFfDgsStz3z7RRrDZZz6k5v2qj1SN30ofe8Hm42O18wCZqFGwP5njDhX2S2PVFYyIXs6WaYB6M0C3AiGOKgGYLYy_PDf9R_3SgyfAOCajaGfV55aTUIFwCzqLCoiKXId5ng29HQerkxx4ieZfgfGeb3HWYc8he03Jwak2F6pbg&amp;__tn__=*NK-y-R\" target=\"_blank\" rel=\"noopener\">#GenteQueSuma<\/a><\/span><\/div>\n<div dir=\"auto\"><span class=\"html-span xdj266r x11i5rnm xat24cr x1mh8g0r xexx8yu x4uap5 x18d9i69 xkhd6sd x1hl2dhg x16tdsg8 x1vvkbs\"><a class=\"x1i10hfl xjbqb8w x1ejq31n xd10rxx x1sy0etr x17r0tee x972fbf xcfux6l x1qhh985 xm0m39n x9f619 x1ypdohk xt0psk2 xe8uvvx xdj266r x11i5rnm xat24cr x1mh8g0r xexx8yu x4uap5 x18d9i69 xkhd6sd x16tdsg8 x1hl2dhg xggy1nq x1a2a7pz x1sur9pj xkrqix3 x1fey0fg xo1l8bm\" tabindex=\"0\" role=\"link\" href=\"https:\/\/www.facebook.com\/hashtag\/radiomajaguabo?__eep__=6&amp;__cft__[0]=AZW5SFfDgsStz3z7RRrDZZz6k5v2qj1SN30ofe8Hm42O18wCZqFGwP5njDhX2S2PVFYyIXs6WaYB6M0C3AiGOKgGYLYy_PDf9R_3SgyfAOCajaGfV55aTUIFwCzqLCoiKXId5ng29HQerkxx4ieZfgfGeb3HWYc8he03Jwak2F6pbg&amp;__tn__=*NK-y-R\" target=\"_blank\" rel=\"noopener\">#RadioMajaguabo<\/a><\/span><\/div>\n<div dir=\"auto\"><span class=\"html-span xdj266r x11i5rnm xat24cr x1mh8g0r xexx8yu x4uap5 x18d9i69 xkhd6sd x1hl2dhg x16tdsg8 x1vvkbs\"><a class=\"x1i10hfl xjbqb8w x1ejq31n xd10rxx x1sy0etr x17r0tee x972fbf xcfux6l x1qhh985 xm0m39n x9f619 x1ypdohk xt0psk2 xe8uvvx xdj266r x11i5rnm xat24cr x1mh8g0r xexx8yu x4uap5 x18d9i69 xkhd6sd x16tdsg8 x1hl2dhg xggy1nq x1a2a7pz x1sur9pj xkrqix3 x1fey0fg xo1l8bm\" tabindex=\"0\" role=\"link\" href=\"https:\/\/www.facebook.com\/hashtag\/cmkjsanluis?__eep__=6&amp;__cft__[0]=AZW5SFfDgsStz3z7RRrDZZz6k5v2qj1SN30ofe8Hm42O18wCZqFGwP5njDhX2S2PVFYyIXs6WaYB6M0C3AiGOKgGYLYy_PDf9R_3SgyfAOCajaGfV55aTUIFwCzqLCoiKXId5ng29HQerkxx4ieZfgfGeb3HWYc8he03Jwak2F6pbg&amp;__tn__=*NK-y-R\" target=\"_blank\" rel=\"noopener\">#CMKJSanLuis<\/a><\/span><\/div>\n<div dir=\"auto\"><span class=\"html-span xdj266r x11i5rnm xat24cr x1mh8g0r xexx8yu x4uap5 x18d9i69 xkhd6sd x1hl2dhg x16tdsg8 x1vvkbs\"><a class=\"x1i10hfl xjbqb8w x1ejq31n xd10rxx x1sy0etr x17r0tee x972fbf xcfux6l x1qhh985 xm0m39n x9f619 x1ypdohk xt0psk2 xe8uvvx xdj266r x11i5rnm xat24cr x1mh8g0r xexx8yu x4uap5 x18d9i69 xkhd6sd x16tdsg8 x1hl2dhg xggy1nq x1a2a7pz x1sur9pj xkrqix3 x1fey0fg xo1l8bm\" tabindex=\"0\" role=\"link\" href=\"https:\/\/www.facebook.com\/hashtag\/sistemaradialsantiaguero?__eep__=6&amp;__cft__[0]=AZW5SFfDgsStz3z7RRrDZZz6k5v2qj1SN30ofe8Hm42O18wCZqFGwP5njDhX2S2PVFYyIXs6WaYB6M0C3AiGOKgGYLYy_PDf9R_3SgyfAOCajaGfV55aTUIFwCzqLCoiKXId5ng29HQerkxx4ieZfgfGeb3HWYc8he03Jwak2F6pbg&amp;__tn__=*NK-y-R\" target=\"_blank\" rel=\"noopener\">#SistemaRadialSantiaguero<\/a><\/span><\/div>\n<\/div>\n<\/div>\n<\/div>\n<\/div>\n<\/div>\n<\/div>\n","protected":false},"excerpt":{"rendered":"<p>San Luis, Santiago de Cuba, jun. 19, 24._ El s\u00e1bado 22 de junio los radialistas sanluiseros iniciaremos la jornada por<\/p>\n<div class='heateor_sss_sharing_container heateor_sss_vertical_sharing heateor_sss_bottom_sharing' style='width:44px;left: -10px;top: 100px;-webkit-box-shadow:none;box-shadow:none;' ><div class=\"heateor_sss_sharing_ul\"><a class=\"heateor_sss_amp heateor_sss_amp_facebook\" href=\"https:\/\/www.facebook.com\/sharer\/sharer.php?u=https%3A%2F%2Fwww.radiomajaguabo.icrt.cu%2Findex.php%3Frest_route%3D%252Fwp%252Fv2%252Fposts%252F8043\" title=\"Facebook\" rel=\"nofollow noopener\" target=\"_blank\"><amp-img src=\"https:\/\/www.radiomajaguabo.icrt.cu\/wp-content\/plugins\/sassy-social-share\/public\/..\/images\/amp\/facebook.svg\" width=\"40\" height=\"40\" alt=\"Facebook\" class=\"amp-wp-enforced-sizes\" style=\"width: 40px;\"><\/amp-img><\/a><a class=\"heateor_sss_amp heateor_sss_amp_linkedin\" href=\"https:\/\/www.linkedin.com\/sharing\/share-offsite\/?url=https%3A%2F%2Fwww.radiomajaguabo.icrt.cu%2Findex.php%3Frest_route%3D%252Fwp%252Fv2%252Fposts%252F8043\" title=\"Linkedin\" rel=\"nofollow noopener\" target=\"_blank\"><amp-img src=\"https:\/\/www.radiomajaguabo.icrt.cu\/wp-content\/plugins\/sassy-social-share\/public\/..\/images\/amp\/linkedin.svg\" width=\"40\" height=\"40\" alt=\"Linkedin\" class=\"amp-wp-enforced-sizes\" style=\"width: 40px;\"><\/amp-img><\/a><a class=\"heateor_sss_amp heateor_sss_amp_whatsapp\" href=\"https:\/\/api.whatsapp.com\/send?text=Radio%20Majaguabo%20-%20Emisora%20Radio%20Majaguabo%2C%20San%20Luis%2C%20Santiago%20de%20Cuba%2C%20Cuba%20https%3A%2F%2Fwww.radiomajaguabo.icrt.cu%2Findex.php%3Frest_route%3D%252Fwp%252Fv2%252Fposts%252F8043\" title=\"Whatsapp\" rel=\"nofollow noopener\" target=\"_blank\"><amp-img src=\"https:\/\/www.radiomajaguabo.icrt.cu\/wp-content\/plugins\/sassy-social-share\/public\/..\/images\/amp\/whatsapp.svg\" width=\"40\" height=\"40\" alt=\"Whatsapp\" class=\"amp-wp-enforced-sizes\" style=\"width: 40px;\"><\/amp-img><\/a><a class=\"heateor_sss_amp heateor_sss_amp_instagram\" href=\"https:\/\/www.instagram.com\/\" title=\"Instagram\" rel=\"nofollow noopener\" target=\"_blank\"><amp-img src=\"https:\/\/www.radiomajaguabo.icrt.cu\/wp-content\/plugins\/sassy-social-share\/public\/..\/images\/amp\/instagram.svg\" width=\"40\" height=\"40\" alt=\"Instagram\" class=\"amp-wp-enforced-sizes\" style=\"width: 40px;\"><\/amp-img><\/a><a class=\"heateor_sss_amp heateor_sss_amp_x\" href=\"https:\/\/twitter.com\/intent\/tweet?text=Radio%20Majaguabo%20-%20Emisora%20Radio%20Majaguabo%2C%20San%20Luis%2C%20Santiago%20de%20Cuba%2C%20Cuba&url=https%3A%2F%2Fwww.radiomajaguabo.icrt.cu%2Findex.php%3Frest_route%3D%252Fwp%252Fv2%252Fposts%252F8043\" title=\"X\" rel=\"nofollow noopener\" target=\"_blank\"><amp-img src=\"https:\/\/www.radiomajaguabo.icrt.cu\/wp-content\/plugins\/sassy-social-share\/public\/..\/images\/amp\/x.svg\" width=\"40\" height=\"40\" alt=\"X\" class=\"amp-wp-enforced-sizes\" style=\"width:40px;\"><\/amp-img><\/a><\/div><div class=\"heateorSssClear\"><\/div><\/div>","protected":false},"author":1,"featured_media":8046,"comment_status":"open","ping_status":"open","sticky":false,"template":"","format":"standard","meta":{"colormag_page_layout":"default_layout","footnotes":""},"categories":[6,9,10],"tags":[],"ppma_author":[37,492],"class_list":["post-8043","post","type-post","status-publish","format-standard","has-post-thumbnail","hentry","category-cultura","category-historia","category-san-luis"],"authors":[{"term_id":37,"user_id":1,"is_guest":0,"slug":"alberterie","display_name":"Administrador","avatar_url":"https:\/\/secure.gravatar.com\/avatar\/c7c20c93c5f4c81e7a7dc9b02a42095ae8875c9af446129683aaa06faf7fd1f3?s=96&d=mm&r=g","author_category":"","user_url":"https:\/\/www.radiomajaguabo.icrt.cu","last_name":"Alberterie Rivero","first_name":"Pedro","job_title":"","description":""},{"term_id":492,"user_id":16,"is_guest":0,"slug":"adielyeivys","display_name":"Adielyeivys Texido Odio","avatar_url":"https:\/\/secure.gravatar.com\/avatar\/1b60bdc3c4036867a485e765d25f0c5565f093e0880aa727e39de5b2e44524d6?s=96&d=mm&r=g","author_category":"","user_url":"https:\/\/www.radiomajaguabo.icrt.cu","last_name":"Texido Odio","first_name":"Adielyeivys","job_title":"","description":""}],"amp_enabled":true,"_links":{"self":[{"href":"https:\/\/www.radiomajaguabo.icrt.cu\/index.php?rest_route=\/wp\/v2\/posts\/8043","targetHints":{"allow":["GET"]}}],"collection":[{"href":"https:\/\/www.radiomajaguabo.icrt.cu\/index.php?rest_route=\/wp\/v2\/posts"}],"about":[{"href":"https:\/\/www.radiomajaguabo.icrt.cu\/index.php?rest_route=\/wp\/v2\/types\/post"}],"author":[{"embeddable":true,"href":"https:\/\/www.radiomajaguabo.icrt.cu\/index.php?rest_route=\/wp\/v2\/users\/1"}],"replies":[{"embeddable":true,"href":"https:\/\/www.radiomajaguabo.icrt.cu\/index.php?rest_route=%2Fwp%2Fv2%2Fcomments&post=8043"}],"version-history":[{"count":1,"href":"https:\/\/www.radiomajaguabo.icrt.cu\/index.php?rest_route=\/wp\/v2\/posts\/8043\/revisions"}],"predecessor-version":[{"id":8047,"href":"https:\/\/www.radiomajaguabo.icrt.cu\/index.php?rest_route=\/wp\/v2\/posts\/8043\/revisions\/8047"}],"wp:featuredmedia":[{"embeddable":true,"href":"https:\/\/www.radiomajaguabo.icrt.cu\/index.php?rest_route=\/wp\/v2\/media\/8046"}],"wp:attachment":[{"href":"https:\/\/www.radiomajaguabo.icrt.cu\/index.php?rest_route=%2Fwp%2Fv2%2Fmedia&parent=8043"}],"wp:term":[{"taxonomy":"category","embeddable":true,"href":"https:\/\/www.radiomajaguabo.icrt.cu\/index.php?rest_route=%2Fwp%2Fv2%2Fcategories&post=8043"},{"taxonomy":"post_tag","embeddable":true,"href":"https:\/\/www.radiomajaguabo.icrt.cu\/index.php?rest_route=%2Fwp%2Fv2%2Ftags&post=8043"},{"taxonomy":"author","embeddable":true,"href":"https:\/\/www.radiomajaguabo.icrt.cu\/index.php?rest_route=%2Fwp%2Fv2%2Fppma_author&post=8043"}],"curies":[{"name":"wp","href":"https:\/\/api.w.org\/{rel}","templated":true}]}}