{"id":8027,"date":"2024-10-01T00:56:03","date_gmt":"2024-10-01T00:56:03","guid":{"rendered":"https:\/\/www.radiomajaguabo.icrt.cu\/?p=8027"},"modified":"2024-09-30T12:22:30","modified_gmt":"2024-09-30T12:22:30","slug":"pitagoras-una-bella-ancianidad-es-ordinariamente-la-recompensa-de-una-bella-vida","status":"publish","type":"post","link":"https:\/\/www.radiomajaguabo.icrt.cu\/?p=8027","title":{"rendered":"Pit\u00e1goras: \u201cUna bella ancianidad es, ordinariamente, la recompensa de una bella vida\u201d"},"content":{"rendered":"<p><strong>San Luis, Santiago de Cuba, oct. 1, 24. _<\/strong> Con m\u00e1s de tres d\u00e9cadas de fundados, los C\u00edrculos de Abuelos en Cuba son una noble iniciativa de la cual se benefician m\u00e1s de 50 mil personas de la llamada tercera edad en Santiago de Cuba, un programa en el que este municipio est\u00e1 insertado.<!--more--><\/p>\n<p>Debido al creciente \u00edndice de envejecimiento poblacional en el pa\u00eds, cada d\u00eda se destina mayor cantidad de profesores de Cultura F\u00edsica, pertenecientes al Instituto de Deporte, Educaci\u00f3n F\u00edsica y Recreaci\u00f3n (INDER).<\/p>\n<p>En territorio sanluisero son muchos los C\u00edrculos de Abuelos, como el ubicado en la comunidad 38 con el nombre de un h\u00e9roe insigne de San Luis, Antonio Maceo Grajales, y del cual son muchas las experiencias positivas que atesoran los abuelos que conforman este espacio, no s\u00f3lo desde el punto de vista f\u00edsico, sino humano.<\/p>\n<p>Para la inserci\u00f3n en estos colectivos, primeramente, se les realiza un diagn\u00f3stico, y en dependencia de los resultados, de conjunto con el m\u00e9dico de la familia, se les asignan individualmente actividades para el mantenimiento de capacidades como la fuerza muscular y la resistencia f\u00edsica.<\/p>\n<p>Independientemente de la importancia de la actividad f\u00edsica para mejorar la calidad de vida de las personas, todav\u00eda existe baja conciencia de los ancianos, especialmente los hombres, y sus familiares en cuanto a la necesidad de involucrarse en acciones de este tipo que favorecen su salud, pero tambi\u00e9n hay muchos que les interesa formar parte de esta familia que es el Circulo de Abuelos Antonio Maceo de San Luis de ellos dialog\u00f3 su profesor el Licenciado Roibel Mart\u00ednez.<\/p>\n<p>En el C\u00edrculo de Abuelos no solo se realizan las clases\u00a0 las clases cotidianas, pues tambi\u00e9n se promueven otras actividades como caminatas, excursiones, visitas a sitios hist\u00f3ricos y otras que contribuyen con mejorar la calidad de vida de\u00a0 los adultos mayores que conforman este espacio .de territorio sanluisero en el que se ven involucrado adem\u00e1s del Instituto de Deportes, Educaci\u00f3n F\u00edsica y Recreaci\u00f3n, Salud P\u00fablica y el Gobierno Municipal, representado por la delegada de la Circunscripci\u00f3n 38, Mireya Mart\u00ednez, quien nos dialog\u00f3 de los beneficios que ha tra\u00eddo a la comunidad.<\/p>\n<p>Cuidar de los abuelos y abuelas, los \u00fanicos capaces de contener experiencia, es un deber que tenemos las nuevas generaciones en un pa\u00eds cada vez m\u00e1s envejecido y los C\u00edrculos de Abuelos como el Antonio Maceo de territorio sanluisero constituyen el lugar ideal para destacar la capacidad de los adultos mayores y la importancia que tiene para nuestro sistema este grupo etario. \u00a0Recordemos siempre la frase del fil\u00f3sofo y matem\u00e1tico griego Pit\u00e1goras \u201cUna bella ancianidad es, ordinariamente, la recompensa de una bella vida\u201d<\/p>\n","protected":false},"excerpt":{"rendered":"<p>San Luis, Santiago de Cuba, oct. 1, 24. _ Con m\u00e1s de tres d\u00e9cadas de fundados, los C\u00edrculos de Abuelos<\/p>\n<div class='heateor_sss_sharing_container heateor_sss_vertical_sharing heateor_sss_bottom_sharing' style='width:44px;left: -10px;top: 100px;-webkit-box-shadow:none;box-shadow:none;' ><div class=\"heateor_sss_sharing_ul\"><a class=\"heateor_sss_amp heateor_sss_amp_facebook\" href=\"https:\/\/www.facebook.com\/sharer\/sharer.php?u=https%3A%2F%2Fwww.radiomajaguabo.icrt.cu%2Findex.php%3Frest_route%3D%252Fwp%252Fv2%252Fposts%252F8027\" title=\"Facebook\" rel=\"nofollow noopener\" target=\"_blank\"><amp-img src=\"https:\/\/www.radiomajaguabo.icrt.cu\/wp-content\/plugins\/sassy-social-share\/public\/..\/images\/amp\/facebook.svg\" width=\"40\" height=\"40\" alt=\"Facebook\" class=\"amp-wp-enforced-sizes\" style=\"width: 40px;\"><\/amp-img><\/a><a class=\"heateor_sss_amp heateor_sss_amp_linkedin\" href=\"https:\/\/www.linkedin.com\/sharing\/share-offsite\/?url=https%3A%2F%2Fwww.radiomajaguabo.icrt.cu%2Findex.php%3Frest_route%3D%252Fwp%252Fv2%252Fposts%252F8027\" title=\"Linkedin\" rel=\"nofollow noopener\" target=\"_blank\"><amp-img src=\"https:\/\/www.radiomajaguabo.icrt.cu\/wp-content\/plugins\/sassy-social-share\/public\/..\/images\/amp\/linkedin.svg\" width=\"40\" height=\"40\" alt=\"Linkedin\" class=\"amp-wp-enforced-sizes\" style=\"width: 40px;\"><\/amp-img><\/a><a class=\"heateor_sss_amp heateor_sss_amp_whatsapp\" href=\"https:\/\/api.whatsapp.com\/send?text=Radio%20Majaguabo%20-%20Emisora%20Radio%20Majaguabo%2C%20San%20Luis%2C%20Santiago%20de%20Cuba%2C%20Cuba%20https%3A%2F%2Fwww.radiomajaguabo.icrt.cu%2Findex.php%3Frest_route%3D%252Fwp%252Fv2%252Fposts%252F8027\" title=\"Whatsapp\" rel=\"nofollow noopener\" target=\"_blank\"><amp-img src=\"https:\/\/www.radiomajaguabo.icrt.cu\/wp-content\/plugins\/sassy-social-share\/public\/..\/images\/amp\/whatsapp.svg\" width=\"40\" height=\"40\" alt=\"Whatsapp\" class=\"amp-wp-enforced-sizes\" style=\"width: 40px;\"><\/amp-img><\/a><a class=\"heateor_sss_amp heateor_sss_amp_instagram\" href=\"https:\/\/www.instagram.com\/\" title=\"Instagram\" rel=\"nofollow noopener\" target=\"_blank\"><amp-img src=\"https:\/\/www.radiomajaguabo.icrt.cu\/wp-content\/plugins\/sassy-social-share\/public\/..\/images\/amp\/instagram.svg\" width=\"40\" height=\"40\" alt=\"Instagram\" class=\"amp-wp-enforced-sizes\" style=\"width: 40px;\"><\/amp-img><\/a><a class=\"heateor_sss_amp heateor_sss_amp_x\" href=\"https:\/\/twitter.com\/intent\/tweet?text=Radio%20Majaguabo%20-%20Emisora%20Radio%20Majaguabo%2C%20San%20Luis%2C%20Santiago%20de%20Cuba%2C%20Cuba&url=https%3A%2F%2Fwww.radiomajaguabo.icrt.cu%2Findex.php%3Frest_route%3D%252Fwp%252Fv2%252Fposts%252F8027\" title=\"X\" rel=\"nofollow noopener\" target=\"_blank\"><amp-img src=\"https:\/\/www.radiomajaguabo.icrt.cu\/wp-content\/plugins\/sassy-social-share\/public\/..\/images\/amp\/x.svg\" width=\"40\" height=\"40\" alt=\"X\" class=\"amp-wp-enforced-sizes\" style=\"width:40px;\"><\/amp-img><\/a><\/div><div class=\"heateorSssClear\"><\/div><\/div>","protected":false},"author":1,"featured_media":8037,"comment_status":"open","ping_status":"open","sticky":false,"template":"","format":"standard","meta":{"colormag_page_layout":"default_layout","footnotes":""},"categories":[6,9,10],"tags":[],"ppma_author":[37,847],"class_list":["post-8027","post","type-post","status-publish","format-standard","has-post-thumbnail","hentry","category-cultura","category-historia","category-san-luis"],"authors":[{"term_id":37,"user_id":1,"is_guest":0,"slug":"alberterie","display_name":"Administrador","avatar_url":"https:\/\/secure.gravatar.com\/avatar\/c7c20c93c5f4c81e7a7dc9b02a42095ae8875c9af446129683aaa06faf7fd1f3?s=96&d=mm&r=g","author_category":"","user_url":"https:\/\/www.radiomajaguabo.icrt.cu","last_name":"Alberterie Rivero","first_name":"Pedro","job_title":"","description":""},{"term_id":847,"user_id":7,"is_guest":0,"slug":"ariadna","display_name":"Ariadna P\u00e9rez Morales","avatar_url":"https:\/\/secure.gravatar.com\/avatar\/c3f225207c412ea444f41008f0fb8216e66f9ddf2cc1fffa011b9113f906aa1f?s=96&d=mm&r=g","author_category":"","user_url":"","last_name":"P\u00e9rez Morales","first_name":"Ariadna","job_title":"","description":""}],"amp_enabled":true,"_links":{"self":[{"href":"https:\/\/www.radiomajaguabo.icrt.cu\/index.php?rest_route=\/wp\/v2\/posts\/8027","targetHints":{"allow":["GET"]}}],"collection":[{"href":"https:\/\/www.radiomajaguabo.icrt.cu\/index.php?rest_route=\/wp\/v2\/posts"}],"about":[{"href":"https:\/\/www.radiomajaguabo.icrt.cu\/index.php?rest_route=\/wp\/v2\/types\/post"}],"author":[{"embeddable":true,"href":"https:\/\/www.radiomajaguabo.icrt.cu\/index.php?rest_route=\/wp\/v2\/users\/1"}],"replies":[{"embeddable":true,"href":"https:\/\/www.radiomajaguabo.icrt.cu\/index.php?rest_route=%2Fwp%2Fv2%2Fcomments&post=8027"}],"version-history":[{"count":3,"href":"https:\/\/www.radiomajaguabo.icrt.cu\/index.php?rest_route=\/wp\/v2\/posts\/8027\/revisions"}],"predecessor-version":[{"id":9168,"href":"https:\/\/www.radiomajaguabo.icrt.cu\/index.php?rest_route=\/wp\/v2\/posts\/8027\/revisions\/9168"}],"wp:featuredmedia":[{"embeddable":true,"href":"https:\/\/www.radiomajaguabo.icrt.cu\/index.php?rest_route=\/wp\/v2\/media\/8037"}],"wp:attachment":[{"href":"https:\/\/www.radiomajaguabo.icrt.cu\/index.php?rest_route=%2Fwp%2Fv2%2Fmedia&parent=8027"}],"wp:term":[{"taxonomy":"category","embeddable":true,"href":"https:\/\/www.radiomajaguabo.icrt.cu\/index.php?rest_route=%2Fwp%2Fv2%2Fcategories&post=8027"},{"taxonomy":"post_tag","embeddable":true,"href":"https:\/\/www.radiomajaguabo.icrt.cu\/index.php?rest_route=%2Fwp%2Fv2%2Ftags&post=8027"},{"taxonomy":"author","embeddable":true,"href":"https:\/\/www.radiomajaguabo.icrt.cu\/index.php?rest_route=%2Fwp%2Fv2%2Fppma_author&post=8027"}],"curies":[{"name":"wp","href":"https:\/\/api.w.org\/{rel}","templated":true}]}}