{"id":762,"date":"2022-11-16T14:37:51","date_gmt":"2022-11-16T14:37:51","guid":{"rendered":"https:\/\/www.radiomajaguabo.icrt.cu\/?p=762"},"modified":"2022-11-16T14:42:35","modified_gmt":"2022-11-16T14:42:35","slug":"equipo-de-beisbol-representara-a-san-luis-en-la-62-serie-provincial","status":"publish","type":"post","link":"https:\/\/www.radiomajaguabo.icrt.cu\/?p=762","title":{"rendered":"Abanderado Equipo beisbolero de San Luis para 62 serie provincial"},"content":{"rendered":"<p><strong>San Luis, nov. 16, 22. _<\/strong> Mejorar los resultados de la temporada anterior, donde ocuparon el sexto puesto, es el prop\u00f3sito fundamental del equipo de b\u00e9isbol de la Tierra de Los Maceo, que nos representar\u00e1 en la 62 serie provincial de ese deporte, en la primera categor\u00eda.<!--more--><\/p>\n<p>La v\u00edspera, el monumento erigido a Mariana Grajales, en el parque del mismo nombre de esta ciudad, tuvo lugar la ceremonia de abanderamiento del plantel.<\/p>\n<p><img loading=\"lazy\" decoding=\"async\" class=\"wp-image-767 aligncenter\" src=\"https:\/\/www.radiomajaguabo.icrt.cu\/wp-content\/uploads\/2022\/11\/315434593_5993609560670315_8326626112281973988_n-225x300.jpg\" alt=\"\" width=\"387\" height=\"516\" srcset=\"https:\/\/www.radiomajaguabo.icrt.cu\/wp-content\/uploads\/2022\/11\/315434593_5993609560670315_8326626112281973988_n-225x300.jpg 225w, https:\/\/www.radiomajaguabo.icrt.cu\/wp-content\/uploads\/2022\/11\/315434593_5993609560670315_8326626112281973988_n-768x1024.jpg 768w, https:\/\/www.radiomajaguabo.icrt.cu\/wp-content\/uploads\/2022\/11\/315434593_5993609560670315_8326626112281973988_n-1152x1536.jpg 1152w, https:\/\/www.radiomajaguabo.icrt.cu\/wp-content\/uploads\/2022\/11\/315434593_5993609560670315_8326626112281973988_n.jpg 1536w\" sizes=\"auto, (max-width: 387px) 100vw, 387px\" \/><\/p>\n<p>De manos de la directora en funciones del sector del Deportes en San Luis, el joven Rainel Cesar Castillo N\u00fa\u00f1ez, capit\u00e1n del equipo recibi\u00f3 la bandera, que los representa. Seguidamente dio a conocer el juramento de los integrantes del equipo.<\/p>\n<p><img loading=\"lazy\" decoding=\"async\" class=\"wp-image-768 aligncenter\" src=\"https:\/\/www.radiomajaguabo.icrt.cu\/wp-content\/uploads\/2022\/11\/314409716_5993613420669929_1273753410882532690_n-225x300.jpg\" alt=\"\" width=\"430\" height=\"573\" srcset=\"https:\/\/www.radiomajaguabo.icrt.cu\/wp-content\/uploads\/2022\/11\/314409716_5993613420669929_1273753410882532690_n-225x300.jpg 225w, https:\/\/www.radiomajaguabo.icrt.cu\/wp-content\/uploads\/2022\/11\/314409716_5993613420669929_1273753410882532690_n-768x1024.jpg 768w, https:\/\/www.radiomajaguabo.icrt.cu\/wp-content\/uploads\/2022\/11\/314409716_5993613420669929_1273753410882532690_n-1152x1536.jpg 1152w, https:\/\/www.radiomajaguabo.icrt.cu\/wp-content\/uploads\/2022\/11\/314409716_5993613420669929_1273753410882532690_n.jpg 1536w\" sizes=\"auto, (max-width: 430px) 100vw, 430px\" \/><\/p>\n<p>El debut del equipo sanluisero tendr\u00e1 lugar este mi\u00e9rcoles 16 de noviembre, cuando en doble juego, a partir de las 10 de la ma\u00f1ana, enfrente al seleccionado del municipio de Segundo Frente en el Estadio \u201cAlberto Fern\u00e1ndez Montes de Oca\u201d, de esta localidad.<\/p>\n<p><img loading=\"lazy\" decoding=\"async\" class=\"wp-image-769 aligncenter\" src=\"https:\/\/www.radiomajaguabo.icrt.cu\/wp-content\/uploads\/2022\/11\/315082023_5993614630669808_6285078280064869675_n-300x225.jpg\" alt=\"\" width=\"508\" height=\"381\" srcset=\"https:\/\/www.radiomajaguabo.icrt.cu\/wp-content\/uploads\/2022\/11\/315082023_5993614630669808_6285078280064869675_n-300x225.jpg 300w, https:\/\/www.radiomajaguabo.icrt.cu\/wp-content\/uploads\/2022\/11\/315082023_5993614630669808_6285078280064869675_n-1024x768.jpg 1024w, https:\/\/www.radiomajaguabo.icrt.cu\/wp-content\/uploads\/2022\/11\/315082023_5993614630669808_6285078280064869675_n-768x576.jpg 768w, https:\/\/www.radiomajaguabo.icrt.cu\/wp-content\/uploads\/2022\/11\/315082023_5993614630669808_6285078280064869675_n-1536x1152.jpg 1536w, https:\/\/www.radiomajaguabo.icrt.cu\/wp-content\/uploads\/2022\/11\/315082023_5993614630669808_6285078280064869675_n.jpg 2048w\" sizes=\"auto, (max-width: 508px) 100vw, 508px\" \/><\/p>\n<p>En esta ocasi\u00f3n el equipo sanluisero estar\u00e1 comandado por el experimentado director t\u00e9cnico, Eraime Abad Echavarr\u00eda (Capuch\u00edn).<\/p>\n<p><img loading=\"lazy\" decoding=\"async\" class=\"wp-image-770 aligncenter\" src=\"https:\/\/www.radiomajaguabo.icrt.cu\/wp-content\/uploads\/2022\/11\/314064810_5993611820670089_8111354823904709246_n-300x225.jpg\" alt=\"\" width=\"487\" height=\"365\" srcset=\"https:\/\/www.radiomajaguabo.icrt.cu\/wp-content\/uploads\/2022\/11\/314064810_5993611820670089_8111354823904709246_n-300x225.jpg 300w, https:\/\/www.radiomajaguabo.icrt.cu\/wp-content\/uploads\/2022\/11\/314064810_5993611820670089_8111354823904709246_n.jpg 600w\" sizes=\"auto, (max-width: 487px) 100vw, 487px\" \/><\/p>\n<p>&nbsp;<\/p>\n","protected":false},"excerpt":{"rendered":"<p>San Luis, nov. 16, 22. _ Mejorar los resultados de la temporada anterior, donde ocuparon el sexto puesto, es el<\/p>\n<div class='heateor_sss_sharing_container heateor_sss_vertical_sharing heateor_sss_bottom_sharing' style='width:44px;left: -10px;top: 100px;-webkit-box-shadow:none;box-shadow:none;' ><div class=\"heateor_sss_sharing_ul\"><a class=\"heateor_sss_amp heateor_sss_amp_facebook\" href=\"https:\/\/www.facebook.com\/sharer\/sharer.php?u=https%3A%2F%2Fwww.radiomajaguabo.icrt.cu%2Findex.php%3Frest_route%3D%252Fwp%252Fv2%252Fposts%252F762\" title=\"Facebook\" rel=\"nofollow noopener\" target=\"_blank\"><amp-img src=\"https:\/\/www.radiomajaguabo.icrt.cu\/wp-content\/plugins\/sassy-social-share\/public\/..\/images\/amp\/facebook.svg\" width=\"40\" height=\"40\" alt=\"Facebook\" class=\"amp-wp-enforced-sizes\" style=\"width: 40px;\"><\/amp-img><\/a><a class=\"heateor_sss_amp heateor_sss_amp_linkedin\" href=\"https:\/\/www.linkedin.com\/sharing\/share-offsite\/?url=https%3A%2F%2Fwww.radiomajaguabo.icrt.cu%2Findex.php%3Frest_route%3D%252Fwp%252Fv2%252Fposts%252F762\" title=\"Linkedin\" rel=\"nofollow noopener\" target=\"_blank\"><amp-img src=\"https:\/\/www.radiomajaguabo.icrt.cu\/wp-content\/plugins\/sassy-social-share\/public\/..\/images\/amp\/linkedin.svg\" width=\"40\" height=\"40\" alt=\"Linkedin\" class=\"amp-wp-enforced-sizes\" style=\"width: 40px;\"><\/amp-img><\/a><a class=\"heateor_sss_amp heateor_sss_amp_whatsapp\" href=\"https:\/\/api.whatsapp.com\/send?text=Radio%20Majaguabo%20-%20Emisora%20Radio%20Majaguabo%2C%20San%20Luis%2C%20Santiago%20de%20Cuba%2C%20Cuba%20https%3A%2F%2Fwww.radiomajaguabo.icrt.cu%2Findex.php%3Frest_route%3D%252Fwp%252Fv2%252Fposts%252F762\" title=\"Whatsapp\" rel=\"nofollow noopener\" target=\"_blank\"><amp-img src=\"https:\/\/www.radiomajaguabo.icrt.cu\/wp-content\/plugins\/sassy-social-share\/public\/..\/images\/amp\/whatsapp.svg\" width=\"40\" height=\"40\" alt=\"Whatsapp\" class=\"amp-wp-enforced-sizes\" style=\"width: 40px;\"><\/amp-img><\/a><a class=\"heateor_sss_amp heateor_sss_amp_instagram\" href=\"https:\/\/www.instagram.com\/\" title=\"Instagram\" rel=\"nofollow noopener\" target=\"_blank\"><amp-img src=\"https:\/\/www.radiomajaguabo.icrt.cu\/wp-content\/plugins\/sassy-social-share\/public\/..\/images\/amp\/instagram.svg\" width=\"40\" height=\"40\" alt=\"Instagram\" class=\"amp-wp-enforced-sizes\" style=\"width: 40px;\"><\/amp-img><\/a><a class=\"heateor_sss_amp heateor_sss_amp_x\" href=\"https:\/\/twitter.com\/intent\/tweet?text=Radio%20Majaguabo%20-%20Emisora%20Radio%20Majaguabo%2C%20San%20Luis%2C%20Santiago%20de%20Cuba%2C%20Cuba&url=https%3A%2F%2Fwww.radiomajaguabo.icrt.cu%2Findex.php%3Frest_route%3D%252Fwp%252Fv2%252Fposts%252F762\" title=\"X\" rel=\"nofollow noopener\" target=\"_blank\"><amp-img src=\"https:\/\/www.radiomajaguabo.icrt.cu\/wp-content\/plugins\/sassy-social-share\/public\/..\/images\/amp\/x.svg\" width=\"40\" height=\"40\" alt=\"X\" class=\"amp-wp-enforced-sizes\" style=\"width:40px;\"><\/amp-img><\/a><\/div><div class=\"heateorSssClear\"><\/div><\/div>","protected":false},"author":3,"featured_media":771,"comment_status":"open","ping_status":"open","sticky":false,"template":"","format":"standard","meta":{"colormag_page_layout":"default_layout","footnotes":""},"categories":[10,5],"tags":[451,110,304],"ppma_author":[438],"class_list":["post-762","post","type-post","status-publish","format-standard","has-post-thumbnail","hentry","category-san-luis","category-deportes","tag-62-serie-provincial","tag-beisbol","tag-san-luis"],"authors":[{"term_id":438,"user_id":3,"is_guest":0,"slug":"gilberto","display_name":"Gilberto Salazar Le\u00f3n","avatar_url":"https:\/\/secure.gravatar.com\/avatar\/949572f73a0f81597932fc49387fc6d8ed248f43ce69c9c4c8a01878f0165541?s=96&d=mm&r=g","author_category":"","user_url":"","last_name":"Salazar Le\u00f3n","first_name":"Gilberto","job_title":"","description":""}],"amp_enabled":true,"_links":{"self":[{"href":"https:\/\/www.radiomajaguabo.icrt.cu\/index.php?rest_route=\/wp\/v2\/posts\/762","targetHints":{"allow":["GET"]}}],"collection":[{"href":"https:\/\/www.radiomajaguabo.icrt.cu\/index.php?rest_route=\/wp\/v2\/posts"}],"about":[{"href":"https:\/\/www.radiomajaguabo.icrt.cu\/index.php?rest_route=\/wp\/v2\/types\/post"}],"author":[{"embeddable":true,"href":"https:\/\/www.radiomajaguabo.icrt.cu\/index.php?rest_route=\/wp\/v2\/users\/3"}],"replies":[{"embeddable":true,"href":"https:\/\/www.radiomajaguabo.icrt.cu\/index.php?rest_route=%2Fwp%2Fv2%2Fcomments&post=762"}],"version-history":[{"count":3,"href":"https:\/\/www.radiomajaguabo.icrt.cu\/index.php?rest_route=\/wp\/v2\/posts\/762\/revisions"}],"predecessor-version":[{"id":778,"href":"https:\/\/www.radiomajaguabo.icrt.cu\/index.php?rest_route=\/wp\/v2\/posts\/762\/revisions\/778"}],"wp:featuredmedia":[{"embeddable":true,"href":"https:\/\/www.radiomajaguabo.icrt.cu\/index.php?rest_route=\/wp\/v2\/media\/771"}],"wp:attachment":[{"href":"https:\/\/www.radiomajaguabo.icrt.cu\/index.php?rest_route=%2Fwp%2Fv2%2Fmedia&parent=762"}],"wp:term":[{"taxonomy":"category","embeddable":true,"href":"https:\/\/www.radiomajaguabo.icrt.cu\/index.php?rest_route=%2Fwp%2Fv2%2Fcategories&post=762"},{"taxonomy":"post_tag","embeddable":true,"href":"https:\/\/www.radiomajaguabo.icrt.cu\/index.php?rest_route=%2Fwp%2Fv2%2Ftags&post=762"},{"taxonomy":"author","embeddable":true,"href":"https:\/\/www.radiomajaguabo.icrt.cu\/index.php?rest_route=%2Fwp%2Fv2%2Fppma_author&post=762"}],"curies":[{"name":"wp","href":"https:\/\/api.w.org\/{rel}","templated":true}]}}