{"id":7061,"date":"2024-03-21T13:49:30","date_gmt":"2024-03-21T13:49:30","guid":{"rendered":"https:\/\/www.radiomajaguabo.icrt.cu\/?p=7061"},"modified":"2024-03-21T13:49:30","modified_gmt":"2024-03-21T13:49:30","slug":"partido-de-guatemala-exige-fin-del-bloqueo-y-acciones-contra-cuba","status":"publish","type":"post","link":"https:\/\/www.radiomajaguabo.icrt.cu\/?p=7061","title":{"rendered":"Partido de Guatemala exige fin del bloqueo y acciones contra Cuba"},"content":{"rendered":"<div class=\"elementor-element elementor-element-5a38e61 e-flex e-con-boxed e-con e-child\" data-id=\"5a38e61\" data-element_type=\"container\">\n<div class=\"e-con-inner\">\n<div class=\"elementor-element elementor-element-d2a4feb elementor-widget elementor-widget-theme-post-excerpt\" data-id=\"d2a4feb\" data-element_type=\"widget\" data-widget_type=\"theme-post-excerpt.default\">\n<div class=\"elementor-widget-container\">Ciudad de Guatemala, 21 mar (Prensa Latina) El partido Unidad Revolucionaria Nacional Guatemalteca (URNG) exigi\u00f3 el fin del bloqueo impuesto por Estados Unidos que provoca hoy sufrimiento a pueblo de Cuba y las acciones desestabilizadoras desde ese pa\u00eds norte\u00f1o.<\/div>\n<\/div>\n<\/div>\n<\/div>\n<p><!--more--><\/p>\n<div class=\"elementor-widget-container\">\n<p>Mediante un comunicado, la agrupaci\u00f3n pol\u00edtica expres\u00f3 que el gobierno de la Casa Blanca, en su af\u00e1n de mantener su hegemon\u00eda hacia estas naciones, de forma manipuladora utiliz\u00f3 los acontecimientos del pasado 17 de marzo en la mayor isla del Caribe.<\/p>\n<p>Record\u00f3 que ese d\u00eda grupos de ciudadanos en el oriente de aquel territorio antillano se manifestaron por las dificultades que impactan al pueblo, con el d\u00e9ficit en la capacidad de generaci\u00f3n de energ\u00eda el\u00e9ctrica y en la distribuci\u00f3n de alimentos.<\/p>\n<p>De manera c\u00ednica, el imperialismo, por medio de sus representantes en Cuba, se atreve a \u201cdemandar\u201d al gobierno cubano \u201cque solucione\u201d los problemas que ellos mismos han creado e incentivado, subray\u00f3 la fuerza hist\u00f3rica de la izquierda en este pa\u00eds.<\/p>\n<p>Ello, se\u00f1al\u00f3, a trav\u00e9s de sus pol\u00edticas injerencistas, prepotentes, desestabilizadoras, inhumanas, genocidas, que durante m\u00e1s de 60 a\u00f1os intentaron asfixiar econ\u00f3micamente a la isla para generar estallidos sociales.<\/p>\n<p>El objetivo estadounidense es romper la unidad que el pueblo cubano tiene con su gobierno revolucionario, y derrocarlo, de acuerdo con el texto de URNG.<\/p>\n<p>Sabemos, y el mundo lo sabe, remarc\u00f3, que los habitantes de la isla caribe\u00f1a son conscientes de lo que ha significado su revoluci\u00f3n y que no est\u00e1 dispuesto a volver a una Cuba neocolonial, neoliberal.<\/p>\n<p>Fundado como grupo guerrillero el 7 de febrero de 1982, el partido confi\u00f3 en que el pueblo de la isla sigue y seguir\u00e1 firme en defensa de su soberan\u00eda e independencia.<\/p>\n<p>El recrudecimiento del brutal bloqueo, en sus m\u00faltiples formas, el plan desestabilizador que est\u00e1 en marcha, basado en acciones psicol\u00f3gicas, e inversi\u00f3n de millones de d\u00f3lares del estadounidense, ha limitado el crecimiento econ\u00f3mico sostenido de Cuba, agreg\u00f3.<\/p>\n<p>Sin embargo, afirm\u00f3 URNG, no ha podido, ni podr\u00e1 vencer la ejemplar resistencia y sabidur\u00eda del pueblo y gobierno, que contin\u00faan en la lucha por desarrollar y profundizar su sistema socialista.<\/p>\n<p>Reiter\u00f3 el pedido al gobierno norteamericano de eliminar, de una vez por todas, el brutal cerco econ\u00f3mico, sacar a Cuba de la lista arbitraria de estados que supuestamente patrocinan el terrorismo, y poner fin a los mecanismos que obstruyen la importaci\u00f3n de suministros.<\/p>\n<p>En este \u00faltimo caso, mencion\u00f3 el combustible, alimentos y otros, que requiere aquel pa\u00eds, y adem\u00e1s, incluy\u00f3 el reclamo a la administraci\u00f3n de Joe Biden de dejar de perseguir y bloquear toda transacci\u00f3n financiera de la isla antillana a nivel mundial.<\/p>\n<p>Aparte, que cese el acoso contra los programas de cooperaci\u00f3n m\u00e9dica y otros, que proporciona solidariamente Cuba al mundo, resalt\u00f3.<\/p>\n<p>Llam\u00f3 a la comunidad internacional a pronunciarse en contra de las acciones del gobierno imperialista norteamericano, dirigidas a afectar a la isla caribe\u00f1a, mientras asegur\u00f3 que esta no est\u00e1 sola.<\/p>\n<\/div>\n","protected":false},"excerpt":{"rendered":"<p>Ciudad de Guatemala, 21 mar (Prensa Latina) El partido Unidad Revolucionaria Nacional Guatemalteca (URNG) exigi\u00f3 el fin del bloqueo impuesto<\/p>\n<div class='heateor_sss_sharing_container heateor_sss_vertical_sharing heateor_sss_bottom_sharing' style='width:44px;left: -10px;top: 100px;-webkit-box-shadow:none;box-shadow:none;' ><div class=\"heateor_sss_sharing_ul\"><a class=\"heateor_sss_amp heateor_sss_amp_facebook\" href=\"https:\/\/www.facebook.com\/sharer\/sharer.php?u=https%3A%2F%2Fwww.radiomajaguabo.icrt.cu%2Findex.php%3Frest_route%3D%252Fwp%252Fv2%252Fposts%252F7061\" title=\"Facebook\" rel=\"nofollow noopener\" target=\"_blank\"><amp-img src=\"https:\/\/www.radiomajaguabo.icrt.cu\/wp-content\/plugins\/sassy-social-share\/public\/..\/images\/amp\/facebook.svg\" width=\"40\" height=\"40\" alt=\"Facebook\" class=\"amp-wp-enforced-sizes\" style=\"width: 40px;\"><\/amp-img><\/a><a class=\"heateor_sss_amp heateor_sss_amp_linkedin\" href=\"https:\/\/www.linkedin.com\/sharing\/share-offsite\/?url=https%3A%2F%2Fwww.radiomajaguabo.icrt.cu%2Findex.php%3Frest_route%3D%252Fwp%252Fv2%252Fposts%252F7061\" title=\"Linkedin\" rel=\"nofollow noopener\" target=\"_blank\"><amp-img src=\"https:\/\/www.radiomajaguabo.icrt.cu\/wp-content\/plugins\/sassy-social-share\/public\/..\/images\/amp\/linkedin.svg\" width=\"40\" height=\"40\" alt=\"Linkedin\" class=\"amp-wp-enforced-sizes\" style=\"width: 40px;\"><\/amp-img><\/a><a class=\"heateor_sss_amp heateor_sss_amp_whatsapp\" href=\"https:\/\/api.whatsapp.com\/send?text=Radio%20Majaguabo%20-%20Emisora%20Radio%20Majaguabo%2C%20San%20Luis%2C%20Santiago%20de%20Cuba%2C%20Cuba%20https%3A%2F%2Fwww.radiomajaguabo.icrt.cu%2Findex.php%3Frest_route%3D%252Fwp%252Fv2%252Fposts%252F7061\" title=\"Whatsapp\" rel=\"nofollow noopener\" target=\"_blank\"><amp-img src=\"https:\/\/www.radiomajaguabo.icrt.cu\/wp-content\/plugins\/sassy-social-share\/public\/..\/images\/amp\/whatsapp.svg\" width=\"40\" height=\"40\" alt=\"Whatsapp\" class=\"amp-wp-enforced-sizes\" style=\"width: 40px;\"><\/amp-img><\/a><a class=\"heateor_sss_amp heateor_sss_amp_instagram\" href=\"https:\/\/www.instagram.com\/\" title=\"Instagram\" rel=\"nofollow noopener\" target=\"_blank\"><amp-img src=\"https:\/\/www.radiomajaguabo.icrt.cu\/wp-content\/plugins\/sassy-social-share\/public\/..\/images\/amp\/instagram.svg\" width=\"40\" height=\"40\" alt=\"Instagram\" class=\"amp-wp-enforced-sizes\" style=\"width: 40px;\"><\/amp-img><\/a><a class=\"heateor_sss_amp heateor_sss_amp_x\" href=\"https:\/\/twitter.com\/intent\/tweet?text=Radio%20Majaguabo%20-%20Emisora%20Radio%20Majaguabo%2C%20San%20Luis%2C%20Santiago%20de%20Cuba%2C%20Cuba&url=https%3A%2F%2Fwww.radiomajaguabo.icrt.cu%2Findex.php%3Frest_route%3D%252Fwp%252Fv2%252Fposts%252F7061\" title=\"X\" rel=\"nofollow noopener\" target=\"_blank\"><amp-img src=\"https:\/\/www.radiomajaguabo.icrt.cu\/wp-content\/plugins\/sassy-social-share\/public\/..\/images\/amp\/x.svg\" width=\"40\" height=\"40\" alt=\"X\" class=\"amp-wp-enforced-sizes\" style=\"width:40px;\"><\/amp-img><\/a><\/div><div class=\"heateorSssClear\"><\/div><\/div>","protected":false},"author":10,"featured_media":7062,"comment_status":"open","ping_status":"open","sticky":false,"template":"","format":"standard","meta":{"colormag_page_layout":"default_layout","footnotes":""},"categories":[8],"tags":[67,13,45,29],"ppma_author":[39],"class_list":["post-7061","post","type-post","status-publish","format-standard","has-post-thumbnail","hentry","category-nacionales","tag-bloqueo","tag-cuba","tag-estados-unidos","tag-guatemala"],"authors":[{"term_id":39,"user_id":10,"is_guest":0,"slug":"prensa-latina","display_name":"Prensa Latina","avatar_url":"https:\/\/secure.gravatar.com\/avatar\/50c7a3112bb25b21ddc4cf0ff17bac923226a0d4e8814139af94a839af15e315?s=96&d=mm&r=g","author_category":"","user_url":"https:\/\/www.prensa-latina.cu","last_name":"","first_name":"Prensa Latina","job_title":"","description":""}],"amp_enabled":true,"_links":{"self":[{"href":"https:\/\/www.radiomajaguabo.icrt.cu\/index.php?rest_route=\/wp\/v2\/posts\/7061","targetHints":{"allow":["GET"]}}],"collection":[{"href":"https:\/\/www.radiomajaguabo.icrt.cu\/index.php?rest_route=\/wp\/v2\/posts"}],"about":[{"href":"https:\/\/www.radiomajaguabo.icrt.cu\/index.php?rest_route=\/wp\/v2\/types\/post"}],"author":[{"embeddable":true,"href":"https:\/\/www.radiomajaguabo.icrt.cu\/index.php?rest_route=\/wp\/v2\/users\/10"}],"replies":[{"embeddable":true,"href":"https:\/\/www.radiomajaguabo.icrt.cu\/index.php?rest_route=%2Fwp%2Fv2%2Fcomments&post=7061"}],"version-history":[{"count":1,"href":"https:\/\/www.radiomajaguabo.icrt.cu\/index.php?rest_route=\/wp\/v2\/posts\/7061\/revisions"}],"predecessor-version":[{"id":7063,"href":"https:\/\/www.radiomajaguabo.icrt.cu\/index.php?rest_route=\/wp\/v2\/posts\/7061\/revisions\/7063"}],"wp:featuredmedia":[{"embeddable":true,"href":"https:\/\/www.radiomajaguabo.icrt.cu\/index.php?rest_route=\/wp\/v2\/media\/7062"}],"wp:attachment":[{"href":"https:\/\/www.radiomajaguabo.icrt.cu\/index.php?rest_route=%2Fwp%2Fv2%2Fmedia&parent=7061"}],"wp:term":[{"taxonomy":"category","embeddable":true,"href":"https:\/\/www.radiomajaguabo.icrt.cu\/index.php?rest_route=%2Fwp%2Fv2%2Fcategories&post=7061"},{"taxonomy":"post_tag","embeddable":true,"href":"https:\/\/www.radiomajaguabo.icrt.cu\/index.php?rest_route=%2Fwp%2Fv2%2Ftags&post=7061"},{"taxonomy":"author","embeddable":true,"href":"https:\/\/www.radiomajaguabo.icrt.cu\/index.php?rest_route=%2Fwp%2Fv2%2Fppma_author&post=7061"}],"curies":[{"name":"wp","href":"https:\/\/api.w.org\/{rel}","templated":true}]}}