{"id":7058,"date":"2024-03-21T13:43:32","date_gmt":"2024-03-21T13:43:32","guid":{"rendered":"https:\/\/www.radiomajaguabo.icrt.cu\/?p=7058"},"modified":"2024-03-21T13:52:28","modified_gmt":"2024-03-21T13:52:28","slug":"cuba-encara-deficit-de-profesionales-de-la-pedagogia","status":"publish","type":"post","link":"https:\/\/www.radiomajaguabo.icrt.cu\/?p=7058","title":{"rendered":"Cuba encara d\u00e9ficit de profesionales de la pedagog\u00eda"},"content":{"rendered":"<div class=\"elementor-element elementor-element-5a38e61 e-flex e-con-boxed e-con e-child\" data-id=\"5a38e61\" data-element_type=\"container\">\n<div class=\"e-con-inner\">\n<div class=\"elementor-element elementor-element-d2a4feb elementor-widget elementor-widget-theme-post-excerpt\" data-id=\"d2a4feb\" data-element_type=\"widget\" data-widget_type=\"theme-post-excerpt.default\">\n<div class=\"elementor-widget-container\">La Habana, 21 mar (Prensa Latina) El Ministerio de Educaci\u00f3n (Mined) de Cuba encara hoy el d\u00e9ficit de personal docente con la implementaci\u00f3n de un conjunto de estrategias, entre ellas, la formaci\u00f3n emergente de profesionales de la rama pedag\u00f3gica.<\/div>\n<\/div>\n<\/div>\n<\/div>\n<p><!--more--><\/p>\n<div class=\"elementor-widget-container\">\n<p>De acuerdo con la titular del Mined, Naima Trujillo, la creaci\u00f3n de un centro nacional de formaci\u00f3n y especializaci\u00f3n pedag\u00f3gica es una novedosa experiencia que forma parte del conjunto de decisiones que implementa esa cartera en 2024.<\/p>\n<p>Durante la reuni\u00f3n anual del desempe\u00f1o del organismo, Trujillo adelant\u00f3 que ese centro nacional procura resultados emergentes con estudiantes que cursan el \u00faltimo a\u00f1o de las carreras pedag\u00f3gicas de todo el pa\u00eds.<\/p>\n<p>La iniciativa atiende uno de los problemas esenciales para ese ramo, espec\u00edficamente la formaci\u00f3n profesional, que tiene elevada implicaci\u00f3n en el resto de las dificultades que apremian al sector, afirm\u00f3 la ministra.<\/p>\n<p>El centro aludido responder\u00eda a la urgencia de la formaci\u00f3n profesional en \u00e1rea pedag\u00f3gica, teniendo en cuenta que no se garantiza el completamiento de la fuerza de trabajo, su profesionalizaci\u00f3n y permanencia en el sistema educativo.<\/p>\n<p>Seg\u00fan el sitio Presidencia de Cuba, durante la reuni\u00f3n se pas\u00f3 revista al ciclo estrat\u00e9gico del Mined para 2024, el cual concibe cinco objetivos fundamentales, dos de ellos fortalecer la formaci\u00f3n, superaci\u00f3n y atenci\u00f3n de directivos y docentes, y elevar la calidad del proceso educativo.<\/p>\n<p>Se suman desarrollar la digitalizaci\u00f3n y la comunicaci\u00f3n institucional, potenciar la formaci\u00f3n de la fuerza de trabajo calificada de nivel medio superior y garantizar el aseguramiento de los recursos tecnol\u00f3gicos, materiales y financieros. En el encuentro, el jefe de Estado cubano, Miguel D\u00edaz-Canel, inst\u00f3 a la superaci\u00f3n constante y la mejor\u00eda de las condiciones de vida de docentes y trabajadores de la educaci\u00f3n general en Cuba.<\/p>\n<p>Con ese prop\u00f3sito, el mandatario convoc\u00f3 a explorar todas las opciones posibles para elevar la atenci\u00f3n de los docentes, tanto en la escuela como en lo personal, en el af\u00e1n del pa\u00eds de dignificar esta sensible labor.<\/p>\n<p>Los maestros y profesores en su actividad cotidiana deben disponer del tiempo para prepararse e impartir una buena clase, que accedan a opciones de maestr\u00eda y doctorados, entre otras formas de superaci\u00f3n profesional, opin\u00f3 el presidente.<\/p>\n<p>Por su parte, el primer ministro Manuel Marrero ratific\u00f3 el apoyo gubernamental para continuar realizando los mantenimientos planificados en las edificaciones del sector, garantizar el suministro de los uniformes y los materiales escolares para el pr\u00f3ximo curso escolar, adem\u00e1s de todas las soluciones alternativas posibles.<\/p>\n<p>Marrero destac\u00f3 que a pesar de la compleja situaci\u00f3n econ\u00f3mica de la naci\u00f3n caribe\u00f1a, el Estado cubano confirma que la educaci\u00f3n continuar\u00e1 siendo una de las principales conquistas de la Revoluci\u00f3n.<\/p>\n<\/div>\n","protected":false},"excerpt":{"rendered":"<p>La Habana, 21 mar (Prensa Latina) El Ministerio de Educaci\u00f3n (Mined) de Cuba encara hoy el d\u00e9ficit de personal docente<\/p>\n<div class='heateor_sss_sharing_container heateor_sss_vertical_sharing heateor_sss_bottom_sharing' style='width:44px;left: -10px;top: 100px;-webkit-box-shadow:none;box-shadow:none;' ><div class=\"heateor_sss_sharing_ul\"><a class=\"heateor_sss_amp heateor_sss_amp_facebook\" href=\"https:\/\/www.facebook.com\/sharer\/sharer.php?u=https%3A%2F%2Fwww.radiomajaguabo.icrt.cu%2Findex.php%3Frest_route%3D%252Fwp%252Fv2%252Fposts%252F7058\" title=\"Facebook\" rel=\"nofollow noopener\" target=\"_blank\"><amp-img src=\"https:\/\/www.radiomajaguabo.icrt.cu\/wp-content\/plugins\/sassy-social-share\/public\/..\/images\/amp\/facebook.svg\" width=\"40\" height=\"40\" alt=\"Facebook\" class=\"amp-wp-enforced-sizes\" style=\"width: 40px;\"><\/amp-img><\/a><a class=\"heateor_sss_amp heateor_sss_amp_linkedin\" href=\"https:\/\/www.linkedin.com\/sharing\/share-offsite\/?url=https%3A%2F%2Fwww.radiomajaguabo.icrt.cu%2Findex.php%3Frest_route%3D%252Fwp%252Fv2%252Fposts%252F7058\" title=\"Linkedin\" rel=\"nofollow noopener\" target=\"_blank\"><amp-img src=\"https:\/\/www.radiomajaguabo.icrt.cu\/wp-content\/plugins\/sassy-social-share\/public\/..\/images\/amp\/linkedin.svg\" width=\"40\" height=\"40\" alt=\"Linkedin\" class=\"amp-wp-enforced-sizes\" style=\"width: 40px;\"><\/amp-img><\/a><a class=\"heateor_sss_amp heateor_sss_amp_whatsapp\" href=\"https:\/\/api.whatsapp.com\/send?text=Radio%20Majaguabo%20-%20Emisora%20Radio%20Majaguabo%2C%20San%20Luis%2C%20Santiago%20de%20Cuba%2C%20Cuba%20https%3A%2F%2Fwww.radiomajaguabo.icrt.cu%2Findex.php%3Frest_route%3D%252Fwp%252Fv2%252Fposts%252F7058\" title=\"Whatsapp\" rel=\"nofollow noopener\" target=\"_blank\"><amp-img src=\"https:\/\/www.radiomajaguabo.icrt.cu\/wp-content\/plugins\/sassy-social-share\/public\/..\/images\/amp\/whatsapp.svg\" width=\"40\" height=\"40\" alt=\"Whatsapp\" class=\"amp-wp-enforced-sizes\" style=\"width: 40px;\"><\/amp-img><\/a><a class=\"heateor_sss_amp heateor_sss_amp_instagram\" href=\"https:\/\/www.instagram.com\/\" title=\"Instagram\" rel=\"nofollow noopener\" target=\"_blank\"><amp-img src=\"https:\/\/www.radiomajaguabo.icrt.cu\/wp-content\/plugins\/sassy-social-share\/public\/..\/images\/amp\/instagram.svg\" width=\"40\" height=\"40\" alt=\"Instagram\" class=\"amp-wp-enforced-sizes\" style=\"width: 40px;\"><\/amp-img><\/a><a class=\"heateor_sss_amp heateor_sss_amp_x\" href=\"https:\/\/twitter.com\/intent\/tweet?text=Radio%20Majaguabo%20-%20Emisora%20Radio%20Majaguabo%2C%20San%20Luis%2C%20Santiago%20de%20Cuba%2C%20Cuba&url=https%3A%2F%2Fwww.radiomajaguabo.icrt.cu%2Findex.php%3Frest_route%3D%252Fwp%252Fv2%252Fposts%252F7058\" title=\"X\" rel=\"nofollow noopener\" target=\"_blank\"><amp-img src=\"https:\/\/www.radiomajaguabo.icrt.cu\/wp-content\/plugins\/sassy-social-share\/public\/..\/images\/amp\/x.svg\" width=\"40\" height=\"40\" alt=\"X\" class=\"amp-wp-enforced-sizes\" style=\"width:40px;\"><\/amp-img><\/a><\/div><div class=\"heateorSssClear\"><\/div><\/div>","protected":false},"author":1,"featured_media":7059,"comment_status":"open","ping_status":"open","sticky":false,"template":"","format":"standard","meta":{"colormag_page_layout":"default_layout","footnotes":""},"categories":[8],"tags":[13,14,2017,203,2018],"ppma_author":[37,39],"class_list":["post-7058","post","type-post","status-publish","format-standard","has-post-thumbnail","hentry","category-nacionales","tag-cuba","tag-miguel-diaz-canel","tag-mined","tag-ministerio-de-educacion","tag-pedagogia"],"authors":[{"term_id":37,"user_id":1,"is_guest":0,"slug":"alberterie","display_name":"Administrador","avatar_url":"https:\/\/secure.gravatar.com\/avatar\/c7c20c93c5f4c81e7a7dc9b02a42095ae8875c9af446129683aaa06faf7fd1f3?s=96&d=mm&r=g","author_category":"","user_url":"https:\/\/www.radiomajaguabo.icrt.cu","last_name":"Alberterie Rivero","first_name":"Pedro","job_title":"","description":""},{"term_id":39,"user_id":10,"is_guest":0,"slug":"prensa-latina","display_name":"Prensa Latina","avatar_url":"https:\/\/secure.gravatar.com\/avatar\/50c7a3112bb25b21ddc4cf0ff17bac923226a0d4e8814139af94a839af15e315?s=96&d=mm&r=g","author_category":"","user_url":"https:\/\/www.prensa-latina.cu","last_name":"","first_name":"Prensa Latina","job_title":"","description":""}],"amp_enabled":true,"_links":{"self":[{"href":"https:\/\/www.radiomajaguabo.icrt.cu\/index.php?rest_route=\/wp\/v2\/posts\/7058","targetHints":{"allow":["GET"]}}],"collection":[{"href":"https:\/\/www.radiomajaguabo.icrt.cu\/index.php?rest_route=\/wp\/v2\/posts"}],"about":[{"href":"https:\/\/www.radiomajaguabo.icrt.cu\/index.php?rest_route=\/wp\/v2\/types\/post"}],"author":[{"embeddable":true,"href":"https:\/\/www.radiomajaguabo.icrt.cu\/index.php?rest_route=\/wp\/v2\/users\/1"}],"replies":[{"embeddable":true,"href":"https:\/\/www.radiomajaguabo.icrt.cu\/index.php?rest_route=%2Fwp%2Fv2%2Fcomments&post=7058"}],"version-history":[{"count":1,"href":"https:\/\/www.radiomajaguabo.icrt.cu\/index.php?rest_route=\/wp\/v2\/posts\/7058\/revisions"}],"predecessor-version":[{"id":7060,"href":"https:\/\/www.radiomajaguabo.icrt.cu\/index.php?rest_route=\/wp\/v2\/posts\/7058\/revisions\/7060"}],"wp:featuredmedia":[{"embeddable":true,"href":"https:\/\/www.radiomajaguabo.icrt.cu\/index.php?rest_route=\/wp\/v2\/media\/7059"}],"wp:attachment":[{"href":"https:\/\/www.radiomajaguabo.icrt.cu\/index.php?rest_route=%2Fwp%2Fv2%2Fmedia&parent=7058"}],"wp:term":[{"taxonomy":"category","embeddable":true,"href":"https:\/\/www.radiomajaguabo.icrt.cu\/index.php?rest_route=%2Fwp%2Fv2%2Fcategories&post=7058"},{"taxonomy":"post_tag","embeddable":true,"href":"https:\/\/www.radiomajaguabo.icrt.cu\/index.php?rest_route=%2Fwp%2Fv2%2Ftags&post=7058"},{"taxonomy":"author","embeddable":true,"href":"https:\/\/www.radiomajaguabo.icrt.cu\/index.php?rest_route=%2Fwp%2Fv2%2Fppma_author&post=7058"}],"curies":[{"name":"wp","href":"https:\/\/api.w.org\/{rel}","templated":true}]}}