{"id":6877,"date":"2024-03-04T17:59:50","date_gmt":"2024-03-04T17:59:50","guid":{"rendered":"https:\/\/www.radiomajaguabo.icrt.cu\/?p=6877"},"modified":"2024-03-04T17:59:50","modified_gmt":"2024-03-04T17:59:50","slug":"despiden-en-san-luis-a-delegadas-e-invitada-a-congreso-de-organizacion-femenina-fotos","status":"publish","type":"post","link":"https:\/\/www.radiomajaguabo.icrt.cu\/?p=6877","title":{"rendered":"Despiden en San Luis a delegadas e invitada a Congreso de organizaci\u00f3n femenina (+FOTOS)"},"content":{"rendered":"<div class=\"\" dir=\"auto\">\n<div id=\":rcb:\" class=\"x1iorvi4 x1pi30zi x1l90r2v x1swvt13\" data-ad-comet-preview=\"message\" data-ad-preview=\"message\">\n<div class=\"x78zum5 xdt5ytf xz62fqu x16ldp7u\">\n<div class=\"xu06os2 x1ok221b\">\n<div class=\"xdj266r x11i5rnm xat24cr x1mh8g0r x1vvkbs x126k92a\">\n<div dir=\"auto\"><strong>San Luis, Santiago de Cuba, mar. 4, 24._<\/strong> Se realiza despedida a las dos delegadas y a la invitada al 11no Congreso de la Federaci\u00f3n de Mujeres Cubanas (FMC).<\/div>\n<div dir=\"auto\"><\/div>\n<div dir=\"auto\"><\/div>\n<div dir=\"auto\"><img loading=\"lazy\" decoding=\"async\" class=\" wp-image-6887 aligncenter\" src=\"https:\/\/www.radiomajaguabo.icrt.cu\/wp-content\/uploads\/2024\/03\/despedida_delegadas_congreso_fmc2-300x169.jpg\" alt=\"\" width=\"502\" height=\"283\" srcset=\"https:\/\/www.radiomajaguabo.icrt.cu\/wp-content\/uploads\/2024\/03\/despedida_delegadas_congreso_fmc2-300x169.jpg 300w, https:\/\/www.radiomajaguabo.icrt.cu\/wp-content\/uploads\/2024\/03\/despedida_delegadas_congreso_fmc2.jpg 640w\" sizes=\"auto, (max-width: 502px) 100vw, 502px\" \/><\/div>\n<div dir=\"auto\"><\/div>\n<div dir=\"auto\"><img loading=\"lazy\" decoding=\"async\" class=\" wp-image-6888 aligncenter\" src=\"https:\/\/www.radiomajaguabo.icrt.cu\/wp-content\/uploads\/2024\/03\/despedida_delegadas_congreso_fmc3-300x254.jpg\" alt=\"\" width=\"393\" height=\"333\" srcset=\"https:\/\/www.radiomajaguabo.icrt.cu\/wp-content\/uploads\/2024\/03\/despedida_delegadas_congreso_fmc3-300x254.jpg 300w, https:\/\/www.radiomajaguabo.icrt.cu\/wp-content\/uploads\/2024\/03\/despedida_delegadas_congreso_fmc3.jpg 567w\" sizes=\"auto, (max-width: 393px) 100vw, 393px\" \/><\/div>\n<div dir=\"auto\"><\/div>\n<div dir=\"auto\">Elizandra Elias Blanco, <a class=\"x1i10hfl xjbqb8w x1ejq31n xd10rxx x1sy0etr x17r0tee x972fbf xcfux6l x1qhh985 xm0m39n x9f619 x1ypdohk xt0psk2 xe8uvvx xdj266r x11i5rnm xat24cr x1mh8g0r xexx8yu x4uap5 x18d9i69 xkhd6sd x16tdsg8 x1hl2dhg xggy1nq x1a2a7pz xt0b8zv x1fey0fg xo1l8bm\" tabindex=\"0\" role=\"link\" href=\"https:\/\/www.facebook.com\/aldeidis.nuviola.3?__cft__[0]=AZU0S0GLwSceCsk4epwIqj7S7N6mvYGp52-QZXRFGUfpd8UbcbBBA-JfNg7yv9UeB2BwHo8GjJW-qqON8jAAhbnvuUuibEQrsMp-rVcP0mHQhYDkGHcQK6WYaqo8_VEehAW6Sxy_VvaHTUpLlScn58O-LzHZr3q6cIeNySIUkRDTs4Bnyr_FcrfikB2aTMMSkWQ&amp;__tn__=-]K-R\" target=\"_blank\" rel=\"noopener\"><span class=\"xt0psk2\">Aldeidis Nuviola<\/span><\/a> y Eskaterine Yuset Vailla Villalon representar\u00e1n a la tierra de los Maceo en esta cita que se desarrollar\u00e1 entre el 7 y el 8 de marzo, en el Palacio de Convenciones de La Habana, con la asistencia de 323 delegadas y algo m\u00e1s de 70 invitadas.<\/div>\n<div dir=\"auto\"><\/div>\n<div dir=\"auto\">Una cita en la que se continuar\u00e1 ponderando el papel de las f\u00e9minas en los tiempos actuales que vive nuestro pa\u00eds.<\/div>\n<div dir=\"auto\"><a class=\"x1i10hfl xjbqb8w x1ejq31n xd10rxx x1sy0etr x17r0tee x972fbf xcfux6l x1qhh985 xm0m39n x9f619 x1ypdohk xt0psk2 xe8uvvx xdj266r x11i5rnm xat24cr x1mh8g0r xexx8yu x4uap5 x18d9i69 xkhd6sd x16tdsg8 x1hl2dhg xggy1nq x1a2a7pz xt0b8zv x1fey0fg xo1l8bm\" tabindex=\"0\" role=\"link\" href=\"https:\/\/www.facebook.com\/hashtag\/cuba?__eep__=6&amp;__cft__[0]=AZU0S0GLwSceCsk4epwIqj7S7N6mvYGp52-QZXRFGUfpd8UbcbBBA-JfNg7yv9UeB2BwHo8GjJW-qqON8jAAhbnvuUuibEQrsMp-rVcP0mHQhYDkGHcQK6WYaqo8_VEehAW6Sxy_VvaHTUpLlScn58O-LzHZr3q6cIeNySIUkRDTs4Bnyr_FcrfikB2aTMMSkWQ&amp;__tn__=*NK-R\" target=\"_blank\" rel=\"noopener\">#Cuba<\/a><\/div>\n<div dir=\"auto\"><a class=\"x1i10hfl xjbqb8w x1ejq31n xd10rxx x1sy0etr x17r0tee x972fbf xcfux6l x1qhh985 xm0m39n x9f619 x1ypdohk xt0psk2 xe8uvvx xdj266r x11i5rnm xat24cr x1mh8g0r xexx8yu x4uap5 x18d9i69 xkhd6sd x16tdsg8 x1hl2dhg xggy1nq x1a2a7pz xt0b8zv x1fey0fg xo1l8bm\" tabindex=\"0\" role=\"link\" href=\"https:\/\/www.facebook.com\/hashtag\/sanluis?__eep__=6&amp;__cft__[0]=AZU0S0GLwSceCsk4epwIqj7S7N6mvYGp52-QZXRFGUfpd8UbcbBBA-JfNg7yv9UeB2BwHo8GjJW-qqON8jAAhbnvuUuibEQrsMp-rVcP0mHQhYDkGHcQK6WYaqo8_VEehAW6Sxy_VvaHTUpLlScn58O-LzHZr3q6cIeNySIUkRDTs4Bnyr_FcrfikB2aTMMSkWQ&amp;__tn__=*NK-R\" target=\"_blank\" rel=\"noopener\">#SanLuis<\/a><\/div>\n<div dir=\"auto\"><a class=\"x1i10hfl xjbqb8w x1ejq31n xd10rxx x1sy0etr x17r0tee x972fbf xcfux6l x1qhh985 xm0m39n x9f619 x1ypdohk xt0psk2 xe8uvvx xdj266r x11i5rnm xat24cr x1mh8g0r xexx8yu x4uap5 x18d9i69 xkhd6sd x16tdsg8 x1hl2dhg xggy1nq x1a2a7pz xt0b8zv x1fey0fg xo1l8bm\" tabindex=\"0\" role=\"link\" href=\"https:\/\/www.facebook.com\/hashtag\/santiagoessantiago?__eep__=6&amp;__cft__[0]=AZU0S0GLwSceCsk4epwIqj7S7N6mvYGp52-QZXRFGUfpd8UbcbBBA-JfNg7yv9UeB2BwHo8GjJW-qqON8jAAhbnvuUuibEQrsMp-rVcP0mHQhYDkGHcQK6WYaqo8_VEehAW6Sxy_VvaHTUpLlScn58O-LzHZr3q6cIeNySIUkRDTs4Bnyr_FcrfikB2aTMMSkWQ&amp;__tn__=*NK-R\" target=\"_blank\" rel=\"noopener\">#santiagoessantiago<\/a><\/div>\n<div dir=\"auto\"><a class=\"x1i10hfl xjbqb8w x1ejq31n xd10rxx x1sy0etr x17r0tee x972fbf xcfux6l x1qhh985 xm0m39n x9f619 x1ypdohk xt0psk2 xe8uvvx xdj266r x11i5rnm xat24cr x1mh8g0r xexx8yu x4uap5 x18d9i69 xkhd6sd x16tdsg8 x1hl2dhg xggy1nq x1a2a7pz xt0b8zv x1fey0fg xo1l8bm\" tabindex=\"0\" role=\"link\" href=\"https:\/\/www.facebook.com\/hashtag\/f%C3%A9minas?__eep__=6&amp;__cft__[0]=AZU0S0GLwSceCsk4epwIqj7S7N6mvYGp52-QZXRFGUfpd8UbcbBBA-JfNg7yv9UeB2BwHo8GjJW-qqON8jAAhbnvuUuibEQrsMp-rVcP0mHQhYDkGHcQK6WYaqo8_VEehAW6Sxy_VvaHTUpLlScn58O-LzHZr3q6cIeNySIUkRDTs4Bnyr_FcrfikB2aTMMSkWQ&amp;__tn__=*NK-R\" target=\"_blank\" rel=\"noopener\">#f\u00e9minas<\/a><\/div>\n<div dir=\"auto\"><a class=\"x1i10hfl xjbqb8w x1ejq31n xd10rxx x1sy0etr x17r0tee x972fbf xcfux6l x1qhh985 xm0m39n x9f619 x1ypdohk xt0psk2 xe8uvvx xdj266r x11i5rnm xat24cr x1mh8g0r xexx8yu x4uap5 x18d9i69 xkhd6sd x16tdsg8 x1hl2dhg xggy1nq x1a2a7pz xt0b8zv x1fey0fg xo1l8bm\" tabindex=\"0\" role=\"link\" href=\"https:\/\/www.facebook.com\/hashtag\/fmc?__eep__=6&amp;__cft__[0]=AZU0S0GLwSceCsk4epwIqj7S7N6mvYGp52-QZXRFGUfpd8UbcbBBA-JfNg7yv9UeB2BwHo8GjJW-qqON8jAAhbnvuUuibEQrsMp-rVcP0mHQhYDkGHcQK6WYaqo8_VEehAW6Sxy_VvaHTUpLlScn58O-LzHZr3q6cIeNySIUkRDTs4Bnyr_FcrfikB2aTMMSkWQ&amp;__tn__=*NK-R\" target=\"_blank\" rel=\"noopener\">#FMC<\/a><\/div>\n<div dir=\"auto\"><a class=\"x1i10hfl xjbqb8w x1ejq31n xd10rxx x1sy0etr x17r0tee x972fbf xcfux6l x1qhh985 xm0m39n x9f619 x1ypdohk xt0psk2 xe8uvvx xdj266r x11i5rnm xat24cr x1mh8g0r xexx8yu x4uap5 x18d9i69 xkhd6sd x16tdsg8 x1hl2dhg xggy1nq x1a2a7pz xt0b8zv x1fey0fg xo1l8bm\" tabindex=\"0\" role=\"link\" href=\"https:\/\/www.facebook.com\/hashtag\/11nocongresodelafmc?__eep__=6&amp;__cft__[0]=AZU0S0GLwSceCsk4epwIqj7S7N6mvYGp52-QZXRFGUfpd8UbcbBBA-JfNg7yv9UeB2BwHo8GjJW-qqON8jAAhbnvuUuibEQrsMp-rVcP0mHQhYDkGHcQK6WYaqo8_VEehAW6Sxy_VvaHTUpLlScn58O-LzHZr3q6cIeNySIUkRDTs4Bnyr_FcrfikB2aTMMSkWQ&amp;__tn__=*NK-R\" target=\"_blank\" rel=\"noopener\">#11noCongresodelaFMC<\/a><\/div>\n<\/div>\n<\/div>\n<\/div>\n<\/div>\n<\/div>\n<p>&nbsp;<\/p>\n","protected":false},"excerpt":{"rendered":"<p>San Luis, Santiago de Cuba, mar. 4, 24._ Se realiza despedida a las dos delegadas y a la invitada al<\/p>\n<div class='heateor_sss_sharing_container heateor_sss_vertical_sharing heateor_sss_bottom_sharing' style='width:44px;left: -10px;top: 100px;-webkit-box-shadow:none;box-shadow:none;' ><div class=\"heateor_sss_sharing_ul\"><a class=\"heateor_sss_amp heateor_sss_amp_facebook\" href=\"https:\/\/www.facebook.com\/sharer\/sharer.php?u=https%3A%2F%2Fwww.radiomajaguabo.icrt.cu%2Findex.php%3Frest_route%3D%252Fwp%252Fv2%252Fposts%252F6877\" title=\"Facebook\" rel=\"nofollow noopener\" target=\"_blank\"><amp-img src=\"https:\/\/www.radiomajaguabo.icrt.cu\/wp-content\/plugins\/sassy-social-share\/public\/..\/images\/amp\/facebook.svg\" width=\"40\" height=\"40\" alt=\"Facebook\" class=\"amp-wp-enforced-sizes\" style=\"width: 40px;\"><\/amp-img><\/a><a class=\"heateor_sss_amp heateor_sss_amp_linkedin\" href=\"https:\/\/www.linkedin.com\/sharing\/share-offsite\/?url=https%3A%2F%2Fwww.radiomajaguabo.icrt.cu%2Findex.php%3Frest_route%3D%252Fwp%252Fv2%252Fposts%252F6877\" title=\"Linkedin\" rel=\"nofollow noopener\" target=\"_blank\"><amp-img src=\"https:\/\/www.radiomajaguabo.icrt.cu\/wp-content\/plugins\/sassy-social-share\/public\/..\/images\/amp\/linkedin.svg\" width=\"40\" height=\"40\" alt=\"Linkedin\" class=\"amp-wp-enforced-sizes\" style=\"width: 40px;\"><\/amp-img><\/a><a class=\"heateor_sss_amp heateor_sss_amp_whatsapp\" href=\"https:\/\/api.whatsapp.com\/send?text=Radio%20Majaguabo%20-%20Emisora%20Radio%20Majaguabo%2C%20San%20Luis%2C%20Santiago%20de%20Cuba%2C%20Cuba%20https%3A%2F%2Fwww.radiomajaguabo.icrt.cu%2Findex.php%3Frest_route%3D%252Fwp%252Fv2%252Fposts%252F6877\" title=\"Whatsapp\" rel=\"nofollow noopener\" target=\"_blank\"><amp-img src=\"https:\/\/www.radiomajaguabo.icrt.cu\/wp-content\/plugins\/sassy-social-share\/public\/..\/images\/amp\/whatsapp.svg\" width=\"40\" height=\"40\" alt=\"Whatsapp\" class=\"amp-wp-enforced-sizes\" style=\"width: 40px;\"><\/amp-img><\/a><a class=\"heateor_sss_amp heateor_sss_amp_instagram\" href=\"https:\/\/www.instagram.com\/\" title=\"Instagram\" rel=\"nofollow noopener\" target=\"_blank\"><amp-img src=\"https:\/\/www.radiomajaguabo.icrt.cu\/wp-content\/plugins\/sassy-social-share\/public\/..\/images\/amp\/instagram.svg\" width=\"40\" height=\"40\" alt=\"Instagram\" class=\"amp-wp-enforced-sizes\" style=\"width: 40px;\"><\/amp-img><\/a><a class=\"heateor_sss_amp heateor_sss_amp_x\" href=\"https:\/\/twitter.com\/intent\/tweet?text=Radio%20Majaguabo%20-%20Emisora%20Radio%20Majaguabo%2C%20San%20Luis%2C%20Santiago%20de%20Cuba%2C%20Cuba&url=https%3A%2F%2Fwww.radiomajaguabo.icrt.cu%2Findex.php%3Frest_route%3D%252Fwp%252Fv2%252Fposts%252F6877\" title=\"X\" rel=\"nofollow noopener\" target=\"_blank\"><amp-img src=\"https:\/\/www.radiomajaguabo.icrt.cu\/wp-content\/plugins\/sassy-social-share\/public\/..\/images\/amp\/x.svg\" width=\"40\" height=\"40\" alt=\"X\" class=\"amp-wp-enforced-sizes\" style=\"width:40px;\"><\/amp-img><\/a><\/div><div class=\"heateorSssClear\"><\/div><\/div>","protected":false},"author":1,"featured_media":6887,"comment_status":"open","ping_status":"open","sticky":false,"template":"","format":"standard","meta":{"colormag_page_layout":"default_layout","footnotes":""},"categories":[6,9,10],"tags":[2002,2001,600,2003,1680,304],"ppma_author":[37,847],"class_list":["post-6877","post","type-post","status-publish","format-standard","has-post-thumbnail","hentry","category-cultura","category-historia","category-san-luis","tag-delegadas","tag-despedida","tag-fmc","tag-invitada","tag-onceno-congreso","tag-san-luis"],"authors":[{"term_id":37,"user_id":1,"is_guest":0,"slug":"alberterie","display_name":"Administrador","avatar_url":"https:\/\/secure.gravatar.com\/avatar\/c7c20c93c5f4c81e7a7dc9b02a42095ae8875c9af446129683aaa06faf7fd1f3?s=96&d=mm&r=g","author_category":"","user_url":"https:\/\/www.radiomajaguabo.icrt.cu","last_name":"Alberterie Rivero","first_name":"Pedro","job_title":"","description":""},{"term_id":847,"user_id":7,"is_guest":0,"slug":"ariadna","display_name":"Ariadna P\u00e9rez Morales","avatar_url":"https:\/\/secure.gravatar.com\/avatar\/c3f225207c412ea444f41008f0fb8216e66f9ddf2cc1fffa011b9113f906aa1f?s=96&d=mm&r=g","author_category":"","user_url":"","last_name":"P\u00e9rez Morales","first_name":"Ariadna","job_title":"","description":""}],"amp_enabled":true,"_links":{"self":[{"href":"https:\/\/www.radiomajaguabo.icrt.cu\/index.php?rest_route=\/wp\/v2\/posts\/6877","targetHints":{"allow":["GET"]}}],"collection":[{"href":"https:\/\/www.radiomajaguabo.icrt.cu\/index.php?rest_route=\/wp\/v2\/posts"}],"about":[{"href":"https:\/\/www.radiomajaguabo.icrt.cu\/index.php?rest_route=\/wp\/v2\/types\/post"}],"author":[{"embeddable":true,"href":"https:\/\/www.radiomajaguabo.icrt.cu\/index.php?rest_route=\/wp\/v2\/users\/1"}],"replies":[{"embeddable":true,"href":"https:\/\/www.radiomajaguabo.icrt.cu\/index.php?rest_route=%2Fwp%2Fv2%2Fcomments&post=6877"}],"version-history":[{"count":1,"href":"https:\/\/www.radiomajaguabo.icrt.cu\/index.php?rest_route=\/wp\/v2\/posts\/6877\/revisions"}],"predecessor-version":[{"id":6889,"href":"https:\/\/www.radiomajaguabo.icrt.cu\/index.php?rest_route=\/wp\/v2\/posts\/6877\/revisions\/6889"}],"wp:featuredmedia":[{"embeddable":true,"href":"https:\/\/www.radiomajaguabo.icrt.cu\/index.php?rest_route=\/wp\/v2\/media\/6887"}],"wp:attachment":[{"href":"https:\/\/www.radiomajaguabo.icrt.cu\/index.php?rest_route=%2Fwp%2Fv2%2Fmedia&parent=6877"}],"wp:term":[{"taxonomy":"category","embeddable":true,"href":"https:\/\/www.radiomajaguabo.icrt.cu\/index.php?rest_route=%2Fwp%2Fv2%2Fcategories&post=6877"},{"taxonomy":"post_tag","embeddable":true,"href":"https:\/\/www.radiomajaguabo.icrt.cu\/index.php?rest_route=%2Fwp%2Fv2%2Ftags&post=6877"},{"taxonomy":"author","embeddable":true,"href":"https:\/\/www.radiomajaguabo.icrt.cu\/index.php?rest_route=%2Fwp%2Fv2%2Fppma_author&post=6877"}],"curies":[{"name":"wp","href":"https:\/\/api.w.org\/{rel}","templated":true}]}}