{"id":6875,"date":"2024-03-04T17:19:52","date_gmt":"2024-03-04T17:19:52","guid":{"rendered":"https:\/\/www.radiomajaguabo.icrt.cu\/?p=6875"},"modified":"2024-03-04T17:24:33","modified_gmt":"2024-03-04T17:24:33","slug":"avanzan-las-reparaciones-en-el-central-paquito-rosales-de-san-luis-audiofotos","status":"publish","type":"post","link":"https:\/\/www.radiomajaguabo.icrt.cu\/?p=6875","title":{"rendered":"Avanzan las reparaciones en el Central Paquito Rosales de San Luis (+AUDIO+FOTOS)"},"content":{"rendered":"<p><strong>San Luis, Santiago de Cuba, mar. 4, 24. _<\/strong> A m\u00e1s del 80 % marchan las labores de reparaci\u00f3n y mantenimiento en la Empresa Agroindustrial Paquito Rosales de este territorio, con vistas a iniciar en los pr\u00f3ximos d\u00edas la molienda.<!--more--><\/p>\n<audio class=\"wp-audio-shortcode\" id=\"audio-6875-1\" preload=\"none\" style=\"width: 100%;\" controls=\"controls\"><source type=\"audio\/mpeg\" src=\"https:\/\/www.radiomajaguabo.icrt.cu\/wp-content\/uploads\/2024\/03\/baby_molienda_paquito_rosales.mp3?_=1\" \/><a href=\"https:\/\/www.radiomajaguabo.icrt.cu\/wp-content\/uploads\/2024\/03\/baby_molienda_paquito_rosales.mp3\">https:\/\/www.radiomajaguabo.icrt.cu\/wp-content\/uploads\/2024\/03\/baby_molienda_paquito_rosales.mp3<\/a><\/audio>\n<p>&nbsp;<\/p>\n<p><img loading=\"lazy\" decoding=\"async\" class=\" wp-image-6672 aligncenter\" src=\"https:\/\/www.radiomajaguabo.icrt.cu\/wp-content\/uploads\/2024\/02\/intercambio_radialistas_paquito_rosales_6-300x225.jpg\" alt=\"\" width=\"505\" height=\"379\" srcset=\"https:\/\/www.radiomajaguabo.icrt.cu\/wp-content\/uploads\/2024\/02\/intercambio_radialistas_paquito_rosales_6-300x225.jpg 300w, https:\/\/www.radiomajaguabo.icrt.cu\/wp-content\/uploads\/2024\/02\/intercambio_radialistas_paquito_rosales_6.jpg 640w\" sizes=\"auto, (max-width: 505px) 100vw, 505px\" \/><\/p>\n<p><img loading=\"lazy\" decoding=\"async\" class=\" wp-image-6673 aligncenter\" src=\"https:\/\/www.radiomajaguabo.icrt.cu\/wp-content\/uploads\/2024\/02\/intercambio_radialistas_paquito_rosales_7-300x135.jpg\" alt=\"\" width=\"507\" height=\"228\" srcset=\"https:\/\/www.radiomajaguabo.icrt.cu\/wp-content\/uploads\/2024\/02\/intercambio_radialistas_paquito_rosales_7-300x135.jpg 300w, https:\/\/www.radiomajaguabo.icrt.cu\/wp-content\/uploads\/2024\/02\/intercambio_radialistas_paquito_rosales_7.jpg 640w\" sizes=\"auto, (max-width: 507px) 100vw, 507px\" \/><\/p>\n<p><img loading=\"lazy\" decoding=\"async\" class=\" wp-image-6669 aligncenter\" src=\"https:\/\/www.radiomajaguabo.icrt.cu\/wp-content\/uploads\/2024\/02\/intercambio_radialistas_paquito_rosales_3-300x225.jpg\" alt=\"\" width=\"508\" height=\"381\" srcset=\"https:\/\/www.radiomajaguabo.icrt.cu\/wp-content\/uploads\/2024\/02\/intercambio_radialistas_paquito_rosales_3-300x225.jpg 300w, https:\/\/www.radiomajaguabo.icrt.cu\/wp-content\/uploads\/2024\/02\/intercambio_radialistas_paquito_rosales_3.jpg 640w\" sizes=\"auto, (max-width: 508px) 100vw, 508px\" \/><\/p>\n<p><img loading=\"lazy\" decoding=\"async\" class=\" wp-image-6568 aligncenter\" src=\"https:\/\/www.radiomajaguabo.icrt.cu\/wp-content\/uploads\/2024\/02\/paquito_reparaciones3-300x135.jpg\" alt=\"\" width=\"502\" height=\"226\" srcset=\"https:\/\/www.radiomajaguabo.icrt.cu\/wp-content\/uploads\/2024\/02\/paquito_reparaciones3-300x135.jpg 300w, https:\/\/www.radiomajaguabo.icrt.cu\/wp-content\/uploads\/2024\/02\/paquito_reparaciones3.jpg 640w\" sizes=\"auto, (max-width: 502px) 100vw, 502px\" \/><\/p>\n<p><img loading=\"lazy\" decoding=\"async\" class=\" wp-image-6567 aligncenter\" src=\"https:\/\/www.radiomajaguabo.icrt.cu\/wp-content\/uploads\/2024\/02\/paquito_reparaciones2-300x135.jpg\" alt=\"\" width=\"503\" height=\"226\" srcset=\"https:\/\/www.radiomajaguabo.icrt.cu\/wp-content\/uploads\/2024\/02\/paquito_reparaciones2-300x135.jpg 300w, https:\/\/www.radiomajaguabo.icrt.cu\/wp-content\/uploads\/2024\/02\/paquito_reparaciones2.jpg 640w\" sizes=\"auto, (max-width: 503px) 100vw, 503px\" \/><\/p>\n<p><img loading=\"lazy\" decoding=\"async\" class=\" wp-image-6566 aligncenter\" src=\"https:\/\/www.radiomajaguabo.icrt.cu\/wp-content\/uploads\/2024\/02\/paquito_reparaciones1-300x135.jpg\" alt=\"\" width=\"502\" height=\"226\" srcset=\"https:\/\/www.radiomajaguabo.icrt.cu\/wp-content\/uploads\/2024\/02\/paquito_reparaciones1-300x135.jpg 300w, https:\/\/www.radiomajaguabo.icrt.cu\/wp-content\/uploads\/2024\/02\/paquito_reparaciones1.jpg 640w\" sizes=\"auto, (max-width: 502px) 100vw, 502px\" \/><\/p>\n<p>Con el apoyo de brigadas de otros municipios pertenecientes a la Empresa de Servicios T\u00e9cnicos Industriales (ZETI) avanzan las reparaciones que, seg\u00fan inform\u00f3 el Ingeniero F\u00e9lix \u00c1ngel L\u00f3pez, Administrador de la Industria, la mayor magnitud se concentra en el \u00e1rea de basculador, espec\u00edficamente con el relleno de las masas, en este sentido, est\u00e1n presentando dificultad con la carencia de soldadores, lo que ha atrasado el trabajo en el \u00e1rea de los molinos, que es una de las m\u00e1s complicada.<\/p>\n<p>Para el pr\u00f3ximo 20 de marzo, acot\u00f3, se espera culminar las reparaciones, para luego hacer la prueba, la cual certificar\u00e1 la arrancada, con un estimado de tres mil toneladas, para lo cual se encuentra asegurada la ca\u00f1a y la fuerza de trabajo.<\/p>\n<p>&nbsp;<\/p>\n","protected":false},"excerpt":{"rendered":"<p>San Luis, Santiago de Cuba, mar. 4, 24. _ A m\u00e1s del 80 % marchan las labores de reparaci\u00f3n y<\/p>\n<div class='heateor_sss_sharing_container heateor_sss_vertical_sharing heateor_sss_bottom_sharing' style='width:44px;left: -10px;top: 100px;-webkit-box-shadow:none;box-shadow:none;' ><div class=\"heateor_sss_sharing_ul\"><a class=\"heateor_sss_amp heateor_sss_amp_facebook\" href=\"https:\/\/www.facebook.com\/sharer\/sharer.php?u=https%3A%2F%2Fwww.radiomajaguabo.icrt.cu%2Findex.php%3Frest_route%3D%252Fwp%252Fv2%252Fposts%252F6875\" title=\"Facebook\" rel=\"nofollow noopener\" target=\"_blank\"><amp-img src=\"https:\/\/www.radiomajaguabo.icrt.cu\/wp-content\/plugins\/sassy-social-share\/public\/..\/images\/amp\/facebook.svg\" width=\"40\" height=\"40\" alt=\"Facebook\" class=\"amp-wp-enforced-sizes\" style=\"width: 40px;\"><\/amp-img><\/a><a class=\"heateor_sss_amp heateor_sss_amp_linkedin\" href=\"https:\/\/www.linkedin.com\/sharing\/share-offsite\/?url=https%3A%2F%2Fwww.radiomajaguabo.icrt.cu%2Findex.php%3Frest_route%3D%252Fwp%252Fv2%252Fposts%252F6875\" title=\"Linkedin\" rel=\"nofollow noopener\" target=\"_blank\"><amp-img src=\"https:\/\/www.radiomajaguabo.icrt.cu\/wp-content\/plugins\/sassy-social-share\/public\/..\/images\/amp\/linkedin.svg\" width=\"40\" height=\"40\" alt=\"Linkedin\" class=\"amp-wp-enforced-sizes\" style=\"width: 40px;\"><\/amp-img><\/a><a class=\"heateor_sss_amp heateor_sss_amp_whatsapp\" href=\"https:\/\/api.whatsapp.com\/send?text=Radio%20Majaguabo%20-%20Emisora%20Radio%20Majaguabo%2C%20San%20Luis%2C%20Santiago%20de%20Cuba%2C%20Cuba%20https%3A%2F%2Fwww.radiomajaguabo.icrt.cu%2Findex.php%3Frest_route%3D%252Fwp%252Fv2%252Fposts%252F6875\" title=\"Whatsapp\" rel=\"nofollow noopener\" target=\"_blank\"><amp-img src=\"https:\/\/www.radiomajaguabo.icrt.cu\/wp-content\/plugins\/sassy-social-share\/public\/..\/images\/amp\/whatsapp.svg\" width=\"40\" height=\"40\" alt=\"Whatsapp\" class=\"amp-wp-enforced-sizes\" style=\"width: 40px;\"><\/amp-img><\/a><a class=\"heateor_sss_amp heateor_sss_amp_instagram\" href=\"https:\/\/www.instagram.com\/\" title=\"Instagram\" rel=\"nofollow noopener\" target=\"_blank\"><amp-img src=\"https:\/\/www.radiomajaguabo.icrt.cu\/wp-content\/plugins\/sassy-social-share\/public\/..\/images\/amp\/instagram.svg\" width=\"40\" height=\"40\" alt=\"Instagram\" class=\"amp-wp-enforced-sizes\" style=\"width: 40px;\"><\/amp-img><\/a><a class=\"heateor_sss_amp heateor_sss_amp_x\" href=\"https:\/\/twitter.com\/intent\/tweet?text=Radio%20Majaguabo%20-%20Emisora%20Radio%20Majaguabo%2C%20San%20Luis%2C%20Santiago%20de%20Cuba%2C%20Cuba&url=https%3A%2F%2Fwww.radiomajaguabo.icrt.cu%2Findex.php%3Frest_route%3D%252Fwp%252Fv2%252Fposts%252F6875\" title=\"X\" rel=\"nofollow noopener\" target=\"_blank\"><amp-img src=\"https:\/\/www.radiomajaguabo.icrt.cu\/wp-content\/plugins\/sassy-social-share\/public\/..\/images\/amp\/x.svg\" width=\"40\" height=\"40\" alt=\"X\" class=\"amp-wp-enforced-sizes\" style=\"width:40px;\"><\/amp-img><\/a><\/div><div class=\"heateorSssClear\"><\/div><\/div>","protected":false},"author":1,"featured_media":6372,"comment_status":"open","ping_status":"open","sticky":false,"template":"","format":"standard","meta":{"colormag_page_layout":"default_layout","footnotes":""},"categories":[6,9,10],"tags":[427,1376,801,1140,304,49,374],"ppma_author":[37,309],"class_list":["post-6875","post","type-post","status-publish","format-standard","has-post-thumbnail","hentry","category-cultura","category-historia","category-san-luis","tag-azucar","tag-central-paquito-rosales","tag-molienda","tag-reparaciones","tag-san-luis","tag-santiago-de-cuba","tag-zafra"],"authors":[{"term_id":37,"user_id":1,"is_guest":0,"slug":"alberterie","display_name":"Administrador","avatar_url":"https:\/\/secure.gravatar.com\/avatar\/c7c20c93c5f4c81e7a7dc9b02a42095ae8875c9af446129683aaa06faf7fd1f3?s=96&d=mm&r=g","author_category":"","user_url":"https:\/\/www.radiomajaguabo.icrt.cu","last_name":"Alberterie Rivero","first_name":"Pedro","job_title":"","description":""},{"term_id":309,"user_id":5,"is_guest":0,"slug":"barbara","display_name":"Barbara Vila Falc\u00f3n","avatar_url":"https:\/\/secure.gravatar.com\/avatar\/166cfc6b0e4818846bdbe2a3a669bb229e3e16837a966d98ecbf03b27993f4c2?s=96&d=mm&r=g","author_category":"","user_url":"","last_name":"Vila Falc\u00f3n","first_name":"Barbara","job_title":"","description":""}],"amp_enabled":true,"_links":{"self":[{"href":"https:\/\/www.radiomajaguabo.icrt.cu\/index.php?rest_route=\/wp\/v2\/posts\/6875","targetHints":{"allow":["GET"]}}],"collection":[{"href":"https:\/\/www.radiomajaguabo.icrt.cu\/index.php?rest_route=\/wp\/v2\/posts"}],"about":[{"href":"https:\/\/www.radiomajaguabo.icrt.cu\/index.php?rest_route=\/wp\/v2\/types\/post"}],"author":[{"embeddable":true,"href":"https:\/\/www.radiomajaguabo.icrt.cu\/index.php?rest_route=\/wp\/v2\/users\/1"}],"replies":[{"embeddable":true,"href":"https:\/\/www.radiomajaguabo.icrt.cu\/index.php?rest_route=%2Fwp%2Fv2%2Fcomments&post=6875"}],"version-history":[{"count":2,"href":"https:\/\/www.radiomajaguabo.icrt.cu\/index.php?rest_route=\/wp\/v2\/posts\/6875\/revisions"}],"predecessor-version":[{"id":6881,"href":"https:\/\/www.radiomajaguabo.icrt.cu\/index.php?rest_route=\/wp\/v2\/posts\/6875\/revisions\/6881"}],"wp:featuredmedia":[{"embeddable":true,"href":"https:\/\/www.radiomajaguabo.icrt.cu\/index.php?rest_route=\/wp\/v2\/media\/6372"}],"wp:attachment":[{"href":"https:\/\/www.radiomajaguabo.icrt.cu\/index.php?rest_route=%2Fwp%2Fv2%2Fmedia&parent=6875"}],"wp:term":[{"taxonomy":"category","embeddable":true,"href":"https:\/\/www.radiomajaguabo.icrt.cu\/index.php?rest_route=%2Fwp%2Fv2%2Fcategories&post=6875"},{"taxonomy":"post_tag","embeddable":true,"href":"https:\/\/www.radiomajaguabo.icrt.cu\/index.php?rest_route=%2Fwp%2Fv2%2Ftags&post=6875"},{"taxonomy":"author","embeddable":true,"href":"https:\/\/www.radiomajaguabo.icrt.cu\/index.php?rest_route=%2Fwp%2Fv2%2Fppma_author&post=6875"}],"curies":[{"name":"wp","href":"https:\/\/api.w.org\/{rel}","templated":true}]}}