{"id":6857,"date":"2024-03-01T13:47:43","date_gmt":"2024-03-01T13:47:43","guid":{"rendered":"https:\/\/www.radiomajaguabo.icrt.cu\/?p=6857"},"modified":"2024-03-01T13:47:43","modified_gmt":"2024-03-01T13:47:43","slug":"por-vez-primera-se-cosecha-papa-en-san-luis-fotos","status":"publish","type":"post","link":"https:\/\/www.radiomajaguabo.icrt.cu\/?p=6857","title":{"rendered":"Por vez primera, se cosecha papa en San Luis (+FOTOS)"},"content":{"rendered":"<div class=\"\" dir=\"auto\">\n<div id=\":r197:\" class=\"x1iorvi4 x1pi30zi x1l90r2v x1swvt13\" data-ad-comet-preview=\"message\" data-ad-preview=\"message\">\n<div class=\"x78zum5 xdt5ytf xz62fqu x16ldp7u\">\n<div class=\"xu06os2 x1ok221b\">\n<div class=\"xdj266r x11i5rnm xat24cr x1mh8g0r x1vvkbs x126k92a\">\n<div dir=\"auto\"><strong>San Luis, Santiago de Cuba, mar. 1, 24._<\/strong> El productor sanluisero Juan Mart\u00ednez Cobos, uno de los que en el territorio sembr\u00f3 una hect\u00e1rea y media de papa , luego de 80 d\u00edas inici\u00f3 la cosecha del demandado tub\u00e9rculo.<\/div>\n<div dir=\"auto\"><\/div>\n<div dir=\"auto\"><img loading=\"lazy\" decoding=\"async\" class=\" wp-image-6862 aligncenter\" src=\"https:\/\/www.radiomajaguabo.icrt.cu\/wp-content\/uploads\/2024\/03\/cosecha_papa_sanluis1-220x300.jpg\" alt=\"\" width=\"506\" height=\"690\" srcset=\"https:\/\/www.radiomajaguabo.icrt.cu\/wp-content\/uploads\/2024\/03\/cosecha_papa_sanluis1-220x300.jpg 220w, https:\/\/www.radiomajaguabo.icrt.cu\/wp-content\/uploads\/2024\/03\/cosecha_papa_sanluis1.jpg 469w\" sizes=\"auto, (max-width: 506px) 100vw, 506px\" \/><\/div>\n<div dir=\"auto\"><\/div>\n<div dir=\"auto\"><img loading=\"lazy\" decoding=\"async\" class=\" wp-image-6865 aligncenter\" src=\"https:\/\/www.radiomajaguabo.icrt.cu\/wp-content\/uploads\/2024\/03\/cosecha_papa_sanluis4-135x300.jpg\" alt=\"\" width=\"360\" height=\"800\" \/><\/div>\n<div dir=\"auto\"><\/div>\n<div dir=\"auto\"><img loading=\"lazy\" decoding=\"async\" class=\" wp-image-6863 aligncenter\" src=\"https:\/\/www.radiomajaguabo.icrt.cu\/wp-content\/uploads\/2024\/03\/cosecha_papa_sanluis2-300x135.jpg\" alt=\"\" width=\"527\" height=\"237\" srcset=\"https:\/\/www.radiomajaguabo.icrt.cu\/wp-content\/uploads\/2024\/03\/cosecha_papa_sanluis2-300x135.jpg 300w, https:\/\/www.radiomajaguabo.icrt.cu\/wp-content\/uploads\/2024\/03\/cosecha_papa_sanluis2.jpg 640w\" sizes=\"auto, (max-width: 527px) 100vw, 527px\" \/><\/div>\n<div dir=\"auto\"><\/div>\n<div dir=\"auto\"><img loading=\"lazy\" decoding=\"async\" class=\" wp-image-6864 aligncenter\" src=\"https:\/\/www.radiomajaguabo.icrt.cu\/wp-content\/uploads\/2024\/03\/cosecha_papa_sanluis3-300x135.jpg\" alt=\"\" width=\"544\" height=\"245\" srcset=\"https:\/\/www.radiomajaguabo.icrt.cu\/wp-content\/uploads\/2024\/03\/cosecha_papa_sanluis3-300x135.jpg 300w, https:\/\/www.radiomajaguabo.icrt.cu\/wp-content\/uploads\/2024\/03\/cosecha_papa_sanluis3.jpg 640w\" sizes=\"auto, (max-width: 544px) 100vw, 544px\" \/><\/div>\n<div dir=\"auto\"><\/div>\n<div dir=\"auto\"><img loading=\"lazy\" decoding=\"async\" class=\" wp-image-6866 aligncenter\" src=\"https:\/\/www.radiomajaguabo.icrt.cu\/wp-content\/uploads\/2024\/03\/cosecha_papa_sanluis5-300x298.jpg\" alt=\"\" width=\"464\" height=\"461\" srcset=\"https:\/\/www.radiomajaguabo.icrt.cu\/wp-content\/uploads\/2024\/03\/cosecha_papa_sanluis5-300x298.jpg 300w, https:\/\/www.radiomajaguabo.icrt.cu\/wp-content\/uploads\/2024\/03\/cosecha_papa_sanluis5-150x150.jpg 150w, https:\/\/www.radiomajaguabo.icrt.cu\/wp-content\/uploads\/2024\/03\/cosecha_papa_sanluis5.jpg 483w\" sizes=\"auto, (max-width: 464px) 100vw, 464px\" \/><\/div>\n<\/div>\n<div dir=\"auto\"><\/div>\n<div class=\"xdj266r x11i5rnm xat24cr x1mh8g0r x1vvkbs x126k92a\">\n<div dir=\"auto\">Fue una novedosa experiencia y quiz\u00e1s no alcance los rendimientos que median en el pa\u00eds, pero recordemos que es la primera vez que se siembra y pasamos muchas dificultades para llegar a este momento.<\/div>\n<\/div>\n<div class=\"x11i5rnm xat24cr x1mh8g0r x1vvkbs xtlvy1s x126k92a\">\n<div dir=\"auto\"><\/div>\n<\/div>\n<div class=\"x11i5rnm xat24cr x1mh8g0r x1vvkbs xtlvy1s x126k92a\">\n<div dir=\"auto\">No obstante, se demostr\u00f3 que s\u00ed se puede y la experiencia se puede generalizar, sobre todo en zonas altas con climas m\u00e1s fr\u00edos que propician el desarrollo del tub\u00e9rculo.<\/div>\n<div dir=\"auto\"><\/div>\n<\/div>\n<div class=\"x11i5rnm xat24cr x1mh8g0r x1vvkbs xtlvy1s x126k92a\">\n<div dir=\"auto\">\u00abResultados s\u00ed da y bueno aprendimos, esperamos comercializarla y que los sanluiseros puedan comprar al precio que decida el comit\u00e9 de Contrataci\u00f3n\u00bb, expres\u00f3.<\/div>\n<div dir=\"auto\"><\/div>\n<\/div>\n<div class=\"x11i5rnm xat24cr x1mh8g0r x1vvkbs xtlvy1s x126k92a\">\n<div dir=\"auto\">\u00abYa hay expectativa y muchos se asombran porque se cosech\u00f3 papa en el municipio, importante es contar con condiciones en Santiago de Cuba para lograr refrigerar las semillas y que est\u00e9n m\u00e1s cerca y abaratar costos\u00bb. El socio de la Cooperativa de Cr\u00e9ditos y Servicios Gustavo Moll tambi\u00e9n dijo que hay que cumplir requisitos t\u00e9cnicos.<\/div>\n<\/div>\n<div class=\"x11i5rnm xat24cr x1mh8g0r x1vvkbs xtlvy1s x126k92a\">\n<div dir=\"auto\"><\/div>\n<div dir=\"auto\">\u00abLos lugares para la siembra deben escogerse seg\u00fan las condiciones de temperatura, que deben ser bajas, y el tipo de suelo que se recomienda con una textura liviana, con poca resistencia al crecimiento de los tub\u00e9rculos y que facilite la cosecha\u00bb.<\/div>\n<div dir=\"auto\"><\/div>\n<\/div>\n<div class=\"x11i5rnm xat24cr x1mh8g0r x1vvkbs xtlvy1s x126k92a\">\n<div dir=\"auto\">Precis\u00f3 que \u00abdeben aplicarse todas las medidas que exige el cultivo, principalmente la preparaci\u00f3n de la tierra y la materia org\u00e1nica necesaria, para obtener buena germinaci\u00f3n y los rendimientos planificados\u00bb<\/div>\n<div dir=\"auto\"><\/div>\n<div dir=\"auto\">La papa es un cultivo estrat\u00e9gico para alcanzar la seguridad alimentaria, conocida como la reina de las viandas, es rica en prote\u00ednas y minerales y es un tub\u00e9rculo altamente demandado por la poblaci\u00f3n.<\/div>\n<\/div>\n<\/div>\n<\/div>\n<\/div>\n<\/div>\n<p>&nbsp;<\/p>\n<p>&nbsp;<\/p>\n","protected":false},"excerpt":{"rendered":"<p>San Luis, Santiago de Cuba, mar. 1, 24._ El productor sanluisero Juan Mart\u00ednez Cobos, uno de los que en el<\/p>\n<div class='heateor_sss_sharing_container heateor_sss_vertical_sharing heateor_sss_bottom_sharing' style='width:44px;left: -10px;top: 100px;-webkit-box-shadow:none;box-shadow:none;' ><div class=\"heateor_sss_sharing_ul\"><a class=\"heateor_sss_amp heateor_sss_amp_facebook\" href=\"https:\/\/www.facebook.com\/sharer\/sharer.php?u=https%3A%2F%2Fwww.radiomajaguabo.icrt.cu%2Findex.php%3Frest_route%3D%252Fwp%252Fv2%252Fposts%252F6857\" title=\"Facebook\" rel=\"nofollow noopener\" target=\"_blank\"><amp-img src=\"https:\/\/www.radiomajaguabo.icrt.cu\/wp-content\/plugins\/sassy-social-share\/public\/..\/images\/amp\/facebook.svg\" width=\"40\" height=\"40\" alt=\"Facebook\" class=\"amp-wp-enforced-sizes\" style=\"width: 40px;\"><\/amp-img><\/a><a class=\"heateor_sss_amp heateor_sss_amp_linkedin\" href=\"https:\/\/www.linkedin.com\/sharing\/share-offsite\/?url=https%3A%2F%2Fwww.radiomajaguabo.icrt.cu%2Findex.php%3Frest_route%3D%252Fwp%252Fv2%252Fposts%252F6857\" title=\"Linkedin\" rel=\"nofollow noopener\" target=\"_blank\"><amp-img src=\"https:\/\/www.radiomajaguabo.icrt.cu\/wp-content\/plugins\/sassy-social-share\/public\/..\/images\/amp\/linkedin.svg\" width=\"40\" height=\"40\" alt=\"Linkedin\" class=\"amp-wp-enforced-sizes\" style=\"width: 40px;\"><\/amp-img><\/a><a class=\"heateor_sss_amp heateor_sss_amp_whatsapp\" href=\"https:\/\/api.whatsapp.com\/send?text=Radio%20Majaguabo%20-%20Emisora%20Radio%20Majaguabo%2C%20San%20Luis%2C%20Santiago%20de%20Cuba%2C%20Cuba%20https%3A%2F%2Fwww.radiomajaguabo.icrt.cu%2Findex.php%3Frest_route%3D%252Fwp%252Fv2%252Fposts%252F6857\" title=\"Whatsapp\" rel=\"nofollow noopener\" target=\"_blank\"><amp-img src=\"https:\/\/www.radiomajaguabo.icrt.cu\/wp-content\/plugins\/sassy-social-share\/public\/..\/images\/amp\/whatsapp.svg\" width=\"40\" height=\"40\" alt=\"Whatsapp\" class=\"amp-wp-enforced-sizes\" style=\"width: 40px;\"><\/amp-img><\/a><a class=\"heateor_sss_amp heateor_sss_amp_instagram\" href=\"https:\/\/www.instagram.com\/\" title=\"Instagram\" rel=\"nofollow noopener\" target=\"_blank\"><amp-img src=\"https:\/\/www.radiomajaguabo.icrt.cu\/wp-content\/plugins\/sassy-social-share\/public\/..\/images\/amp\/instagram.svg\" width=\"40\" height=\"40\" alt=\"Instagram\" class=\"amp-wp-enforced-sizes\" style=\"width: 40px;\"><\/amp-img><\/a><a class=\"heateor_sss_amp heateor_sss_amp_x\" href=\"https:\/\/twitter.com\/intent\/tweet?text=Radio%20Majaguabo%20-%20Emisora%20Radio%20Majaguabo%2C%20San%20Luis%2C%20Santiago%20de%20Cuba%2C%20Cuba&url=https%3A%2F%2Fwww.radiomajaguabo.icrt.cu%2Findex.php%3Frest_route%3D%252Fwp%252Fv2%252Fposts%252F6857\" title=\"X\" rel=\"nofollow noopener\" target=\"_blank\"><amp-img src=\"https:\/\/www.radiomajaguabo.icrt.cu\/wp-content\/plugins\/sassy-social-share\/public\/..\/images\/amp\/x.svg\" width=\"40\" height=\"40\" alt=\"X\" class=\"amp-wp-enforced-sizes\" style=\"width:40px;\"><\/amp-img><\/a><\/div><div class=\"heateorSssClear\"><\/div><\/div>","protected":false},"author":1,"featured_media":6864,"comment_status":"open","ping_status":"open","sticky":false,"template":"","format":"standard","meta":{"colormag_page_layout":"default_layout","footnotes":""},"categories":[6,9,10],"tags":[1479,1997,1998,1905,505,304],"ppma_author":[37,299],"class_list":["post-6857","post","type-post","status-publish","format-standard","has-post-thumbnail","hentry","category-cultura","category-historia","category-san-luis","tag-cosecha","tag-expectativas","tag-juan-martinez-cobos","tag-papa","tag-productores","tag-san-luis"],"authors":[{"term_id":37,"user_id":1,"is_guest":0,"slug":"alberterie","display_name":"Administrador","avatar_url":"https:\/\/secure.gravatar.com\/avatar\/c7c20c93c5f4c81e7a7dc9b02a42095ae8875c9af446129683aaa06faf7fd1f3?s=96&d=mm&r=g","author_category":"","user_url":"https:\/\/www.radiomajaguabo.icrt.cu","last_name":"Alberterie Rivero","first_name":"Pedro","job_title":"","description":""},{"term_id":299,"user_id":6,"is_guest":0,"slug":"yaniuska","display_name":"Yaniuska P\u00e9rez Verdecia","avatar_url":"https:\/\/secure.gravatar.com\/avatar\/a6d7e51e5ccf0210b8c939b21a0b37dca410372954868b8ff5b8e51c07cf1a6e?s=96&d=mm&r=g","author_category":"","user_url":"","last_name":"P\u00e9rez Verdecia","first_name":"Yaniuska","job_title":"","description":""}],"amp_enabled":true,"_links":{"self":[{"href":"https:\/\/www.radiomajaguabo.icrt.cu\/index.php?rest_route=\/wp\/v2\/posts\/6857","targetHints":{"allow":["GET"]}}],"collection":[{"href":"https:\/\/www.radiomajaguabo.icrt.cu\/index.php?rest_route=\/wp\/v2\/posts"}],"about":[{"href":"https:\/\/www.radiomajaguabo.icrt.cu\/index.php?rest_route=\/wp\/v2\/types\/post"}],"author":[{"embeddable":true,"href":"https:\/\/www.radiomajaguabo.icrt.cu\/index.php?rest_route=\/wp\/v2\/users\/1"}],"replies":[{"embeddable":true,"href":"https:\/\/www.radiomajaguabo.icrt.cu\/index.php?rest_route=%2Fwp%2Fv2%2Fcomments&post=6857"}],"version-history":[{"count":1,"href":"https:\/\/www.radiomajaguabo.icrt.cu\/index.php?rest_route=\/wp\/v2\/posts\/6857\/revisions"}],"predecessor-version":[{"id":6872,"href":"https:\/\/www.radiomajaguabo.icrt.cu\/index.php?rest_route=\/wp\/v2\/posts\/6857\/revisions\/6872"}],"wp:featuredmedia":[{"embeddable":true,"href":"https:\/\/www.radiomajaguabo.icrt.cu\/index.php?rest_route=\/wp\/v2\/media\/6864"}],"wp:attachment":[{"href":"https:\/\/www.radiomajaguabo.icrt.cu\/index.php?rest_route=%2Fwp%2Fv2%2Fmedia&parent=6857"}],"wp:term":[{"taxonomy":"category","embeddable":true,"href":"https:\/\/www.radiomajaguabo.icrt.cu\/index.php?rest_route=%2Fwp%2Fv2%2Fcategories&post=6857"},{"taxonomy":"post_tag","embeddable":true,"href":"https:\/\/www.radiomajaguabo.icrt.cu\/index.php?rest_route=%2Fwp%2Fv2%2Ftags&post=6857"},{"taxonomy":"author","embeddable":true,"href":"https:\/\/www.radiomajaguabo.icrt.cu\/index.php?rest_route=%2Fwp%2Fv2%2Fppma_author&post=6857"}],"curies":[{"name":"wp","href":"https:\/\/api.w.org\/{rel}","templated":true}]}}