{"id":6825,"date":"2024-10-10T08:06:52","date_gmt":"2024-10-10T08:06:52","guid":{"rendered":"https:\/\/www.radiomajaguabo.icrt.cu\/?p=6825"},"modified":"2024-10-10T16:07:48","modified_gmt":"2024-10-10T16:07:48","slug":"homenaje-al-padre-de-la-patria","status":"publish","type":"post","link":"https:\/\/www.radiomajaguabo.icrt.cu\/?p=6825","title":{"rendered":"Homenaje al Padre de la Patria"},"content":{"rendered":"<div class=\"post-content\">\n<p>Granma, Cuba. \u2013 En nombre de nuestro pueblo, vecinos de Bayamo acompa\u00f1ados de las m\u00e1ximas autoridades del Partido y del Gobierno en Granma, le rendir\u00e1n este martes homenaje a Carlos Manuel de C\u00e9spedes, a 150 a\u00f1os de su ca\u00edda en combate.<\/p>\n<p>En la Primera Plaza cubana denominada de la Revoluci\u00f3n se realizar\u00e1 esta ma\u00f1ana la ceremonia\u00a0 de izamiento de la bandera cubana y la de C\u00e9spedes, y se evoca la vida, obra y la vigencia del legado del iniciador de nuestras luchas libertarias.<\/p>\n<p>Centros que llevan el nombre del patricio bayam\u00e9s como el hospital provincial de Bayamo, dedican matutinos especiales a recordar a C\u00e9spedes, que ofrend\u00f3 su vida por la libertad de Cuba, alcanzada con el triunfo de la Revoluci\u00f3n del Primero de enero liderada por Fidel.<\/p>\n<p>En el Museo del\u00a0 Parque Nacional La Demajagua en Manzanillo, su colectivo le rinde especial tributo a C\u00e9spedes, a siglo y medio de su paso a la inmortalidad<strong>. <\/strong><\/p>\n<p><strong>Rememoran en San Lorenzo ca\u00edda del Padre de la Patria<\/strong><\/p>\n<p>Pobladores de la comunidad de San Lorenzo en la serran\u00eda de Santiago de Cuba, rememorar\u00e1n este 27 de febrero el aniversario 150 de la ca\u00edda en desigual combate del Padre de la Patria.<\/p>\n<p>En el monumento erigido en el municipio Tercer Frente, donde cay\u00f3 abatido por balas espa\u00f1olas el iniciador de nuestra gesta libertaria, se llevar\u00e1 a efecto un acto de recordaci\u00f3n y la colocaci\u00f3n de una ofrenda floral a nombre de nuestro pueblo.<\/p>\n<p>Tambi\u00e9n este martes, en el Corredor de Honor del cementerio patrimonial Santa Ifigenia se celebrar\u00e1 una ceremonia militar de dep\u00f3sito de ofrenda ante la tumba monumento del patriota bayam\u00e9s Carlos Manuel de C\u00e9spedes.<\/p>\n<p>A prop\u00f3sito de la efem\u00e9ride, en Santiago de Cuba se ejecutaron acciones constructivas y de reanimaci\u00f3n de viviendas y unidades de servicios en el Consejo Popular San Lorenzo.<\/p>\n<div class=\"tags\"><\/div>\n<\/div>\n","protected":false},"excerpt":{"rendered":"<p>Granma, Cuba. \u2013 En nombre de nuestro pueblo, vecinos de Bayamo acompa\u00f1ados de las m\u00e1ximas autoridades del Partido y del<\/p>\n<div class='heateor_sss_sharing_container heateor_sss_vertical_sharing heateor_sss_bottom_sharing' style='width:44px;left: -10px;top: 100px;-webkit-box-shadow:none;box-shadow:none;' ><div class=\"heateor_sss_sharing_ul\"><a class=\"heateor_sss_amp heateor_sss_amp_facebook\" href=\"https:\/\/www.facebook.com\/sharer\/sharer.php?u=https%3A%2F%2Fwww.radiomajaguabo.icrt.cu%2Findex.php%3Frest_route%3D%252Fwp%252Fv2%252Fposts%252F6825\" title=\"Facebook\" rel=\"nofollow noopener\" target=\"_blank\"><amp-img src=\"https:\/\/www.radiomajaguabo.icrt.cu\/wp-content\/plugins\/sassy-social-share\/public\/..\/images\/amp\/facebook.svg\" width=\"40\" height=\"40\" alt=\"Facebook\" class=\"amp-wp-enforced-sizes\" style=\"width: 40px;\"><\/amp-img><\/a><a class=\"heateor_sss_amp heateor_sss_amp_linkedin\" href=\"https:\/\/www.linkedin.com\/sharing\/share-offsite\/?url=https%3A%2F%2Fwww.radiomajaguabo.icrt.cu%2Findex.php%3Frest_route%3D%252Fwp%252Fv2%252Fposts%252F6825\" title=\"Linkedin\" rel=\"nofollow noopener\" target=\"_blank\"><amp-img src=\"https:\/\/www.radiomajaguabo.icrt.cu\/wp-content\/plugins\/sassy-social-share\/public\/..\/images\/amp\/linkedin.svg\" width=\"40\" height=\"40\" alt=\"Linkedin\" class=\"amp-wp-enforced-sizes\" style=\"width: 40px;\"><\/amp-img><\/a><a class=\"heateor_sss_amp heateor_sss_amp_whatsapp\" href=\"https:\/\/api.whatsapp.com\/send?text=Radio%20Majaguabo%20-%20Emisora%20Radio%20Majaguabo%2C%20San%20Luis%2C%20Santiago%20de%20Cuba%2C%20Cuba%20https%3A%2F%2Fwww.radiomajaguabo.icrt.cu%2Findex.php%3Frest_route%3D%252Fwp%252Fv2%252Fposts%252F6825\" title=\"Whatsapp\" rel=\"nofollow noopener\" target=\"_blank\"><amp-img src=\"https:\/\/www.radiomajaguabo.icrt.cu\/wp-content\/plugins\/sassy-social-share\/public\/..\/images\/amp\/whatsapp.svg\" width=\"40\" height=\"40\" alt=\"Whatsapp\" class=\"amp-wp-enforced-sizes\" style=\"width: 40px;\"><\/amp-img><\/a><a class=\"heateor_sss_amp heateor_sss_amp_instagram\" href=\"https:\/\/www.instagram.com\/\" title=\"Instagram\" rel=\"nofollow noopener\" target=\"_blank\"><amp-img src=\"https:\/\/www.radiomajaguabo.icrt.cu\/wp-content\/plugins\/sassy-social-share\/public\/..\/images\/amp\/instagram.svg\" width=\"40\" height=\"40\" alt=\"Instagram\" class=\"amp-wp-enforced-sizes\" style=\"width: 40px;\"><\/amp-img><\/a><a class=\"heateor_sss_amp heateor_sss_amp_x\" href=\"https:\/\/twitter.com\/intent\/tweet?text=Radio%20Majaguabo%20-%20Emisora%20Radio%20Majaguabo%2C%20San%20Luis%2C%20Santiago%20de%20Cuba%2C%20Cuba&url=https%3A%2F%2Fwww.radiomajaguabo.icrt.cu%2Findex.php%3Frest_route%3D%252Fwp%252Fv2%252Fposts%252F6825\" title=\"X\" rel=\"nofollow noopener\" target=\"_blank\"><amp-img src=\"https:\/\/www.radiomajaguabo.icrt.cu\/wp-content\/plugins\/sassy-social-share\/public\/..\/images\/amp\/x.svg\" width=\"40\" height=\"40\" alt=\"X\" class=\"amp-wp-enforced-sizes\" style=\"width:40px;\"><\/amp-img><\/a><\/div><div class=\"heateorSssClear\"><\/div><\/div>","protected":false},"author":1,"featured_media":6832,"comment_status":"open","ping_status":"open","sticky":false,"template":"","format":"standard","meta":{"colormag_page_layout":"default_layout","footnotes":""},"categories":[9,6,8],"tags":[],"ppma_author":[37],"class_list":["post-6825","post","type-post","status-publish","format-standard","has-post-thumbnail","hentry","category-historia","category-cultura","category-nacionales"],"authors":[{"term_id":37,"user_id":1,"is_guest":0,"slug":"alberterie","display_name":"Administrador","avatar_url":"https:\/\/secure.gravatar.com\/avatar\/c7c20c93c5f4c81e7a7dc9b02a42095ae8875c9af446129683aaa06faf7fd1f3?s=96&d=mm&r=g","author_category":"","user_url":"https:\/\/www.radiomajaguabo.icrt.cu","last_name":"Alberterie Rivero","first_name":"Pedro","job_title":"","description":""}],"amp_enabled":true,"_links":{"self":[{"href":"https:\/\/www.radiomajaguabo.icrt.cu\/index.php?rest_route=\/wp\/v2\/posts\/6825","targetHints":{"allow":["GET"]}}],"collection":[{"href":"https:\/\/www.radiomajaguabo.icrt.cu\/index.php?rest_route=\/wp\/v2\/posts"}],"about":[{"href":"https:\/\/www.radiomajaguabo.icrt.cu\/index.php?rest_route=\/wp\/v2\/types\/post"}],"author":[{"embeddable":true,"href":"https:\/\/www.radiomajaguabo.icrt.cu\/index.php?rest_route=\/wp\/v2\/users\/1"}],"replies":[{"embeddable":true,"href":"https:\/\/www.radiomajaguabo.icrt.cu\/index.php?rest_route=%2Fwp%2Fv2%2Fcomments&post=6825"}],"version-history":[{"count":1,"href":"https:\/\/www.radiomajaguabo.icrt.cu\/index.php?rest_route=\/wp\/v2\/posts\/6825\/revisions"}],"predecessor-version":[{"id":6828,"href":"https:\/\/www.radiomajaguabo.icrt.cu\/index.php?rest_route=\/wp\/v2\/posts\/6825\/revisions\/6828"}],"wp:featuredmedia":[{"embeddable":true,"href":"https:\/\/www.radiomajaguabo.icrt.cu\/index.php?rest_route=\/wp\/v2\/media\/6832"}],"wp:attachment":[{"href":"https:\/\/www.radiomajaguabo.icrt.cu\/index.php?rest_route=%2Fwp%2Fv2%2Fmedia&parent=6825"}],"wp:term":[{"taxonomy":"category","embeddable":true,"href":"https:\/\/www.radiomajaguabo.icrt.cu\/index.php?rest_route=%2Fwp%2Fv2%2Fcategories&post=6825"},{"taxonomy":"post_tag","embeddable":true,"href":"https:\/\/www.radiomajaguabo.icrt.cu\/index.php?rest_route=%2Fwp%2Fv2%2Ftags&post=6825"},{"taxonomy":"author","embeddable":true,"href":"https:\/\/www.radiomajaguabo.icrt.cu\/index.php?rest_route=%2Fwp%2Fv2%2Fppma_author&post=6825"}],"curies":[{"name":"wp","href":"https:\/\/api.w.org\/{rel}","templated":true}]}}