{"id":68,"date":"2022-06-24T14:34:36","date_gmt":"2022-06-24T14:34:36","guid":{"rendered":"https:\/\/localhost\/radiomajaguabo\/?p=68"},"modified":"2022-06-24T15:12:45","modified_gmt":"2022-06-24T15:12:45","slug":"destacado-actor-y-director-alexis-diaz-de-villegas-fallecio-en-cuba","status":"publish","type":"post","link":"https:\/\/www.radiomajaguabo.icrt.cu\/?p=68","title":{"rendered":"Destacado actor y director Alexis D\u00edaz de Villegas falleci\u00f3 en Cuba"},"content":{"rendered":"<div class=\"elementor-element elementor-element-44014e52 elementor-widget elementor-widget-theme-post-excerpt\" data-id=\"44014e52\" data-element_type=\"widget\" data-widget_type=\"theme-post-excerpt.default\">\n<div><\/div>\n<div class=\"elementor-share-btn elementor-share-btn_facebook\">La Habana, 24 jun (Prensa Latina) El Consejo Nacional de las Artes Esc\u00e9nicas de Cuba inform\u00f3 hoy sobre el fallecimiento este viernes en La Habana del destacado actor, director y profesor teatral Alexis D\u00edaz de Villegas.<\/div>\n<\/div>\n<p><!--more--><\/p>\n<div class=\"elementor-share-btn elementor-share-btn_facebook\">De acuerdo con esa instituci\u00f3n cultural, el artista, nacido en 1966, fue uno de los mejores talentos de su generaci\u00f3n, reconocido por la cr\u00edtica y el p\u00fablico de la naci\u00f3n caribe\u00f1a por su labor en las tablas, el cine y la televisi\u00f3n.<\/div>\n<div class=\"elementor-element elementor-element-560e1f7e elementor-widget elementor-widget-theme-post-content\" data-id=\"560e1f7e\" data-element_type=\"widget\" data-widget_type=\"theme-post-content.default\">\n<div class=\"elementor-widget-container\">\n<p>El texto, difundido en la p\u00e1gina de Facebook de esa entidad, record\u00f3 que D\u00edaz de Villegas integr\u00f3 el elenco original de La cuarta pared, obra de V\u00edctor Varela estrenada hace 34 a\u00f1os y, seg\u00fan los expertos, la pieza estremeci\u00f3 el \u00e1mbito art\u00edstico en la mayor de las Antillas.<\/p>\n<p>La publicaci\u00f3n reconoci\u00f3 tambi\u00e9n su participaci\u00f3n con Varela y Teatro Obst\u00e1culo en la isla y el extranjero en montajes como \u00d3pera ciega, Segismundo ex Marqu\u00e9s y El Arca, hasta mediados de la d\u00e9cada de 1990.<\/p>\n<p>Asimismo, intervino en la puesta en escena de El trac, de la autor\u00eda de Virgilio Pi\u00f1era y en 1998 integr\u00f3 Argos Teatro, fundado por Carlos Celdr\u00e1n, grupo con el cual estren\u00f3 El Alma Buena de Se Chu\u00e1n, La se\u00f1orita Julia, Stockman: un enemigo del pueblo y Vida y muerte de Pier Paolo Pasolini.<\/p>\n<p>A comienzos del presente siglo pas\u00f3 a Teatro El P\u00fablico, agrupaci\u00f3n encabezada por Carlos D\u00edaz; desde 2001 apareci\u00f3 en La Gaviota, La Celestina, Fedra, Cal\u00edgula, El otro cuarto y otros t\u00edtulos, y en el cine actu\u00f3 en pel\u00edculas como Entre ciclones, Kangamba, El cuerno de la abundancia y Juan de los Muertos.<\/p>\n<p>mem\/dgh<\/p>\n<\/div>\n<\/div>\n<div class=\"elementor-element elementor-element-1fdbd0a elementor-widget elementor-widget-post-info\" data-id=\"1fdbd0a\" data-element_type=\"widget\" data-widget_type=\"post-info.default\">\n<div class=\"elementor-widget-container\">\n<ul class=\"elementor-inline-items elementor-icon-list-items elementor-post-info\">\n<li class=\"elementor-icon-list-item elementor-repeater-item-170494c elementor-inline-item\"><span class=\"elementor-icon-list-text elementor-post-info__item elementor-post-info__item--type-custom\"> #<a href=\"https:\/\/www.prensa-latina.cu\/tags\/actor\" rel=\"tag noopener\" target=\"_blank\">actor<\/a> #<a href=\"https:\/\/www.prensa-latina.cu\/tags\/alexis-diaz-de-villegas\" rel=\"tag noopener\" target=\"_blank\">Alexis D\u00edaz de Villegas<\/a> #<a href=\"https:\/\/www.prensa-latina.cu\/tags\/cuba\" rel=\"tag noopener\" target=\"_blank\">cuba<\/a> #<a href=\"https:\/\/www.prensa-latina.cu\/tags\/muerte\" rel=\"tag noopener\" target=\"_blank\">muerte<\/a> <\/span><\/li>\n<\/ul>\n<\/div>\n<\/div>\n","protected":false},"excerpt":{"rendered":"<p>La Habana, 24 jun (Prensa Latina) El Consejo Nacional de las Artes Esc\u00e9nicas de Cuba inform\u00f3 hoy sobre el fallecimiento<\/p>\n<div class='heateor_sss_sharing_container heateor_sss_vertical_sharing heateor_sss_bottom_sharing' style='width:44px;left: -10px;top: 100px;-webkit-box-shadow:none;box-shadow:none;' ><div class=\"heateor_sss_sharing_ul\"><a class=\"heateor_sss_amp heateor_sss_amp_facebook\" href=\"https:\/\/www.facebook.com\/sharer\/sharer.php?u=https%3A%2F%2Fwww.radiomajaguabo.icrt.cu%2Findex.php%3Frest_route%3D%252Fwp%252Fv2%252Fposts%252F68\" title=\"Facebook\" rel=\"nofollow noopener\" target=\"_blank\"><amp-img src=\"https:\/\/www.radiomajaguabo.icrt.cu\/wp-content\/plugins\/sassy-social-share\/public\/..\/images\/amp\/facebook.svg\" width=\"40\" height=\"40\" alt=\"Facebook\" class=\"amp-wp-enforced-sizes\" style=\"width: 40px;\"><\/amp-img><\/a><a class=\"heateor_sss_amp heateor_sss_amp_linkedin\" href=\"https:\/\/www.linkedin.com\/sharing\/share-offsite\/?url=https%3A%2F%2Fwww.radiomajaguabo.icrt.cu%2Findex.php%3Frest_route%3D%252Fwp%252Fv2%252Fposts%252F68\" title=\"Linkedin\" rel=\"nofollow noopener\" target=\"_blank\"><amp-img src=\"https:\/\/www.radiomajaguabo.icrt.cu\/wp-content\/plugins\/sassy-social-share\/public\/..\/images\/amp\/linkedin.svg\" width=\"40\" height=\"40\" alt=\"Linkedin\" class=\"amp-wp-enforced-sizes\" style=\"width: 40px;\"><\/amp-img><\/a><a class=\"heateor_sss_amp heateor_sss_amp_whatsapp\" href=\"https:\/\/api.whatsapp.com\/send?text=Radio%20Majaguabo%20-%20Emisora%20Radio%20Majaguabo%2C%20San%20Luis%2C%20Santiago%20de%20Cuba%2C%20Cuba%20https%3A%2F%2Fwww.radiomajaguabo.icrt.cu%2Findex.php%3Frest_route%3D%252Fwp%252Fv2%252Fposts%252F68\" title=\"Whatsapp\" rel=\"nofollow noopener\" target=\"_blank\"><amp-img src=\"https:\/\/www.radiomajaguabo.icrt.cu\/wp-content\/plugins\/sassy-social-share\/public\/..\/images\/amp\/whatsapp.svg\" width=\"40\" height=\"40\" alt=\"Whatsapp\" class=\"amp-wp-enforced-sizes\" style=\"width: 40px;\"><\/amp-img><\/a><a class=\"heateor_sss_amp heateor_sss_amp_instagram\" href=\"https:\/\/www.instagram.com\/\" title=\"Instagram\" rel=\"nofollow noopener\" target=\"_blank\"><amp-img src=\"https:\/\/www.radiomajaguabo.icrt.cu\/wp-content\/plugins\/sassy-social-share\/public\/..\/images\/amp\/instagram.svg\" width=\"40\" height=\"40\" alt=\"Instagram\" class=\"amp-wp-enforced-sizes\" style=\"width: 40px;\"><\/amp-img><\/a><a class=\"heateor_sss_amp heateor_sss_amp_x\" href=\"https:\/\/twitter.com\/intent\/tweet?text=Radio%20Majaguabo%20-%20Emisora%20Radio%20Majaguabo%2C%20San%20Luis%2C%20Santiago%20de%20Cuba%2C%20Cuba&url=https%3A%2F%2Fwww.radiomajaguabo.icrt.cu%2Findex.php%3Frest_route%3D%252Fwp%252Fv2%252Fposts%252F68\" title=\"X\" rel=\"nofollow noopener\" target=\"_blank\"><amp-img src=\"https:\/\/www.radiomajaguabo.icrt.cu\/wp-content\/plugins\/sassy-social-share\/public\/..\/images\/amp\/x.svg\" width=\"40\" height=\"40\" alt=\"X\" class=\"amp-wp-enforced-sizes\" style=\"width:40px;\"><\/amp-img><\/a><\/div><div class=\"heateorSssClear\"><\/div><\/div>","protected":false},"author":10,"featured_media":69,"comment_status":"open","ping_status":"open","sticky":false,"template":"","format":"standard","meta":{"colormag_page_layout":"default_layout","footnotes":""},"categories":[6],"tags":[17,18,13,19],"ppma_author":[39],"class_list":["post-68","post","type-post","status-publish","format-standard","has-post-thumbnail","hentry","category-cultura","tag-actor","tag-alexis-diaz-de-villegas","tag-cuba","tag-muerte"],"authors":[{"term_id":39,"user_id":10,"is_guest":0,"slug":"prensa-latina","display_name":"Prensa Latina","avatar_url":"https:\/\/secure.gravatar.com\/avatar\/50c7a3112bb25b21ddc4cf0ff17bac923226a0d4e8814139af94a839af15e315?s=96&d=mm&r=g","author_category":"","user_url":"https:\/\/www.prensa-latina.cu","last_name":"","first_name":"Prensa Latina","job_title":"","description":""}],"amp_enabled":true,"_links":{"self":[{"href":"https:\/\/www.radiomajaguabo.icrt.cu\/index.php?rest_route=\/wp\/v2\/posts\/68","targetHints":{"allow":["GET"]}}],"collection":[{"href":"https:\/\/www.radiomajaguabo.icrt.cu\/index.php?rest_route=\/wp\/v2\/posts"}],"about":[{"href":"https:\/\/www.radiomajaguabo.icrt.cu\/index.php?rest_route=\/wp\/v2\/types\/post"}],"author":[{"embeddable":true,"href":"https:\/\/www.radiomajaguabo.icrt.cu\/index.php?rest_route=\/wp\/v2\/users\/10"}],"replies":[{"embeddable":true,"href":"https:\/\/www.radiomajaguabo.icrt.cu\/index.php?rest_route=%2Fwp%2Fv2%2Fcomments&post=68"}],"version-history":[{"count":1,"href":"https:\/\/www.radiomajaguabo.icrt.cu\/index.php?rest_route=\/wp\/v2\/posts\/68\/revisions"}],"predecessor-version":[{"id":70,"href":"https:\/\/www.radiomajaguabo.icrt.cu\/index.php?rest_route=\/wp\/v2\/posts\/68\/revisions\/70"}],"wp:featuredmedia":[{"embeddable":true,"href":"https:\/\/www.radiomajaguabo.icrt.cu\/index.php?rest_route=\/wp\/v2\/media\/69"}],"wp:attachment":[{"href":"https:\/\/www.radiomajaguabo.icrt.cu\/index.php?rest_route=%2Fwp%2Fv2%2Fmedia&parent=68"}],"wp:term":[{"taxonomy":"category","embeddable":true,"href":"https:\/\/www.radiomajaguabo.icrt.cu\/index.php?rest_route=%2Fwp%2Fv2%2Fcategories&post=68"},{"taxonomy":"post_tag","embeddable":true,"href":"https:\/\/www.radiomajaguabo.icrt.cu\/index.php?rest_route=%2Fwp%2Fv2%2Ftags&post=68"},{"taxonomy":"author","embeddable":true,"href":"https:\/\/www.radiomajaguabo.icrt.cu\/index.php?rest_route=%2Fwp%2Fv2%2Fppma_author&post=68"}],"curies":[{"name":"wp","href":"https:\/\/api.w.org\/{rel}","templated":true}]}}