{"id":6794,"date":"2024-02-26T14:29:28","date_gmt":"2024-02-26T14:29:28","guid":{"rendered":"https:\/\/www.radiomajaguabo.icrt.cu\/?p=6794"},"modified":"2024-02-26T14:29:28","modified_gmt":"2024-02-26T14:29:28","slug":"asociacion-del-ciego-en-san-luis-continua-trabajando-por-la-inclusion","status":"publish","type":"post","link":"https:\/\/www.radiomajaguabo.icrt.cu\/?p=6794","title":{"rendered":"Asociaci\u00f3n del Ciego en San Luis contin\u00faa trabajando por la inclusi\u00f3n"},"content":{"rendered":"<p><strong>San Luis, Santiago de Cuba, feb. 26, 24. _<\/strong> Los miembros de la Asociaci\u00f3n Nacional de Ciegos (ANCI) aqu\u00ed realizaron su Asamblea de Balance.<!--more--><\/p>\n<p>Una jornada que llev\u00f3 como bandera la inclusi\u00f3n y en la que se enfatiz\u00f3 en la necesidad de la sensibilizaci\u00f3n con las personas en situaci\u00f3n de discapacidad.<\/p>\n<p>Autoridades del Partido Comunista de Cuba y de la estructura municipal de Gobierno acompa\u00f1aron la realizaci\u00f3n del evento, dando respuestas a muchas de las inquietudes de los asociados.<\/p>\n<p><img loading=\"lazy\" decoding=\"async\" class=\" wp-image-6803 aligncenter\" src=\"https:\/\/www.radiomajaguabo.icrt.cu\/wp-content\/uploads\/2024\/02\/maria_eva_limonta2-300x169.jpg\" alt=\"\" width=\"570\" height=\"321\" srcset=\"https:\/\/www.radiomajaguabo.icrt.cu\/wp-content\/uploads\/2024\/02\/maria_eva_limonta2-300x169.jpg 300w, https:\/\/www.radiomajaguabo.icrt.cu\/wp-content\/uploads\/2024\/02\/maria_eva_limonta2.jpg 640w\" sizes=\"auto, (max-width: 570px) 100vw, 570px\" \/><\/p>\n<p>Tras la presentaci\u00f3n del informe que recoge todo el trabajo realizado, algunos de los 48 delegados emitieron sus criterios relacionados con la atenci\u00f3n social, la Educaci\u00f3n, el empleo, el Deporte y la recreaci\u00f3n, la Cultura, entre otros t\u00f3picos objetos de debate.<\/p>\n<p>Se presentaron a votaci\u00f3n las nuevas modificaciones a los estatutos de la ANCI y tambi\u00e9n se eligi\u00f3 al nuevo secretariado, as\u00ed ratificaron a Mar\u00eda Eva Limonta Fuentes como presidenta.<\/p>\n<p>No falt\u00f3 el espacio para reconocer a aquellos asociados con una trayectoria destacada en este periodo y para presentar las proyecciones de trabajo.<\/p>\n<p>Maislendri Planas Texidor, Viceintendente que atiende los Programas Sociales, felicit\u00f3 a los integrantes por el desarrollo de la Asamblea y todos los logros de este per\u00edodo.<\/p>\n<p>&nbsp;<\/p>\n<p>&nbsp;<\/p>\n","protected":false},"excerpt":{"rendered":"<p>San Luis, Santiago de Cuba, feb. 26, 24. _ Los miembros de la Asociaci\u00f3n Nacional de Ciegos (ANCI) aqu\u00ed realizaron<\/p>\n<div class='heateor_sss_sharing_container heateor_sss_vertical_sharing heateor_sss_bottom_sharing' style='width:44px;left: -10px;top: 100px;-webkit-box-shadow:none;box-shadow:none;' ><div class=\"heateor_sss_sharing_ul\"><a class=\"heateor_sss_amp heateor_sss_amp_facebook\" href=\"https:\/\/www.facebook.com\/sharer\/sharer.php?u=https%3A%2F%2Fwww.radiomajaguabo.icrt.cu%2Findex.php%3Frest_route%3D%252Fwp%252Fv2%252Fposts%252F6794\" title=\"Facebook\" rel=\"nofollow noopener\" target=\"_blank\"><amp-img src=\"https:\/\/www.radiomajaguabo.icrt.cu\/wp-content\/plugins\/sassy-social-share\/public\/..\/images\/amp\/facebook.svg\" width=\"40\" height=\"40\" alt=\"Facebook\" class=\"amp-wp-enforced-sizes\" style=\"width: 40px;\"><\/amp-img><\/a><a class=\"heateor_sss_amp heateor_sss_amp_linkedin\" href=\"https:\/\/www.linkedin.com\/sharing\/share-offsite\/?url=https%3A%2F%2Fwww.radiomajaguabo.icrt.cu%2Findex.php%3Frest_route%3D%252Fwp%252Fv2%252Fposts%252F6794\" title=\"Linkedin\" rel=\"nofollow noopener\" target=\"_blank\"><amp-img src=\"https:\/\/www.radiomajaguabo.icrt.cu\/wp-content\/plugins\/sassy-social-share\/public\/..\/images\/amp\/linkedin.svg\" width=\"40\" height=\"40\" alt=\"Linkedin\" class=\"amp-wp-enforced-sizes\" style=\"width: 40px;\"><\/amp-img><\/a><a class=\"heateor_sss_amp heateor_sss_amp_whatsapp\" href=\"https:\/\/api.whatsapp.com\/send?text=Radio%20Majaguabo%20-%20Emisora%20Radio%20Majaguabo%2C%20San%20Luis%2C%20Santiago%20de%20Cuba%2C%20Cuba%20https%3A%2F%2Fwww.radiomajaguabo.icrt.cu%2Findex.php%3Frest_route%3D%252Fwp%252Fv2%252Fposts%252F6794\" title=\"Whatsapp\" rel=\"nofollow noopener\" target=\"_blank\"><amp-img src=\"https:\/\/www.radiomajaguabo.icrt.cu\/wp-content\/plugins\/sassy-social-share\/public\/..\/images\/amp\/whatsapp.svg\" width=\"40\" height=\"40\" alt=\"Whatsapp\" class=\"amp-wp-enforced-sizes\" style=\"width: 40px;\"><\/amp-img><\/a><a class=\"heateor_sss_amp heateor_sss_amp_instagram\" href=\"https:\/\/www.instagram.com\/\" title=\"Instagram\" rel=\"nofollow noopener\" target=\"_blank\"><amp-img src=\"https:\/\/www.radiomajaguabo.icrt.cu\/wp-content\/plugins\/sassy-social-share\/public\/..\/images\/amp\/instagram.svg\" width=\"40\" height=\"40\" alt=\"Instagram\" class=\"amp-wp-enforced-sizes\" style=\"width: 40px;\"><\/amp-img><\/a><a class=\"heateor_sss_amp heateor_sss_amp_x\" href=\"https:\/\/twitter.com\/intent\/tweet?text=Radio%20Majaguabo%20-%20Emisora%20Radio%20Majaguabo%2C%20San%20Luis%2C%20Santiago%20de%20Cuba%2C%20Cuba&url=https%3A%2F%2Fwww.radiomajaguabo.icrt.cu%2Findex.php%3Frest_route%3D%252Fwp%252Fv2%252Fposts%252F6794\" title=\"X\" rel=\"nofollow noopener\" target=\"_blank\"><amp-img src=\"https:\/\/www.radiomajaguabo.icrt.cu\/wp-content\/plugins\/sassy-social-share\/public\/..\/images\/amp\/x.svg\" width=\"40\" height=\"40\" alt=\"X\" class=\"amp-wp-enforced-sizes\" style=\"width:40px;\"><\/amp-img><\/a><\/div><div class=\"heateorSssClear\"><\/div><\/div>","protected":false},"author":1,"featured_media":6802,"comment_status":"open","ping_status":"open","sticky":false,"template":"","format":"standard","meta":{"colormag_page_layout":"default_layout","footnotes":""},"categories":[6,9,10],"tags":[803,794,525,1989,304],"ppma_author":[37,802],"class_list":["post-6794","post","type-post","status-publish","format-standard","has-post-thumbnail","hentry","category-cultura","category-historia","category-san-luis","tag-anci","tag-asociacion","tag-cultura","tag-inclusion","tag-san-luis"],"authors":[{"term_id":37,"user_id":1,"is_guest":0,"slug":"alberterie","display_name":"Administrador","avatar_url":"https:\/\/secure.gravatar.com\/avatar\/c7c20c93c5f4c81e7a7dc9b02a42095ae8875c9af446129683aaa06faf7fd1f3?s=96&d=mm&r=g","author_category":"","user_url":"https:\/\/www.radiomajaguabo.icrt.cu","last_name":"Alberterie Rivero","first_name":"Pedro","job_title":"","description":""},{"term_id":802,"user_id":17,"is_guest":0,"slug":"ailin-viltre-nuviola","display_name":"Ail\u00edn Viltre Nuviola","avatar_url":"https:\/\/secure.gravatar.com\/avatar\/38db7cf9e1368f42ee206ec705534beb6afe58746c25d649c39ac2d490476010?s=96&d=mm&r=g","author_category":"","user_url":"https:\/\/www.radiomajaguabo.icrt.cu","last_name":"Viltre Nuviola","first_name":"Ail\u00edn","job_title":"","description":""}],"amp_enabled":true,"_links":{"self":[{"href":"https:\/\/www.radiomajaguabo.icrt.cu\/index.php?rest_route=\/wp\/v2\/posts\/6794","targetHints":{"allow":["GET"]}}],"collection":[{"href":"https:\/\/www.radiomajaguabo.icrt.cu\/index.php?rest_route=\/wp\/v2\/posts"}],"about":[{"href":"https:\/\/www.radiomajaguabo.icrt.cu\/index.php?rest_route=\/wp\/v2\/types\/post"}],"author":[{"embeddable":true,"href":"https:\/\/www.radiomajaguabo.icrt.cu\/index.php?rest_route=\/wp\/v2\/users\/1"}],"replies":[{"embeddable":true,"href":"https:\/\/www.radiomajaguabo.icrt.cu\/index.php?rest_route=%2Fwp%2Fv2%2Fcomments&post=6794"}],"version-history":[{"count":1,"href":"https:\/\/www.radiomajaguabo.icrt.cu\/index.php?rest_route=\/wp\/v2\/posts\/6794\/revisions"}],"predecessor-version":[{"id":6804,"href":"https:\/\/www.radiomajaguabo.icrt.cu\/index.php?rest_route=\/wp\/v2\/posts\/6794\/revisions\/6804"}],"wp:featuredmedia":[{"embeddable":true,"href":"https:\/\/www.radiomajaguabo.icrt.cu\/index.php?rest_route=\/wp\/v2\/media\/6802"}],"wp:attachment":[{"href":"https:\/\/www.radiomajaguabo.icrt.cu\/index.php?rest_route=%2Fwp%2Fv2%2Fmedia&parent=6794"}],"wp:term":[{"taxonomy":"category","embeddable":true,"href":"https:\/\/www.radiomajaguabo.icrt.cu\/index.php?rest_route=%2Fwp%2Fv2%2Fcategories&post=6794"},{"taxonomy":"post_tag","embeddable":true,"href":"https:\/\/www.radiomajaguabo.icrt.cu\/index.php?rest_route=%2Fwp%2Fv2%2Ftags&post=6794"},{"taxonomy":"author","embeddable":true,"href":"https:\/\/www.radiomajaguabo.icrt.cu\/index.php?rest_route=%2Fwp%2Fv2%2Fppma_author&post=6794"}],"curies":[{"name":"wp","href":"https:\/\/api.w.org\/{rel}","templated":true}]}}