{"id":6511,"date":"2024-02-03T10:24:08","date_gmt":"2024-02-03T10:24:08","guid":{"rendered":"https:\/\/www.radiomajaguabo.icrt.cu\/?p=6511"},"modified":"2024-01-31T15:27:49","modified_gmt":"2024-01-31T15:27:49","slug":"por-mejor-calidad-de-vida-trabajaran-profesores-de-deporte-en-san-luis","status":"publish","type":"post","link":"https:\/\/www.radiomajaguabo.icrt.cu\/?p=6511","title":{"rendered":"Por mejor calidad de vida trabajar\u00e1n profesores de deporte en San Luis"},"content":{"rendered":"<p><strong>San Luis, Santiago de Cuba, feb. 3, 24. _<\/strong>En este 2024 la pr\u00e1ctica del deporte ser\u00e1 v\u00eda para el acceso a una recreaci\u00f3n m\u00e1s sana y al mejoramiento de la calidad de vida de los habitantes de los asentamientos de Dos Caminos y Estrella Roja.<!--more--><\/p>\n<p>Durante el actual a\u00f1o, los profesores, activistas y personal de apoyo del Combinado Deportivo Pep\u00edn Ben\u00edtez, de esta localidad, prev\u00e9n la realizaci\u00f3n de varias actividades recreativas para garantizar el desarrollo de las habilidades deportivas de los diferentes grupos etarios, haciendo especial \u00e9nfasis en los ni\u00f1os. Se priorizar\u00e1, igualmente, la captaci\u00f3n de nuevos talentos deportivos en el territorio.<\/p>\n<p>Tambi\u00e9n se prev\u00e9 incrementar las competencias sociales de las diferentes disciplinas y las acciones deportivas en las zonas rurales y del Plan Turquino.<\/p>\n<p>En el 2024, se trabajar\u00e1 para incentivar a los practicantes de los grupos en las actividades de la cultura f\u00edsica, principalmente, personas obesas, asm\u00e1ticas o con otras afecciones.<\/p>\n","protected":false},"excerpt":{"rendered":"<p>San Luis, Santiago de Cuba, feb. 3, 24. _En este 2024 la pr\u00e1ctica del deporte ser\u00e1 v\u00eda para el acceso<\/p>\n<div class='heateor_sss_sharing_container heateor_sss_vertical_sharing heateor_sss_bottom_sharing' style='width:44px;left: -10px;top: 100px;-webkit-box-shadow:none;box-shadow:none;' ><div class=\"heateor_sss_sharing_ul\"><a class=\"heateor_sss_amp heateor_sss_amp_facebook\" href=\"https:\/\/www.facebook.com\/sharer\/sharer.php?u=https%3A%2F%2Fwww.radiomajaguabo.icrt.cu%2Findex.php%3Frest_route%3D%252Fwp%252Fv2%252Fposts%252F6511\" title=\"Facebook\" rel=\"nofollow noopener\" target=\"_blank\"><amp-img src=\"https:\/\/www.radiomajaguabo.icrt.cu\/wp-content\/plugins\/sassy-social-share\/public\/..\/images\/amp\/facebook.svg\" width=\"40\" height=\"40\" alt=\"Facebook\" class=\"amp-wp-enforced-sizes\" style=\"width: 40px;\"><\/amp-img><\/a><a class=\"heateor_sss_amp heateor_sss_amp_linkedin\" href=\"https:\/\/www.linkedin.com\/sharing\/share-offsite\/?url=https%3A%2F%2Fwww.radiomajaguabo.icrt.cu%2Findex.php%3Frest_route%3D%252Fwp%252Fv2%252Fposts%252F6511\" title=\"Linkedin\" rel=\"nofollow noopener\" target=\"_blank\"><amp-img src=\"https:\/\/www.radiomajaguabo.icrt.cu\/wp-content\/plugins\/sassy-social-share\/public\/..\/images\/amp\/linkedin.svg\" width=\"40\" height=\"40\" alt=\"Linkedin\" class=\"amp-wp-enforced-sizes\" style=\"width: 40px;\"><\/amp-img><\/a><a class=\"heateor_sss_amp heateor_sss_amp_whatsapp\" href=\"https:\/\/api.whatsapp.com\/send?text=Radio%20Majaguabo%20-%20Emisora%20Radio%20Majaguabo%2C%20San%20Luis%2C%20Santiago%20de%20Cuba%2C%20Cuba%20https%3A%2F%2Fwww.radiomajaguabo.icrt.cu%2Findex.php%3Frest_route%3D%252Fwp%252Fv2%252Fposts%252F6511\" title=\"Whatsapp\" rel=\"nofollow noopener\" target=\"_blank\"><amp-img src=\"https:\/\/www.radiomajaguabo.icrt.cu\/wp-content\/plugins\/sassy-social-share\/public\/..\/images\/amp\/whatsapp.svg\" width=\"40\" height=\"40\" alt=\"Whatsapp\" class=\"amp-wp-enforced-sizes\" style=\"width: 40px;\"><\/amp-img><\/a><a class=\"heateor_sss_amp heateor_sss_amp_instagram\" href=\"https:\/\/www.instagram.com\/\" title=\"Instagram\" rel=\"nofollow noopener\" target=\"_blank\"><amp-img src=\"https:\/\/www.radiomajaguabo.icrt.cu\/wp-content\/plugins\/sassy-social-share\/public\/..\/images\/amp\/instagram.svg\" width=\"40\" height=\"40\" alt=\"Instagram\" class=\"amp-wp-enforced-sizes\" style=\"width: 40px;\"><\/amp-img><\/a><a class=\"heateor_sss_amp heateor_sss_amp_x\" href=\"https:\/\/twitter.com\/intent\/tweet?text=Radio%20Majaguabo%20-%20Emisora%20Radio%20Majaguabo%2C%20San%20Luis%2C%20Santiago%20de%20Cuba%2C%20Cuba&url=https%3A%2F%2Fwww.radiomajaguabo.icrt.cu%2Findex.php%3Frest_route%3D%252Fwp%252Fv2%252Fposts%252F6511\" title=\"X\" rel=\"nofollow noopener\" target=\"_blank\"><amp-img src=\"https:\/\/www.radiomajaguabo.icrt.cu\/wp-content\/plugins\/sassy-social-share\/public\/..\/images\/amp\/x.svg\" width=\"40\" height=\"40\" alt=\"X\" class=\"amp-wp-enforced-sizes\" style=\"width:40px;\"><\/amp-img><\/a><\/div><div class=\"heateorSssClear\"><\/div><\/div>","protected":false},"author":1,"featured_media":3897,"comment_status":"open","ping_status":"open","sticky":false,"template":"","format":"standard","meta":{"colormag_page_layout":"default_layout","footnotes":""},"categories":[6,5,9,10],"tags":[1921,545,13,472,766,1920,304],"ppma_author":[37,299],"class_list":["post-6511","post","type-post","status-publish","format-standard","has-post-thumbnail","hentry","category-cultura","category-deportes","category-historia","category-san-luis","tag-activistas","tag-calidad-de-vida","tag-cuba","tag-deportes","tag-oriente","tag-profesores","tag-san-luis"],"authors":[{"term_id":37,"user_id":1,"is_guest":0,"slug":"alberterie","display_name":"Administrador","avatar_url":"https:\/\/secure.gravatar.com\/avatar\/c7c20c93c5f4c81e7a7dc9b02a42095ae8875c9af446129683aaa06faf7fd1f3?s=96&d=mm&r=g","author_category":"","user_url":"https:\/\/www.radiomajaguabo.icrt.cu","last_name":"Alberterie Rivero","first_name":"Pedro","job_title":"","description":""},{"term_id":299,"user_id":6,"is_guest":0,"slug":"yaniuska","display_name":"Yaniuska P\u00e9rez Verdecia","avatar_url":"https:\/\/secure.gravatar.com\/avatar\/a6d7e51e5ccf0210b8c939b21a0b37dca410372954868b8ff5b8e51c07cf1a6e?s=96&d=mm&r=g","author_category":"","user_url":"","last_name":"P\u00e9rez Verdecia","first_name":"Yaniuska","job_title":"","description":""}],"amp_enabled":true,"_links":{"self":[{"href":"https:\/\/www.radiomajaguabo.icrt.cu\/index.php?rest_route=\/wp\/v2\/posts\/6511","targetHints":{"allow":["GET"]}}],"collection":[{"href":"https:\/\/www.radiomajaguabo.icrt.cu\/index.php?rest_route=\/wp\/v2\/posts"}],"about":[{"href":"https:\/\/www.radiomajaguabo.icrt.cu\/index.php?rest_route=\/wp\/v2\/types\/post"}],"author":[{"embeddable":true,"href":"https:\/\/www.radiomajaguabo.icrt.cu\/index.php?rest_route=\/wp\/v2\/users\/1"}],"replies":[{"embeddable":true,"href":"https:\/\/www.radiomajaguabo.icrt.cu\/index.php?rest_route=%2Fwp%2Fv2%2Fcomments&post=6511"}],"version-history":[{"count":1,"href":"https:\/\/www.radiomajaguabo.icrt.cu\/index.php?rest_route=\/wp\/v2\/posts\/6511\/revisions"}],"predecessor-version":[{"id":6512,"href":"https:\/\/www.radiomajaguabo.icrt.cu\/index.php?rest_route=\/wp\/v2\/posts\/6511\/revisions\/6512"}],"wp:featuredmedia":[{"embeddable":true,"href":"https:\/\/www.radiomajaguabo.icrt.cu\/index.php?rest_route=\/wp\/v2\/media\/3897"}],"wp:attachment":[{"href":"https:\/\/www.radiomajaguabo.icrt.cu\/index.php?rest_route=%2Fwp%2Fv2%2Fmedia&parent=6511"}],"wp:term":[{"taxonomy":"category","embeddable":true,"href":"https:\/\/www.radiomajaguabo.icrt.cu\/index.php?rest_route=%2Fwp%2Fv2%2Fcategories&post=6511"},{"taxonomy":"post_tag","embeddable":true,"href":"https:\/\/www.radiomajaguabo.icrt.cu\/index.php?rest_route=%2Fwp%2Fv2%2Ftags&post=6511"},{"taxonomy":"author","embeddable":true,"href":"https:\/\/www.radiomajaguabo.icrt.cu\/index.php?rest_route=%2Fwp%2Fv2%2Fppma_author&post=6511"}],"curies":[{"name":"wp","href":"https:\/\/api.w.org\/{rel}","templated":true}]}}