{"id":6418,"date":"2024-01-25T15:36:11","date_gmt":"2024-01-25T15:36:11","guid":{"rendered":"https:\/\/www.radiomajaguabo.icrt.cu\/?p=6418"},"modified":"2024-01-25T15:36:11","modified_gmt":"2024-01-25T15:36:11","slug":"reeditaran-marcha-de-las-antorchas","status":"publish","type":"post","link":"https:\/\/www.radiomajaguabo.icrt.cu\/?p=6418","title":{"rendered":"Reeditar\u00e1n Marcha de las Antorchas"},"content":{"rendered":"<p>La Habana, Cuba. \u2013 A 171 a\u00f1os del natalicio de nuestro H\u00e9roe Nacional Jos\u00e9 Mart\u00ed, universitarios, acompa\u00f1ados por alumnos de otras ense\u00f1anzas, j\u00f3venes y martianos, protagonizar\u00e1n este 27 de enero, la tradicional Marcha de las Antorchas.<!--more--><\/p>\n<p>Celia Mariam Utria Espinosa, miembro del Secretariado Nacional de la Federaci\u00f3n Estudiantil Universitaria, expres\u00f3 a Radio Reloj, que el hist\u00f3rico desfile, realizado por la Generaci\u00f3n del Centenario es otra muestra de apoyo del estudiantado a la Revoluci\u00f3n.<\/p>\n<p>Puntualiz\u00f3 que la primera Marcha de las Antorchas se efectu\u00f3 en horas de la noche hace 71 a\u00f1os desde la colina de la Universidad de La Habana en una manifestaci\u00f3n desarrollada por la organizaci\u00f3n estudiantil.<\/p>\n<p>Subray\u00f3 Utria Espinosa que, empu\u00f1ando antorchas encendidas, el alumnado se dirigi\u00f3 hacia la Fragua Martiana para esperar el advenimiento del centenario del Ap\u00f3stol.<\/p>\n","protected":false},"excerpt":{"rendered":"<p>La Habana, Cuba. \u2013 A 171 a\u00f1os del natalicio de nuestro H\u00e9roe Nacional Jos\u00e9 Mart\u00ed, universitarios, acompa\u00f1ados por alumnos de<\/p>\n<div class='heateor_sss_sharing_container heateor_sss_vertical_sharing heateor_sss_bottom_sharing' style='width:44px;left: -10px;top: 100px;-webkit-box-shadow:none;box-shadow:none;' ><div class=\"heateor_sss_sharing_ul\"><a class=\"heateor_sss_amp heateor_sss_amp_facebook\" href=\"https:\/\/www.facebook.com\/sharer\/sharer.php?u=https%3A%2F%2Fwww.radiomajaguabo.icrt.cu%2Findex.php%3Frest_route%3D%252Fwp%252Fv2%252Fposts%252F6418\" title=\"Facebook\" rel=\"nofollow noopener\" target=\"_blank\"><amp-img src=\"https:\/\/www.radiomajaguabo.icrt.cu\/wp-content\/plugins\/sassy-social-share\/public\/..\/images\/amp\/facebook.svg\" width=\"40\" height=\"40\" alt=\"Facebook\" class=\"amp-wp-enforced-sizes\" style=\"width: 40px;\"><\/amp-img><\/a><a class=\"heateor_sss_amp heateor_sss_amp_linkedin\" href=\"https:\/\/www.linkedin.com\/sharing\/share-offsite\/?url=https%3A%2F%2Fwww.radiomajaguabo.icrt.cu%2Findex.php%3Frest_route%3D%252Fwp%252Fv2%252Fposts%252F6418\" title=\"Linkedin\" rel=\"nofollow noopener\" target=\"_blank\"><amp-img src=\"https:\/\/www.radiomajaguabo.icrt.cu\/wp-content\/plugins\/sassy-social-share\/public\/..\/images\/amp\/linkedin.svg\" width=\"40\" height=\"40\" alt=\"Linkedin\" class=\"amp-wp-enforced-sizes\" style=\"width: 40px;\"><\/amp-img><\/a><a class=\"heateor_sss_amp heateor_sss_amp_whatsapp\" href=\"https:\/\/api.whatsapp.com\/send?text=Radio%20Majaguabo%20-%20Emisora%20Radio%20Majaguabo%2C%20San%20Luis%2C%20Santiago%20de%20Cuba%2C%20Cuba%20https%3A%2F%2Fwww.radiomajaguabo.icrt.cu%2Findex.php%3Frest_route%3D%252Fwp%252Fv2%252Fposts%252F6418\" title=\"Whatsapp\" rel=\"nofollow noopener\" target=\"_blank\"><amp-img src=\"https:\/\/www.radiomajaguabo.icrt.cu\/wp-content\/plugins\/sassy-social-share\/public\/..\/images\/amp\/whatsapp.svg\" width=\"40\" height=\"40\" alt=\"Whatsapp\" class=\"amp-wp-enforced-sizes\" style=\"width: 40px;\"><\/amp-img><\/a><a class=\"heateor_sss_amp heateor_sss_amp_instagram\" href=\"https:\/\/www.instagram.com\/\" title=\"Instagram\" rel=\"nofollow noopener\" target=\"_blank\"><amp-img src=\"https:\/\/www.radiomajaguabo.icrt.cu\/wp-content\/plugins\/sassy-social-share\/public\/..\/images\/amp\/instagram.svg\" width=\"40\" height=\"40\" alt=\"Instagram\" class=\"amp-wp-enforced-sizes\" style=\"width: 40px;\"><\/amp-img><\/a><a class=\"heateor_sss_amp heateor_sss_amp_x\" href=\"https:\/\/twitter.com\/intent\/tweet?text=Radio%20Majaguabo%20-%20Emisora%20Radio%20Majaguabo%2C%20San%20Luis%2C%20Santiago%20de%20Cuba%2C%20Cuba&url=https%3A%2F%2Fwww.radiomajaguabo.icrt.cu%2Findex.php%3Frest_route%3D%252Fwp%252Fv2%252Fposts%252F6418\" title=\"X\" rel=\"nofollow noopener\" target=\"_blank\"><amp-img src=\"https:\/\/www.radiomajaguabo.icrt.cu\/wp-content\/plugins\/sassy-social-share\/public\/..\/images\/amp\/x.svg\" width=\"40\" height=\"40\" alt=\"X\" class=\"amp-wp-enforced-sizes\" style=\"width:40px;\"><\/amp-img><\/a><\/div><div class=\"heateorSssClear\"><\/div><\/div>","protected":false},"author":1,"featured_media":6422,"comment_status":"open","ping_status":"open","sticky":false,"template":"","format":"standard","meta":{"colormag_page_layout":"default_layout","footnotes":""},"categories":[6,9,8],"tags":[1902,274,57,1901,893],"ppma_author":[37],"class_list":["post-6418","post","type-post","status-publish","format-standard","has-post-thumbnail","hentry","category-cultura","category-historia","category-nacionales","tag-aniversario-171","tag-apostol","tag-jose-marti","tag-marcha-de-las-antorchas","tag-natalicio"],"authors":[{"term_id":37,"user_id":1,"is_guest":0,"slug":"alberterie","display_name":"Administrador","avatar_url":"https:\/\/secure.gravatar.com\/avatar\/c7c20c93c5f4c81e7a7dc9b02a42095ae8875c9af446129683aaa06faf7fd1f3?s=96&d=mm&r=g","author_category":"","user_url":"https:\/\/www.radiomajaguabo.icrt.cu","last_name":"Alberterie Rivero","first_name":"Pedro","job_title":"","description":""}],"amp_enabled":true,"_links":{"self":[{"href":"https:\/\/www.radiomajaguabo.icrt.cu\/index.php?rest_route=\/wp\/v2\/posts\/6418","targetHints":{"allow":["GET"]}}],"collection":[{"href":"https:\/\/www.radiomajaguabo.icrt.cu\/index.php?rest_route=\/wp\/v2\/posts"}],"about":[{"href":"https:\/\/www.radiomajaguabo.icrt.cu\/index.php?rest_route=\/wp\/v2\/types\/post"}],"author":[{"embeddable":true,"href":"https:\/\/www.radiomajaguabo.icrt.cu\/index.php?rest_route=\/wp\/v2\/users\/1"}],"replies":[{"embeddable":true,"href":"https:\/\/www.radiomajaguabo.icrt.cu\/index.php?rest_route=%2Fwp%2Fv2%2Fcomments&post=6418"}],"version-history":[{"count":1,"href":"https:\/\/www.radiomajaguabo.icrt.cu\/index.php?rest_route=\/wp\/v2\/posts\/6418\/revisions"}],"predecessor-version":[{"id":6423,"href":"https:\/\/www.radiomajaguabo.icrt.cu\/index.php?rest_route=\/wp\/v2\/posts\/6418\/revisions\/6423"}],"wp:featuredmedia":[{"embeddable":true,"href":"https:\/\/www.radiomajaguabo.icrt.cu\/index.php?rest_route=\/wp\/v2\/media\/6422"}],"wp:attachment":[{"href":"https:\/\/www.radiomajaguabo.icrt.cu\/index.php?rest_route=%2Fwp%2Fv2%2Fmedia&parent=6418"}],"wp:term":[{"taxonomy":"category","embeddable":true,"href":"https:\/\/www.radiomajaguabo.icrt.cu\/index.php?rest_route=%2Fwp%2Fv2%2Fcategories&post=6418"},{"taxonomy":"post_tag","embeddable":true,"href":"https:\/\/www.radiomajaguabo.icrt.cu\/index.php?rest_route=%2Fwp%2Fv2%2Ftags&post=6418"},{"taxonomy":"author","embeddable":true,"href":"https:\/\/www.radiomajaguabo.icrt.cu\/index.php?rest_route=%2Fwp%2Fv2%2Fppma_author&post=6418"}],"curies":[{"name":"wp","href":"https:\/\/api.w.org\/{rel}","templated":true}]}}