{"id":6417,"date":"2024-01-25T14:58:09","date_gmt":"2024-01-25T14:58:09","guid":{"rendered":"https:\/\/www.radiomajaguabo.icrt.cu\/?p=6417"},"modified":"2024-01-25T14:58:09","modified_gmt":"2024-01-25T14:58:09","slug":"encuentro-entre-amigos-caribenos-video","status":"publish","type":"post","link":"https:\/\/www.radiomajaguabo.icrt.cu\/?p=6417","title":{"rendered":"Encuentro entre amigos caribe\u00f1os (Video)"},"content":{"rendered":"<p>La Habana, Cuba. \u2013 El Primer Secretario del Comit\u00e9 Central del Partido Comunista de Cuba y Presidente de la Rep\u00fablica, Miguel D\u00edaz-Canel Berm\u00fadez, recibi\u00f3 en la tarde de este mi\u00e9rcoles, desde el Palacio de la Revoluci\u00f3n, al secretario general del Partido Movimiento Izquierda Unida (MIU), y Ministro de Pol\u00edticas de Integraci\u00f3n Regional de Rep\u00fablica Dominicana, Jos\u00e9 Miguel Mej\u00eda Abreu.<!--more--><\/p>\n<p class=\"western\" lang=\"es-ES-u-co-trad\" align=\"justify\">\u201c\u00a1Aqu\u00ed estamos! \u00a1Venceremos!\u201d. As\u00ed, con el entusiasmo que suelen traer los amigos, habl\u00f3 en la tarde de este mi\u00e9rcoles, al ser recibido por el Presidente de la Rep\u00fablica de Cuba, Miguel D\u00edaz-Canel Berm\u00fadez, el secretario general del Partido Movimiento Izquierda Unida (MIU), y Ministro de Pol\u00edticas de Integraci\u00f3n Regional de Rep\u00fablica Dominicana, Jos\u00e9 Miguel Mej\u00eda Abreu.<\/p>\n<p>Desde el Palacio de la Revoluci\u00f3n, y en un ambiente marcado por la cordialidad, el Jefe de Estado pregunt\u00f3 al visitante c\u00f3mo le ha ido, en estas horas, con el programa que ha estado desarrollando en Cuba, a lo cual Mej\u00eda Abreu expres\u00f3: \u201cTenemos las pilas cargadas\u201d.<\/p>\n<p>Reflexionando sobre la actitud que deben asumir quienes tienen responsabilidades en tiempos tan dif\u00edciles como los que se est\u00e1n viviendo, el secretario general del Partido Movimiento Izquierda Unida comparti\u00f3 con su interlocutor una filosof\u00eda de batallas: \u201cUno no puede sentarse frente al muro de los lamentos. Hay que fajarse\u201d.<\/p>\n<p>Por su parte, el Primer Secretario del Comit\u00e9 Central del Partido Comunista de Cuba, Miguel D\u00edaz-Canel Berm\u00fadez, expres\u00f3 a Jos\u00e9 Miguel Mej\u00eda Abreu: \u201cNosotros estamos muy contentos con la visita de usted ac\u00e1\u201d.<\/p>\n<p>El mandatario aprovech\u00f3 el intercambio para enviar saludos afectuosos al Presidente de la Rep\u00fablica Dominicana, Luis Rodolfo Abinader Corona, as\u00ed como para extenderle la invitaci\u00f3n para que venga a la Mayor de las Antillas, donde el mandatario dominicano estuvo recientemente, cuando se celebr\u00f3 en La Habana, en septiembre del 2023, la Cumbre del Grupo de los 77 y China.<\/p>\n<p><img loading=\"lazy\" decoding=\"async\" class=\"size-medium aligncenter\" src=\"https:\/\/www.presidencia.gob.cu\/media\/filer_thumbnails\/filer_public_thumbnails\/public\/2024\/01\/24\/dc_recibimiento_dominicana_24124_2.jpg__830x600_q85_subject_location-535%2C15_subsampling-2.jpg\" width=\"830\" height=\"596\" \/><\/p>\n<p>En julio del 2022, el Presidente D\u00edaz-Canel hab\u00eda recibido en el Palacio de la Revoluci\u00f3n a Jos\u00e9 Miguel Mej\u00eda Abreu. Como el de esta vez, aquel intercambio estuvo timbrado por las positivas relaciones existentes entre el Partido Movimiento Izquierda Unida y el Partido Comunista de Cuba.<\/p>\n<p>En el di\u00e1logo de este mi\u00e9rcoles, tambi\u00e9n se encontraban presentes, por la parte cubana, el miembro del Bur\u00f3 Pol\u00edtico y Secretario de Organizaci\u00f3n del Comit\u00e9 Central del Partido Comunista de Cuba, Roberto Morales Ojeda; as\u00ed como Emilio Lozada Garc\u00eda, jefe del Departamento de Relaciones Internacionales del Comit\u00e9 Central del Partido Comunista, y Juan Carlos Fr\u00f3meta, funcionario del mismo Departamento de Relaciones Internacionales.<\/p>\n<h6><strong>Tomado del Sitio de la Presidencia de Cuba<\/strong><\/h6>\n<p><iframe loading=\"lazy\" title=\"YouTube video player\" src=\"https:\/\/www.youtube.com\/embed\/3I-tjM7AbKE?si=qb21OlQrQMIY6l6m\" width=\"560\" height=\"315\" frameborder=\"0\" allowfullscreen=\"allowfullscreen\" data-mce-fragment=\"1\"><\/iframe><\/p>\n<div class=\"tags\"><\/div>\n","protected":false},"excerpt":{"rendered":"<p>La Habana, Cuba. \u2013 El Primer Secretario del Comit\u00e9 Central del Partido Comunista de Cuba y Presidente de la Rep\u00fablica,<\/p>\n<div class='heateor_sss_sharing_container heateor_sss_vertical_sharing heateor_sss_bottom_sharing' style='width:44px;left: -10px;top: 100px;-webkit-box-shadow:none;box-shadow:none;' ><div class=\"heateor_sss_sharing_ul\"><a class=\"heateor_sss_amp heateor_sss_amp_facebook\" href=\"https:\/\/www.facebook.com\/sharer\/sharer.php?u=https%3A%2F%2Fwww.radiomajaguabo.icrt.cu%2Findex.php%3Frest_route%3D%252Fwp%252Fv2%252Fposts%252F6417\" title=\"Facebook\" rel=\"nofollow noopener\" target=\"_blank\"><amp-img src=\"https:\/\/www.radiomajaguabo.icrt.cu\/wp-content\/plugins\/sassy-social-share\/public\/..\/images\/amp\/facebook.svg\" width=\"40\" height=\"40\" alt=\"Facebook\" class=\"amp-wp-enforced-sizes\" style=\"width: 40px;\"><\/amp-img><\/a><a class=\"heateor_sss_amp heateor_sss_amp_linkedin\" href=\"https:\/\/www.linkedin.com\/sharing\/share-offsite\/?url=https%3A%2F%2Fwww.radiomajaguabo.icrt.cu%2Findex.php%3Frest_route%3D%252Fwp%252Fv2%252Fposts%252F6417\" title=\"Linkedin\" rel=\"nofollow noopener\" target=\"_blank\"><amp-img src=\"https:\/\/www.radiomajaguabo.icrt.cu\/wp-content\/plugins\/sassy-social-share\/public\/..\/images\/amp\/linkedin.svg\" width=\"40\" height=\"40\" alt=\"Linkedin\" class=\"amp-wp-enforced-sizes\" style=\"width: 40px;\"><\/amp-img><\/a><a class=\"heateor_sss_amp heateor_sss_amp_whatsapp\" href=\"https:\/\/api.whatsapp.com\/send?text=Radio%20Majaguabo%20-%20Emisora%20Radio%20Majaguabo%2C%20San%20Luis%2C%20Santiago%20de%20Cuba%2C%20Cuba%20https%3A%2F%2Fwww.radiomajaguabo.icrt.cu%2Findex.php%3Frest_route%3D%252Fwp%252Fv2%252Fposts%252F6417\" title=\"Whatsapp\" rel=\"nofollow noopener\" target=\"_blank\"><amp-img src=\"https:\/\/www.radiomajaguabo.icrt.cu\/wp-content\/plugins\/sassy-social-share\/public\/..\/images\/amp\/whatsapp.svg\" width=\"40\" height=\"40\" alt=\"Whatsapp\" class=\"amp-wp-enforced-sizes\" style=\"width: 40px;\"><\/amp-img><\/a><a class=\"heateor_sss_amp heateor_sss_amp_instagram\" href=\"https:\/\/www.instagram.com\/\" title=\"Instagram\" rel=\"nofollow noopener\" target=\"_blank\"><amp-img src=\"https:\/\/www.radiomajaguabo.icrt.cu\/wp-content\/plugins\/sassy-social-share\/public\/..\/images\/amp\/instagram.svg\" width=\"40\" height=\"40\" alt=\"Instagram\" class=\"amp-wp-enforced-sizes\" style=\"width: 40px;\"><\/amp-img><\/a><a class=\"heateor_sss_amp heateor_sss_amp_x\" href=\"https:\/\/twitter.com\/intent\/tweet?text=Radio%20Majaguabo%20-%20Emisora%20Radio%20Majaguabo%2C%20San%20Luis%2C%20Santiago%20de%20Cuba%2C%20Cuba&url=https%3A%2F%2Fwww.radiomajaguabo.icrt.cu%2Findex.php%3Frest_route%3D%252Fwp%252Fv2%252Fposts%252F6417\" title=\"X\" rel=\"nofollow noopener\" target=\"_blank\"><amp-img src=\"https:\/\/www.radiomajaguabo.icrt.cu\/wp-content\/plugins\/sassy-social-share\/public\/..\/images\/amp\/x.svg\" width=\"40\" height=\"40\" alt=\"X\" class=\"amp-wp-enforced-sizes\" style=\"width:40px;\"><\/amp-img><\/a><\/div><div class=\"heateorSssClear\"><\/div><\/div>","protected":false},"author":1,"featured_media":6420,"comment_status":"open","ping_status":"open","sticky":false,"template":"","format":"standard","meta":{"colormag_page_layout":"default_layout","footnotes":""},"categories":[6,9,7,8],"tags":[302,1900,1699,1898,150,1537,1899],"ppma_author":[37],"class_list":["post-6417","post","type-post","status-publish","format-standard","has-post-thumbnail","hentry","category-cultura","category-historia","category-internacionales","category-nacionales","tag-comite-central","tag-jose-miguel-mejia-abreu","tag-miguel-diaz_canel-bermudez","tag-ministro-de-politicas-de-integracion-regional","tag-partido-comunista-de-cuba","tag-primer-secretario","tag-republica-dominicana"],"authors":[{"term_id":37,"user_id":1,"is_guest":0,"slug":"alberterie","display_name":"Administrador","avatar_url":"https:\/\/secure.gravatar.com\/avatar\/c7c20c93c5f4c81e7a7dc9b02a42095ae8875c9af446129683aaa06faf7fd1f3?s=96&d=mm&r=g","author_category":"","user_url":"https:\/\/www.radiomajaguabo.icrt.cu","last_name":"Alberterie Rivero","first_name":"Pedro","job_title":"","description":""}],"amp_enabled":true,"_links":{"self":[{"href":"https:\/\/www.radiomajaguabo.icrt.cu\/index.php?rest_route=\/wp\/v2\/posts\/6417","targetHints":{"allow":["GET"]}}],"collection":[{"href":"https:\/\/www.radiomajaguabo.icrt.cu\/index.php?rest_route=\/wp\/v2\/posts"}],"about":[{"href":"https:\/\/www.radiomajaguabo.icrt.cu\/index.php?rest_route=\/wp\/v2\/types\/post"}],"author":[{"embeddable":true,"href":"https:\/\/www.radiomajaguabo.icrt.cu\/index.php?rest_route=\/wp\/v2\/users\/1"}],"replies":[{"embeddable":true,"href":"https:\/\/www.radiomajaguabo.icrt.cu\/index.php?rest_route=%2Fwp%2Fv2%2Fcomments&post=6417"}],"version-history":[{"count":1,"href":"https:\/\/www.radiomajaguabo.icrt.cu\/index.php?rest_route=\/wp\/v2\/posts\/6417\/revisions"}],"predecessor-version":[{"id":6421,"href":"https:\/\/www.radiomajaguabo.icrt.cu\/index.php?rest_route=\/wp\/v2\/posts\/6417\/revisions\/6421"}],"wp:featuredmedia":[{"embeddable":true,"href":"https:\/\/www.radiomajaguabo.icrt.cu\/index.php?rest_route=\/wp\/v2\/media\/6420"}],"wp:attachment":[{"href":"https:\/\/www.radiomajaguabo.icrt.cu\/index.php?rest_route=%2Fwp%2Fv2%2Fmedia&parent=6417"}],"wp:term":[{"taxonomy":"category","embeddable":true,"href":"https:\/\/www.radiomajaguabo.icrt.cu\/index.php?rest_route=%2Fwp%2Fv2%2Fcategories&post=6417"},{"taxonomy":"post_tag","embeddable":true,"href":"https:\/\/www.radiomajaguabo.icrt.cu\/index.php?rest_route=%2Fwp%2Fv2%2Ftags&post=6417"},{"taxonomy":"author","embeddable":true,"href":"https:\/\/www.radiomajaguabo.icrt.cu\/index.php?rest_route=%2Fwp%2Fv2%2Fppma_author&post=6417"}],"curies":[{"name":"wp","href":"https:\/\/api.w.org\/{rel}","templated":true}]}}