{"id":6409,"date":"2024-01-25T14:50:30","date_gmt":"2024-01-25T14:50:30","guid":{"rendered":"https:\/\/www.radiomajaguabo.icrt.cu\/?p=6409"},"modified":"2024-01-25T14:50:30","modified_gmt":"2024-01-25T14:50:30","slug":"partidistas-de-radio-majaguabo-proyectan-trabajo-hasta-2028-y-eligen-nueva-direccion","status":"publish","type":"post","link":"https:\/\/www.radiomajaguabo.icrt.cu\/?p=6409","title":{"rendered":"Partidistas de Radio Majaguabo proyectan trabajo hasta 2028 y eligen nueva direcci\u00f3n"},"content":{"rendered":"<p><strong>San Luis, Santiago de Cuba, ene. 25, 24. _<\/strong> El funcionamiento interno del n\u00facleo, su v\u00ednculo con los trabajadores, la administraci\u00f3n y dem\u00e1s factores del centro, fue el tema fundamental de la Asamblea de Balance del Partido de la Emisora Radio Majaguabo, en este municipio.<!--more--><\/p>\n<p>Trascendi\u00f3 que, en la etapa, los militantes ejecutaron acciones para la aplicaci\u00f3n del Sistema de Gesti\u00f3n de la Calidad de los procesos en todas las \u00e1reas.<\/p>\n<p><img loading=\"lazy\" decoding=\"async\" class=\" wp-image-6410\" src=\"https:\/\/www.radiomajaguabo.icrt.cu\/wp-content\/uploads\/2024\/01\/militantes_del_partido_asamblea1-300x184.jpg\" alt=\"\" width=\"500\" height=\"307\" srcset=\"https:\/\/www.radiomajaguabo.icrt.cu\/wp-content\/uploads\/2024\/01\/militantes_del_partido_asamblea1-300x184.jpg 300w, https:\/\/www.radiomajaguabo.icrt.cu\/wp-content\/uploads\/2024\/01\/militantes_del_partido_asamblea1.jpg 640w\" sizes=\"auto, (max-width: 500px) 100vw, 500px\" \/><\/p>\n<p><img loading=\"lazy\" decoding=\"async\" class=\" wp-image-6411\" src=\"https:\/\/www.radiomajaguabo.icrt.cu\/wp-content\/uploads\/2024\/01\/militantes_del_partido_asamblea2-300x262.jpg\" alt=\"\" width=\"502\" height=\"438\" srcset=\"https:\/\/www.radiomajaguabo.icrt.cu\/wp-content\/uploads\/2024\/01\/militantes_del_partido_asamblea2-300x262.jpg 300w, https:\/\/www.radiomajaguabo.icrt.cu\/wp-content\/uploads\/2024\/01\/militantes_del_partido_asamblea2.jpg 550w\" sizes=\"auto, (max-width: 502px) 100vw, 502px\" \/><\/p>\n<p><img loading=\"lazy\" decoding=\"async\" class=\" wp-image-6412\" src=\"https:\/\/www.radiomajaguabo.icrt.cu\/wp-content\/uploads\/2024\/01\/militantes_del_partido_asamblea3-300x210.jpg\" alt=\"\" width=\"501\" height=\"351\" srcset=\"https:\/\/www.radiomajaguabo.icrt.cu\/wp-content\/uploads\/2024\/01\/militantes_del_partido_asamblea3-300x210.jpg 300w, https:\/\/www.radiomajaguabo.icrt.cu\/wp-content\/uploads\/2024\/01\/militantes_del_partido_asamblea3-130x90.jpg 130w, https:\/\/www.radiomajaguabo.icrt.cu\/wp-content\/uploads\/2024\/01\/militantes_del_partido_asamblea3.jpg 640w\" sizes=\"auto, (max-width: 501px) 100vw, 501px\" \/><\/p>\n<p><img loading=\"lazy\" decoding=\"async\" class=\" wp-image-6413\" src=\"https:\/\/www.radiomajaguabo.icrt.cu\/wp-content\/uploads\/2024\/01\/militantes_del_partido_asamblea4-300x175.jpg\" alt=\"\" width=\"502\" height=\"293\" srcset=\"https:\/\/www.radiomajaguabo.icrt.cu\/wp-content\/uploads\/2024\/01\/militantes_del_partido_asamblea4-300x175.jpg 300w, https:\/\/www.radiomajaguabo.icrt.cu\/wp-content\/uploads\/2024\/01\/militantes_del_partido_asamblea4.jpg 640w\" sizes=\"auto, (max-width: 502px) 100vw, 502px\" \/><\/p>\n<p>Tambi\u00e9n se implementa la estrategia de comunicaci\u00f3n institucional y las acciones de reparaci\u00f3n y mantenimiento del centro.<\/p>\n<figure id=\"attachment_6415\" aria-describedby=\"caption-attachment-6415\" style=\"width: 501px\" class=\"wp-caption aligncenter\"><img loading=\"lazy\" decoding=\"async\" class=\" wp-image-6415\" src=\"https:\/\/www.radiomajaguabo.icrt.cu\/wp-content\/uploads\/2024\/01\/militantes_del_partido_asamblea6-300x145.jpg\" alt=\"\" width=\"501\" height=\"242\" srcset=\"https:\/\/www.radiomajaguabo.icrt.cu\/wp-content\/uploads\/2024\/01\/militantes_del_partido_asamblea6-300x145.jpg 300w, https:\/\/www.radiomajaguabo.icrt.cu\/wp-content\/uploads\/2024\/01\/militantes_del_partido_asamblea6.jpg 640w\" sizes=\"auto, (max-width: 501px) 100vw, 501px\" \/><figcaption id=\"caption-attachment-6415\" class=\"wp-caption-text\">Se ponder\u00f3 el apoyo de la militancia a la direcci\u00f3n administrativa en el cumplimiento del Encargo Estatal, al tiempo que se reconoci\u00f3 la transformaci\u00f3n del trabajo sindical, solo un ejemplo: durante el mes de enero, la totalidad de los trabajadores dieron su aporte al D\u00eda de la Patria y 18 afiliados pagaron la cuota sindical completa correspondiente al a\u00f1o 2024.<\/figcaption><\/figure>\n<p>Por ese y otros resultados Radio Majaguabo fue el primer centro del Sindicato Municipal de la Cultura en lograrlo y \u00fanico del sector en recibir el Sello 74 aniversario de la CTC, que ser\u00e1 entregado este 25 de enero, en ocasi\u00f3n del acto municipal por la efem\u00e9ride obrera.<\/p>\n<p>El trabajo con las Reservas de cuadros fue otro tema evaluado en la reuni\u00f3n, donde resalt\u00f3 que en la actualidad todos los cuadros del centro cuentan con dos o m\u00e1s reservas y se trabaja en su preparaci\u00f3n individual.<\/p>\n<p>Fue una jornada de debate franco, abierto, cr\u00edtico y autocr\u00edtico que demuestra el fortalecimiento del n\u00facleo como centro de la actividad en el radio de acci\u00f3n.<\/p>\n<p>Fueron aprobadas adem\u00e1s las proyecciones de trabajo para la pr\u00f3xima etapa, donde sobresalen:<\/p>\n<p>Incrementar el chequeo sistem\u00e1tico a las actividades espec\u00edficas del radio de acci\u00f3n, con \u00e9nfasis en la calidad de la programaci\u00f3n, la actualizaci\u00f3n del Sitio Web y las \u00e1reas de Recursos Humanos y Econom\u00eda. Incidir e influir en la direcci\u00f3n del sindicato, para perfeccionar y elevar el nivel sus resultados e intensificar la labor con los j\u00f3venes y trabajadores no militantes, con vistas a su incorporaci\u00f3n a las filas del Partido, entre otras.<\/p>\n<p>Fue elegida la direcci\u00f3n del n\u00facleo, para la cual fue ratificada como Secretaria General la periodista Yaniuska P\u00e9rez Verdecia y la acompa\u00f1an B\u00e1rbara Vila Falc\u00f3n y Juli\u00e1n Andr\u00e9s Rizo Ni\u00f1o.<\/p>\n<p><img loading=\"lazy\" decoding=\"async\" class=\" wp-image-6416 aligncenter\" src=\"https:\/\/www.radiomajaguabo.icrt.cu\/wp-content\/uploads\/2024\/01\/militantes_del_partido_asamblea7-300x162.jpg\" alt=\"\" width=\"501\" height=\"271\" srcset=\"https:\/\/www.radiomajaguabo.icrt.cu\/wp-content\/uploads\/2024\/01\/militantes_del_partido_asamblea7-300x162.jpg 300w, https:\/\/www.radiomajaguabo.icrt.cu\/wp-content\/uploads\/2024\/01\/militantes_del_partido_asamblea7.jpg 640w\" sizes=\"auto, (max-width: 501px) 100vw, 501px\" \/><\/p>\n<p>La reuni\u00f3n estuvo presidida por Eider Luis Hern\u00e1ndez Borrero, Miembro del Bur\u00f3 Municipal del Partido, para la esfera de Organizaci\u00f3n y Pol\u00edtico-ideol\u00f3gica.<\/p>\n<p><img loading=\"lazy\" decoding=\"async\" class=\" wp-image-6414\" src=\"https:\/\/www.radiomajaguabo.icrt.cu\/wp-content\/uploads\/2024\/01\/militantes_del_partido_asamblea5-300x216.jpg\" alt=\"\" width=\"500\" height=\"360\" srcset=\"https:\/\/www.radiomajaguabo.icrt.cu\/wp-content\/uploads\/2024\/01\/militantes_del_partido_asamblea5-300x216.jpg 300w, https:\/\/www.radiomajaguabo.icrt.cu\/wp-content\/uploads\/2024\/01\/militantes_del_partido_asamblea5.jpg 640w\" sizes=\"auto, (max-width: 500px) 100vw, 500px\" \/><\/p>\n<p>Al realizar las conclusiones de la reuni\u00f3n, la funcionaria del Comit\u00e9 Municipal Leanne Bola\u00f1os Ortega, reconoci\u00f3 la labor desempe\u00f1ada organizaci\u00f3n de base y exhort\u00f3 a la militancia, de conjunto con la administraci\u00f3n y el colectivo de trabajadores a consolidar el trabajo y alcanzar metas superiores.<\/p>\n<p>Entre los invitados estuvieron la Secretaria de la Secci\u00f3n Sindical, Marlen Mart\u00ednez Medina, la joven periodista Ail\u00edn Viltre Nuviola y uno de los mejores trabajadores del \u00e1rea de administraci\u00f3n, Frank Romero.<\/p>\n","protected":false},"excerpt":{"rendered":"<p>San Luis, Santiago de Cuba, ene. 25, 24. _ El funcionamiento interno del n\u00facleo, su v\u00ednculo con los trabajadores, la<\/p>\n<div class='heateor_sss_sharing_container heateor_sss_vertical_sharing heateor_sss_bottom_sharing' style='width:44px;left: -10px;top: 100px;-webkit-box-shadow:none;box-shadow:none;' ><div class=\"heateor_sss_sharing_ul\"><a class=\"heateor_sss_amp heateor_sss_amp_facebook\" href=\"https:\/\/www.facebook.com\/sharer\/sharer.php?u=https%3A%2F%2Fwww.radiomajaguabo.icrt.cu%2Findex.php%3Frest_route%3D%252Fwp%252Fv2%252Fposts%252F6409\" title=\"Facebook\" rel=\"nofollow noopener\" target=\"_blank\"><amp-img src=\"https:\/\/www.radiomajaguabo.icrt.cu\/wp-content\/plugins\/sassy-social-share\/public\/..\/images\/amp\/facebook.svg\" width=\"40\" height=\"40\" alt=\"Facebook\" class=\"amp-wp-enforced-sizes\" style=\"width: 40px;\"><\/amp-img><\/a><a class=\"heateor_sss_amp heateor_sss_amp_linkedin\" href=\"https:\/\/www.linkedin.com\/sharing\/share-offsite\/?url=https%3A%2F%2Fwww.radiomajaguabo.icrt.cu%2Findex.php%3Frest_route%3D%252Fwp%252Fv2%252Fposts%252F6409\" title=\"Linkedin\" rel=\"nofollow noopener\" target=\"_blank\"><amp-img src=\"https:\/\/www.radiomajaguabo.icrt.cu\/wp-content\/plugins\/sassy-social-share\/public\/..\/images\/amp\/linkedin.svg\" width=\"40\" height=\"40\" alt=\"Linkedin\" class=\"amp-wp-enforced-sizes\" style=\"width: 40px;\"><\/amp-img><\/a><a class=\"heateor_sss_amp heateor_sss_amp_whatsapp\" href=\"https:\/\/api.whatsapp.com\/send?text=Radio%20Majaguabo%20-%20Emisora%20Radio%20Majaguabo%2C%20San%20Luis%2C%20Santiago%20de%20Cuba%2C%20Cuba%20https%3A%2F%2Fwww.radiomajaguabo.icrt.cu%2Findex.php%3Frest_route%3D%252Fwp%252Fv2%252Fposts%252F6409\" title=\"Whatsapp\" rel=\"nofollow noopener\" target=\"_blank\"><amp-img src=\"https:\/\/www.radiomajaguabo.icrt.cu\/wp-content\/plugins\/sassy-social-share\/public\/..\/images\/amp\/whatsapp.svg\" width=\"40\" height=\"40\" alt=\"Whatsapp\" class=\"amp-wp-enforced-sizes\" style=\"width: 40px;\"><\/amp-img><\/a><a class=\"heateor_sss_amp heateor_sss_amp_instagram\" href=\"https:\/\/www.instagram.com\/\" title=\"Instagram\" rel=\"nofollow noopener\" target=\"_blank\"><amp-img src=\"https:\/\/www.radiomajaguabo.icrt.cu\/wp-content\/plugins\/sassy-social-share\/public\/..\/images\/amp\/instagram.svg\" width=\"40\" height=\"40\" alt=\"Instagram\" class=\"amp-wp-enforced-sizes\" style=\"width: 40px;\"><\/amp-img><\/a><a class=\"heateor_sss_amp heateor_sss_amp_x\" href=\"https:\/\/twitter.com\/intent\/tweet?text=Radio%20Majaguabo%20-%20Emisora%20Radio%20Majaguabo%2C%20San%20Luis%2C%20Santiago%20de%20Cuba%2C%20Cuba&url=https%3A%2F%2Fwww.radiomajaguabo.icrt.cu%2Findex.php%3Frest_route%3D%252Fwp%252Fv2%252Fposts%252F6409\" title=\"X\" rel=\"nofollow noopener\" target=\"_blank\"><amp-img src=\"https:\/\/www.radiomajaguabo.icrt.cu\/wp-content\/plugins\/sassy-social-share\/public\/..\/images\/amp\/x.svg\" width=\"40\" height=\"40\" alt=\"X\" class=\"amp-wp-enforced-sizes\" style=\"width:40px;\"><\/amp-img><\/a><\/div><div class=\"heateorSssClear\"><\/div><\/div>","protected":false},"author":1,"featured_media":6416,"comment_status":"open","ping_status":"open","sticky":false,"template":"","format":"standard","meta":{"colormag_page_layout":"default_layout","footnotes":""},"categories":[6,9,10],"tags":[440,1861,13,1896,766,1897,293,304],"ppma_author":[37,438],"class_list":["post-6409","post","type-post","status-publish","format-standard","has-post-thumbnail","hentry","category-cultura","category-historia","category-san-luis","tag-asamblea","tag-balance","tag-cuba","tag-militantes","tag-oriente","tag-pcc","tag-radio-majaguabo","tag-san-luis"],"authors":[{"term_id":37,"user_id":1,"is_guest":0,"slug":"alberterie","display_name":"Administrador","avatar_url":"https:\/\/secure.gravatar.com\/avatar\/c7c20c93c5f4c81e7a7dc9b02a42095ae8875c9af446129683aaa06faf7fd1f3?s=96&d=mm&r=g","author_category":"","user_url":"https:\/\/www.radiomajaguabo.icrt.cu","last_name":"Alberterie Rivero","first_name":"Pedro","job_title":"","description":""},{"term_id":438,"user_id":3,"is_guest":0,"slug":"gilberto","display_name":"Gilberto Salazar Le\u00f3n","avatar_url":"https:\/\/secure.gravatar.com\/avatar\/949572f73a0f81597932fc49387fc6d8ed248f43ce69c9c4c8a01878f0165541?s=96&d=mm&r=g","author_category":"","user_url":"","last_name":"Salazar Le\u00f3n","first_name":"Gilberto","job_title":"","description":""}],"amp_enabled":true,"_links":{"self":[{"href":"https:\/\/www.radiomajaguabo.icrt.cu\/index.php?rest_route=\/wp\/v2\/posts\/6409","targetHints":{"allow":["GET"]}}],"collection":[{"href":"https:\/\/www.radiomajaguabo.icrt.cu\/index.php?rest_route=\/wp\/v2\/posts"}],"about":[{"href":"https:\/\/www.radiomajaguabo.icrt.cu\/index.php?rest_route=\/wp\/v2\/types\/post"}],"author":[{"embeddable":true,"href":"https:\/\/www.radiomajaguabo.icrt.cu\/index.php?rest_route=\/wp\/v2\/users\/1"}],"replies":[{"embeddable":true,"href":"https:\/\/www.radiomajaguabo.icrt.cu\/index.php?rest_route=%2Fwp%2Fv2%2Fcomments&post=6409"}],"version-history":[{"count":1,"href":"https:\/\/www.radiomajaguabo.icrt.cu\/index.php?rest_route=\/wp\/v2\/posts\/6409\/revisions"}],"predecessor-version":[{"id":6419,"href":"https:\/\/www.radiomajaguabo.icrt.cu\/index.php?rest_route=\/wp\/v2\/posts\/6409\/revisions\/6419"}],"wp:featuredmedia":[{"embeddable":true,"href":"https:\/\/www.radiomajaguabo.icrt.cu\/index.php?rest_route=\/wp\/v2\/media\/6416"}],"wp:attachment":[{"href":"https:\/\/www.radiomajaguabo.icrt.cu\/index.php?rest_route=%2Fwp%2Fv2%2Fmedia&parent=6409"}],"wp:term":[{"taxonomy":"category","embeddable":true,"href":"https:\/\/www.radiomajaguabo.icrt.cu\/index.php?rest_route=%2Fwp%2Fv2%2Fcategories&post=6409"},{"taxonomy":"post_tag","embeddable":true,"href":"https:\/\/www.radiomajaguabo.icrt.cu\/index.php?rest_route=%2Fwp%2Fv2%2Ftags&post=6409"},{"taxonomy":"author","embeddable":true,"href":"https:\/\/www.radiomajaguabo.icrt.cu\/index.php?rest_route=%2Fwp%2Fv2%2Fppma_author&post=6409"}],"curies":[{"name":"wp","href":"https:\/\/api.w.org\/{rel}","templated":true}]}}