{"id":6081,"date":"2023-12-25T00:00:28","date_gmt":"2023-12-25T00:00:28","guid":{"rendered":"https:\/\/www.radiomajaguabo.icrt.cu\/?p=6081"},"modified":"2023-12-25T12:56:01","modified_gmt":"2023-12-25T12:56:01","slug":"campesina-dona-productos-agropecuarios-al-hogar-de-ancianos-de-consejo-popular-chile","status":"publish","type":"post","link":"https:\/\/www.radiomajaguabo.icrt.cu\/?p=6081","title":{"rendered":"Campesina dona productos agropecuarios al hogar de ancianos de Consejo Popular Chile"},"content":{"rendered":"<p><strong>San Luis, Santiago de Cuba, dic. 25, 23. _<\/strong>Una jornada de Noche Buena diferente celebraron los adultos mayores internos en el Hogar de Ancianos Mariana Grajales, ubicado en la comunidad de Chile, gracias al gesto solidario de la campesina L\u00edlian Serrano Silveira.<!--more--><\/p>\n<p>La asociada de la Cooperativa de Cr\u00e9ditos y Servicios Antonio Guiteras, entreg\u00f3 como donativo, un puerco asado y parte de las ensaladas y viandas que degustaron este domingo 24 de diciembre los abuelos.<\/p>\n<p style=\"text-align: left;\"><img loading=\"lazy\" decoding=\"async\" class=\"size-medium wp-image-6083 alignleft\" src=\"https:\/\/www.radiomajaguabo.icrt.cu\/wp-content\/uploads\/2023\/12\/WhatsApp-Image-2023-12-24-at-8.31.07-PM1-300x300.jpeg\" alt=\"\" width=\"300\" height=\"300\" srcset=\"https:\/\/www.radiomajaguabo.icrt.cu\/wp-content\/uploads\/2023\/12\/WhatsApp-Image-2023-12-24-at-8.31.07-PM1-300x300.jpeg 300w, https:\/\/www.radiomajaguabo.icrt.cu\/wp-content\/uploads\/2023\/12\/WhatsApp-Image-2023-12-24-at-8.31.07-PM1-150x150.jpeg 150w, https:\/\/www.radiomajaguabo.icrt.cu\/wp-content\/uploads\/2023\/12\/WhatsApp-Image-2023-12-24-at-8.31.07-PM1-768x768.jpeg 768w, https:\/\/www.radiomajaguabo.icrt.cu\/wp-content\/uploads\/2023\/12\/WhatsApp-Image-2023-12-24-at-8.31.07-PM1.jpeg 780w\" sizes=\"auto, (max-width: 300px) 100vw, 300px\" \/>Acompa\u00f1ado por la Presidenta de la Asamblea Municipal del Poder Popular en este suroriental territorio de Cuba, Yasm\u00edn Tortosa S\u00e1nchez y Rosaida Labani\u00f1o Morales, presidenta del Consejo popular Chile, la productora ganadera llev\u00f3 los productos a la instituci\u00f3n.<\/p>\n<p><img loading=\"lazy\" decoding=\"async\" class=\"wp-image-6085 aligncenter\" src=\"https:\/\/www.radiomajaguabo.icrt.cu\/wp-content\/uploads\/2023\/12\/WhatsApp-Image-2023-12-24-at-8.31.09-PM-300x135.jpeg\" alt=\"\" width=\"447\" height=\"201\" srcset=\"https:\/\/www.radiomajaguabo.icrt.cu\/wp-content\/uploads\/2023\/12\/WhatsApp-Image-2023-12-24-at-8.31.09-PM-300x135.jpeg 300w, https:\/\/www.radiomajaguabo.icrt.cu\/wp-content\/uploads\/2023\/12\/WhatsApp-Image-2023-12-24-at-8.31.09-PM.jpeg 720w\" sizes=\"auto, (max-width: 447px) 100vw, 447px\" \/><\/p>\n<p>Directivos de la instituci\u00f3n asistencial agradecieron el gesto de la campesina sanluisera y destacaron que cosas como estas s\u00f3lo son posibles gracias a la Revoluci\u00f3n por la luch\u00f3 incansablemente nuestro Fidel y en la que la salud p\u00fablica es una prioridad.<\/p>\n<p><img loading=\"lazy\" decoding=\"async\" class=\"size-medium wp-image-6084 alignright\" src=\"https:\/\/www.radiomajaguabo.icrt.cu\/wp-content\/uploads\/2023\/12\/WhatsApp-Image-2023-12-24-at-8.31.07-PM-300x300.jpeg\" alt=\"\" width=\"300\" height=\"300\" srcset=\"https:\/\/www.radiomajaguabo.icrt.cu\/wp-content\/uploads\/2023\/12\/WhatsApp-Image-2023-12-24-at-8.31.07-PM-300x300.jpeg 300w, https:\/\/www.radiomajaguabo.icrt.cu\/wp-content\/uploads\/2023\/12\/WhatsApp-Image-2023-12-24-at-8.31.07-PM-150x150.jpeg 150w, https:\/\/www.radiomajaguabo.icrt.cu\/wp-content\/uploads\/2023\/12\/WhatsApp-Image-2023-12-24-at-8.31.07-PM-768x768.jpeg 768w, https:\/\/www.radiomajaguabo.icrt.cu\/wp-content\/uploads\/2023\/12\/WhatsApp-Image-2023-12-24-at-8.31.07-PM.jpeg 780w\" sizes=\"auto, (max-width: 300px) 100vw, 300px\" \/>La joven campesina convertida en madrina de la instituci\u00f3n, hace estas acciones con frecuencia, y reconoci\u00f3 que este gesto altruista ennoblece el alma y nos hace sentir m\u00e1s \u00fatiles, porque en tiempos como estos el pa\u00eds necesita de nosotros, los campesinos y en especial de las mujeres, destac\u00f3.<\/p>\n<p>Estas contribuciones de Lilian Serrano Silveira y otras de su padre Oscar Serrano Delgado, Willian, se extienden tambi\u00e9n a otras instituciones como las casas de abuelos, los c\u00edrculos infantiles y el Hospital Municipal Alberto Fern\u00e1ndez Montes de Oca y contribuye a mejorar la calidad de vida de quienes m\u00e1s lo necesitan.<\/p>\n","protected":false},"excerpt":{"rendered":"<p>San Luis, Santiago de Cuba, dic. 25, 23. _Una jornada de Noche Buena diferente celebraron los adultos mayores internos en<\/p>\n<div class='heateor_sss_sharing_container heateor_sss_vertical_sharing heateor_sss_bottom_sharing' style='width:44px;left: -10px;top: 100px;-webkit-box-shadow:none;box-shadow:none;' ><div class=\"heateor_sss_sharing_ul\"><a class=\"heateor_sss_amp heateor_sss_amp_facebook\" href=\"https:\/\/www.facebook.com\/sharer\/sharer.php?u=https%3A%2F%2Fwww.radiomajaguabo.icrt.cu%2Findex.php%3Frest_route%3D%252Fwp%252Fv2%252Fposts%252F6081\" title=\"Facebook\" rel=\"nofollow noopener\" target=\"_blank\"><amp-img src=\"https:\/\/www.radiomajaguabo.icrt.cu\/wp-content\/plugins\/sassy-social-share\/public\/..\/images\/amp\/facebook.svg\" width=\"40\" height=\"40\" alt=\"Facebook\" class=\"amp-wp-enforced-sizes\" style=\"width: 40px;\"><\/amp-img><\/a><a class=\"heateor_sss_amp heateor_sss_amp_linkedin\" href=\"https:\/\/www.linkedin.com\/sharing\/share-offsite\/?url=https%3A%2F%2Fwww.radiomajaguabo.icrt.cu%2Findex.php%3Frest_route%3D%252Fwp%252Fv2%252Fposts%252F6081\" title=\"Linkedin\" rel=\"nofollow noopener\" target=\"_blank\"><amp-img src=\"https:\/\/www.radiomajaguabo.icrt.cu\/wp-content\/plugins\/sassy-social-share\/public\/..\/images\/amp\/linkedin.svg\" width=\"40\" height=\"40\" alt=\"Linkedin\" class=\"amp-wp-enforced-sizes\" style=\"width: 40px;\"><\/amp-img><\/a><a class=\"heateor_sss_amp heateor_sss_amp_whatsapp\" href=\"https:\/\/api.whatsapp.com\/send?text=Radio%20Majaguabo%20-%20Emisora%20Radio%20Majaguabo%2C%20San%20Luis%2C%20Santiago%20de%20Cuba%2C%20Cuba%20https%3A%2F%2Fwww.radiomajaguabo.icrt.cu%2Findex.php%3Frest_route%3D%252Fwp%252Fv2%252Fposts%252F6081\" title=\"Whatsapp\" rel=\"nofollow noopener\" target=\"_blank\"><amp-img src=\"https:\/\/www.radiomajaguabo.icrt.cu\/wp-content\/plugins\/sassy-social-share\/public\/..\/images\/amp\/whatsapp.svg\" width=\"40\" height=\"40\" alt=\"Whatsapp\" class=\"amp-wp-enforced-sizes\" style=\"width: 40px;\"><\/amp-img><\/a><a class=\"heateor_sss_amp heateor_sss_amp_instagram\" href=\"https:\/\/www.instagram.com\/\" title=\"Instagram\" rel=\"nofollow noopener\" target=\"_blank\"><amp-img src=\"https:\/\/www.radiomajaguabo.icrt.cu\/wp-content\/plugins\/sassy-social-share\/public\/..\/images\/amp\/instagram.svg\" width=\"40\" height=\"40\" alt=\"Instagram\" class=\"amp-wp-enforced-sizes\" style=\"width: 40px;\"><\/amp-img><\/a><a class=\"heateor_sss_amp heateor_sss_amp_x\" href=\"https:\/\/twitter.com\/intent\/tweet?text=Radio%20Majaguabo%20-%20Emisora%20Radio%20Majaguabo%2C%20San%20Luis%2C%20Santiago%20de%20Cuba%2C%20Cuba&url=https%3A%2F%2Fwww.radiomajaguabo.icrt.cu%2Findex.php%3Frest_route%3D%252Fwp%252Fv2%252Fposts%252F6081\" title=\"X\" rel=\"nofollow noopener\" target=\"_blank\"><amp-img src=\"https:\/\/www.radiomajaguabo.icrt.cu\/wp-content\/plugins\/sassy-social-share\/public\/..\/images\/amp\/x.svg\" width=\"40\" height=\"40\" alt=\"X\" class=\"amp-wp-enforced-sizes\" style=\"width:40px;\"><\/amp-img><\/a><\/div><div class=\"heateorSssClear\"><\/div><\/div>","protected":false},"author":1,"featured_media":6082,"comment_status":"open","ping_status":"open","sticky":false,"template":"","format":"standard","meta":{"colormag_page_layout":"default_layout","footnotes":""},"categories":[10],"tags":[867,1810,1809,1812,304,49,1811],"ppma_author":[37,299],"class_list":["post-6081","post","type-post","status-publish","format-standard","has-post-thumbnail","hentry","category-san-luis","tag-adultos-mayores","tag-comunidad-de-chile","tag-hogar-de-ancianos-mariana-grajales","tag-rosaida-labanino-morales","tag-san-luis","tag-santiago-de-cuba","tag-yasmin-tortosa-sanchez"],"authors":[{"term_id":37,"user_id":1,"is_guest":0,"slug":"alberterie","display_name":"Administrador","avatar_url":"https:\/\/secure.gravatar.com\/avatar\/c7c20c93c5f4c81e7a7dc9b02a42095ae8875c9af446129683aaa06faf7fd1f3?s=96&d=mm&r=g","author_category":"","user_url":"https:\/\/www.radiomajaguabo.icrt.cu","last_name":"Alberterie Rivero","first_name":"Pedro","job_title":"","description":""},{"term_id":299,"user_id":6,"is_guest":0,"slug":"yaniuska","display_name":"Yaniuska P\u00e9rez Verdecia","avatar_url":"https:\/\/secure.gravatar.com\/avatar\/a6d7e51e5ccf0210b8c939b21a0b37dca410372954868b8ff5b8e51c07cf1a6e?s=96&d=mm&r=g","author_category":"","user_url":"","last_name":"P\u00e9rez Verdecia","first_name":"Yaniuska","job_title":"","description":""}],"amp_enabled":true,"_links":{"self":[{"href":"https:\/\/www.radiomajaguabo.icrt.cu\/index.php?rest_route=\/wp\/v2\/posts\/6081","targetHints":{"allow":["GET"]}}],"collection":[{"href":"https:\/\/www.radiomajaguabo.icrt.cu\/index.php?rest_route=\/wp\/v2\/posts"}],"about":[{"href":"https:\/\/www.radiomajaguabo.icrt.cu\/index.php?rest_route=\/wp\/v2\/types\/post"}],"author":[{"embeddable":true,"href":"https:\/\/www.radiomajaguabo.icrt.cu\/index.php?rest_route=\/wp\/v2\/users\/1"}],"replies":[{"embeddable":true,"href":"https:\/\/www.radiomajaguabo.icrt.cu\/index.php?rest_route=%2Fwp%2Fv2%2Fcomments&post=6081"}],"version-history":[{"count":2,"href":"https:\/\/www.radiomajaguabo.icrt.cu\/index.php?rest_route=\/wp\/v2\/posts\/6081\/revisions"}],"predecessor-version":[{"id":6087,"href":"https:\/\/www.radiomajaguabo.icrt.cu\/index.php?rest_route=\/wp\/v2\/posts\/6081\/revisions\/6087"}],"wp:featuredmedia":[{"embeddable":true,"href":"https:\/\/www.radiomajaguabo.icrt.cu\/index.php?rest_route=\/wp\/v2\/media\/6082"}],"wp:attachment":[{"href":"https:\/\/www.radiomajaguabo.icrt.cu\/index.php?rest_route=%2Fwp%2Fv2%2Fmedia&parent=6081"}],"wp:term":[{"taxonomy":"category","embeddable":true,"href":"https:\/\/www.radiomajaguabo.icrt.cu\/index.php?rest_route=%2Fwp%2Fv2%2Fcategories&post=6081"},{"taxonomy":"post_tag","embeddable":true,"href":"https:\/\/www.radiomajaguabo.icrt.cu\/index.php?rest_route=%2Fwp%2Fv2%2Ftags&post=6081"},{"taxonomy":"author","embeddable":true,"href":"https:\/\/www.radiomajaguabo.icrt.cu\/index.php?rest_route=%2Fwp%2Fv2%2Fppma_author&post=6081"}],"curies":[{"name":"wp","href":"https:\/\/api.w.org\/{rel}","templated":true}]}}