{"id":6071,"date":"2023-12-23T11:27:09","date_gmt":"2023-12-23T11:27:09","guid":{"rendered":"https:\/\/www.radiomajaguabo.icrt.cu\/?p=6071"},"modified":"2023-12-23T11:27:09","modified_gmt":"2023-12-23T11:27:09","slug":"israel-continua-bombardeos-contra-la-asediada-franja-de-gaza","status":"publish","type":"post","link":"https:\/\/www.radiomajaguabo.icrt.cu\/?p=6071","title":{"rendered":"Israel continua bombardeos contra la asediada Franja de Gaza"},"content":{"rendered":"<p>Ramala, 23 dic (Prensa Latina) Decenas de palestinos, muchos de ellos ni\u00f1os y mujeres, murieron o resultaron heridos hoy durante ataques israel\u00edes contra la Franja de Gaza, que sufre desde hace 78 d\u00edas de una ofensiva castrense sin precedente.<\/p>\n<p dir=\"ltr\"><!--more--><\/p>\n<p dir=\"ltr\">Aviones de combate bombardearon dos viviendas en la localidad central de Deir al-Balah, lo cual caus\u00f3 dos v\u00edctimas mortales y numerosos lesionados, report\u00f3 la agencia oficial de noticias Wafa.<\/p>\n<p dir=\"ltr\">Tambi\u00e9n dispararon misiles contra edificaciones ubicadas en las inmediaciones de la mezquita Al-Ihsan, en el cercano campamento de refugiados de Nuseirat, donde tambi\u00e9n se contabilizaron m\u00e1rtires, subray\u00f3.<\/p>\n<p dir=\"ltr\">Por su parte, la artiller\u00eda lanz\u00f3 proyectiles contra zonas orientales de las sure\u00f1as ciudades de Rafah y de Khan Yunis, donde los militares desarrollan una ofensiva terrestre a gran escala.<\/p>\n<p dir=\"ltr\">Seg\u00fan Wafa, la aviaci\u00f3n ejecut\u00f3 varias incursiones en las \u00e1reas de Al-Mughraqa y Al-Zahra y el barrio de Sheikh Radwan, en la norte\u00f1a urbe de Gaza.<\/p>\n<p dir=\"ltr\">Precisamente, denunci\u00f3 que los militares contin\u00faan impidiendo que los equipos de ambulancias ingresen a varias zonas de esa \u00faltima localidad para recuperar cad\u00e1veres y evacuar a heridos.<\/p>\n<p dir=\"ltr\">Los soldados rodearon un centro de ambulancias perteneciente a la Media Luna Palestina y arrestaron a ocho de sus miembros, subray\u00f3 el medio noticioso.<\/p>\n<p dir=\"ltr\">Al menos 18 ciudadanos murieron noche en un bombardeo llevado a cabo por la aviaci\u00f3n contra el campamento de Nuseirat.<\/p>\n<p dir=\"ltr\">Otro raid destruy\u00f3 una planta desalinizadora en la antigua calle Gaza en el campamento de refugiados de Jabalia, precis\u00f3 Wafa.<\/p>\n","protected":false},"excerpt":{"rendered":"<p>Ramala, 23 dic (Prensa Latina) Decenas de palestinos, muchos de ellos ni\u00f1os y mujeres, murieron o resultaron heridos hoy durante<\/p>\n<div class='heateor_sss_sharing_container heateor_sss_vertical_sharing heateor_sss_bottom_sharing' style='width:44px;left: -10px;top: 100px;-webkit-box-shadow:none;box-shadow:none;' ><div class=\"heateor_sss_sharing_ul\"><a class=\"heateor_sss_amp heateor_sss_amp_facebook\" href=\"https:\/\/www.facebook.com\/sharer\/sharer.php?u=https%3A%2F%2Fwww.radiomajaguabo.icrt.cu%2Findex.php%3Frest_route%3D%252Fwp%252Fv2%252Fposts%252F6071\" title=\"Facebook\" rel=\"nofollow noopener\" target=\"_blank\"><amp-img src=\"https:\/\/www.radiomajaguabo.icrt.cu\/wp-content\/plugins\/sassy-social-share\/public\/..\/images\/amp\/facebook.svg\" width=\"40\" height=\"40\" alt=\"Facebook\" class=\"amp-wp-enforced-sizes\" style=\"width: 40px;\"><\/amp-img><\/a><a class=\"heateor_sss_amp heateor_sss_amp_linkedin\" href=\"https:\/\/www.linkedin.com\/sharing\/share-offsite\/?url=https%3A%2F%2Fwww.radiomajaguabo.icrt.cu%2Findex.php%3Frest_route%3D%252Fwp%252Fv2%252Fposts%252F6071\" title=\"Linkedin\" rel=\"nofollow noopener\" target=\"_blank\"><amp-img src=\"https:\/\/www.radiomajaguabo.icrt.cu\/wp-content\/plugins\/sassy-social-share\/public\/..\/images\/amp\/linkedin.svg\" width=\"40\" height=\"40\" alt=\"Linkedin\" class=\"amp-wp-enforced-sizes\" style=\"width: 40px;\"><\/amp-img><\/a><a class=\"heateor_sss_amp heateor_sss_amp_whatsapp\" href=\"https:\/\/api.whatsapp.com\/send?text=Radio%20Majaguabo%20-%20Emisora%20Radio%20Majaguabo%2C%20San%20Luis%2C%20Santiago%20de%20Cuba%2C%20Cuba%20https%3A%2F%2Fwww.radiomajaguabo.icrt.cu%2Findex.php%3Frest_route%3D%252Fwp%252Fv2%252Fposts%252F6071\" title=\"Whatsapp\" rel=\"nofollow noopener\" target=\"_blank\"><amp-img src=\"https:\/\/www.radiomajaguabo.icrt.cu\/wp-content\/plugins\/sassy-social-share\/public\/..\/images\/amp\/whatsapp.svg\" width=\"40\" height=\"40\" alt=\"Whatsapp\" class=\"amp-wp-enforced-sizes\" style=\"width: 40px;\"><\/amp-img><\/a><a class=\"heateor_sss_amp heateor_sss_amp_instagram\" href=\"https:\/\/www.instagram.com\/\" title=\"Instagram\" rel=\"nofollow noopener\" target=\"_blank\"><amp-img src=\"https:\/\/www.radiomajaguabo.icrt.cu\/wp-content\/plugins\/sassy-social-share\/public\/..\/images\/amp\/instagram.svg\" width=\"40\" height=\"40\" alt=\"Instagram\" class=\"amp-wp-enforced-sizes\" style=\"width: 40px;\"><\/amp-img><\/a><a class=\"heateor_sss_amp heateor_sss_amp_x\" href=\"https:\/\/twitter.com\/intent\/tweet?text=Radio%20Majaguabo%20-%20Emisora%20Radio%20Majaguabo%2C%20San%20Luis%2C%20Santiago%20de%20Cuba%2C%20Cuba&url=https%3A%2F%2Fwww.radiomajaguabo.icrt.cu%2Findex.php%3Frest_route%3D%252Fwp%252Fv2%252Fposts%252F6071\" title=\"X\" rel=\"nofollow noopener\" target=\"_blank\"><amp-img src=\"https:\/\/www.radiomajaguabo.icrt.cu\/wp-content\/plugins\/sassy-social-share\/public\/..\/images\/amp\/x.svg\" width=\"40\" height=\"40\" alt=\"X\" class=\"amp-wp-enforced-sizes\" style=\"width:40px;\"><\/amp-img><\/a><\/div><div class=\"heateorSssClear\"><\/div><\/div>","protected":false},"author":1,"featured_media":0,"comment_status":"open","ping_status":"open","sticky":false,"template":"","format":"standard","meta":{"colormag_page_layout":"default_layout","footnotes":""},"categories":[7],"tags":[1800,1801,1802,1803],"ppma_author":[37,39],"class_list":["post-6071","post","type-post","status-publish","format-standard","hentry","category-internacionales","tag-ataques-israelies","tag-franja-de-gaza","tag-ofensiva-castrense","tag-palestinos"],"authors":[{"term_id":37,"user_id":1,"is_guest":0,"slug":"alberterie","display_name":"Administrador","avatar_url":"https:\/\/secure.gravatar.com\/avatar\/c7c20c93c5f4c81e7a7dc9b02a42095ae8875c9af446129683aaa06faf7fd1f3?s=96&d=mm&r=g","author_category":"","user_url":"https:\/\/www.radiomajaguabo.icrt.cu","last_name":"Alberterie Rivero","first_name":"Pedro","job_title":"","description":""},{"term_id":39,"user_id":10,"is_guest":0,"slug":"prensa-latina","display_name":"Prensa Latina","avatar_url":"https:\/\/secure.gravatar.com\/avatar\/50c7a3112bb25b21ddc4cf0ff17bac923226a0d4e8814139af94a839af15e315?s=96&d=mm&r=g","author_category":"","user_url":"https:\/\/www.prensa-latina.cu","last_name":"","first_name":"Prensa Latina","job_title":"","description":""}],"amp_enabled":true,"_links":{"self":[{"href":"https:\/\/www.radiomajaguabo.icrt.cu\/index.php?rest_route=\/wp\/v2\/posts\/6071","targetHints":{"allow":["GET"]}}],"collection":[{"href":"https:\/\/www.radiomajaguabo.icrt.cu\/index.php?rest_route=\/wp\/v2\/posts"}],"about":[{"href":"https:\/\/www.radiomajaguabo.icrt.cu\/index.php?rest_route=\/wp\/v2\/types\/post"}],"author":[{"embeddable":true,"href":"https:\/\/www.radiomajaguabo.icrt.cu\/index.php?rest_route=\/wp\/v2\/users\/1"}],"replies":[{"embeddable":true,"href":"https:\/\/www.radiomajaguabo.icrt.cu\/index.php?rest_route=%2Fwp%2Fv2%2Fcomments&post=6071"}],"version-history":[{"count":2,"href":"https:\/\/www.radiomajaguabo.icrt.cu\/index.php?rest_route=\/wp\/v2\/posts\/6071\/revisions"}],"predecessor-version":[{"id":6075,"href":"https:\/\/www.radiomajaguabo.icrt.cu\/index.php?rest_route=\/wp\/v2\/posts\/6071\/revisions\/6075"}],"wp:attachment":[{"href":"https:\/\/www.radiomajaguabo.icrt.cu\/index.php?rest_route=%2Fwp%2Fv2%2Fmedia&parent=6071"}],"wp:term":[{"taxonomy":"category","embeddable":true,"href":"https:\/\/www.radiomajaguabo.icrt.cu\/index.php?rest_route=%2Fwp%2Fv2%2Fcategories&post=6071"},{"taxonomy":"post_tag","embeddable":true,"href":"https:\/\/www.radiomajaguabo.icrt.cu\/index.php?rest_route=%2Fwp%2Fv2%2Ftags&post=6071"},{"taxonomy":"author","embeddable":true,"href":"https:\/\/www.radiomajaguabo.icrt.cu\/index.php?rest_route=%2Fwp%2Fv2%2Fppma_author&post=6071"}],"curies":[{"name":"wp","href":"https:\/\/api.w.org\/{rel}","templated":true}]}}