{"id":5998,"date":"2023-12-12T13:47:39","date_gmt":"2023-12-12T13:47:39","guid":{"rendered":"https:\/\/www.radiomajaguabo.icrt.cu\/?p=5998"},"modified":"2023-12-12T13:47:39","modified_gmt":"2023-12-12T13:47:39","slug":"cuba-unica-despierta-interes-en-turoperadores-de-bolivia","status":"publish","type":"post","link":"https:\/\/www.radiomajaguabo.icrt.cu\/?p=5998","title":{"rendered":"Cuba \u00danica despierta inter\u00e9s en turoperadores de Bolivia"},"content":{"rendered":"<div class=\"elementor-element elementor-element-44014e52 elementor-widget elementor-widget-theme-post-excerpt\" data-id=\"44014e52\" data-element_type=\"widget\" data-widget_type=\"theme-post-excerpt.default\">\n<div class=\"elementor-widget-container\"><strong>La Paz, 12 dic (Prensa Latina)<\/strong> La realidad de un vuelo semanal de Boliviana de Aviaci\u00f3n (BOA) desde Santa Cruz hasta La Habana resulta hoy un incentivo para que empresarios de ambas partes coordinen esfuerzos en la campa\u00f1a promocional Cuba \u00danica.<\/div>\n<\/div>\n<p><!--more--><\/p>\n<div class=\"elementor-element elementor-element-560e1f7e elementor-widget elementor-widget-theme-post-content\" data-id=\"560e1f7e\" data-element_type=\"widget\" data-widget_type=\"theme-post-content.default\">\n<div class=\"elementor-widget-container\">\n<p>\u201cCon el vuelo inaugural, el 26 de octubre, se concret\u00f3 un viejo anhelo que permita conectar y unir a ambos pa\u00edses. Los bolivianos y cubanos ahora tienen el privilegio de tener una interconexi\u00f3n directa, desde Santa Cruz hasta La Habana y viceversa\u201d, asegur\u00f3 el embajador de Cuba en Bolivia, Danilo S\u00e1nchez.<\/p>\n<p>Al presentar la campa\u00f1a Cuba \u00danica en la sede de esa legaci\u00f3n diplom\u00e1tica junto a Janet Ayala, directora de la Oficina de Turismo de Cuba para el Cono Sur, y la vicepresidenta primera del grupo empresarial Viajes Cuba S.A, Joannia Deguer, S\u00e1nchez resalt\u00f3 los nexos entre los dos pa\u00edses.<\/p>\n<p>\u201cNuestro sue\u00f1o y nuestra aspiraci\u00f3n -sostuvo-, es que el vuelo sirva para consolidar y fortalecer las excelentes relaciones existentes entre Cuba y Bolivia\u201d.<\/p>\n<p>Record\u00f3 que m\u00e1s de cinco mil bolivianos se formaron como profesionales en universidades de Cuba, y tambi\u00e9n en el pa\u00eds altipl\u00e1nico existe una comunidad de varios miles de residentes nacidos en la \u00ednsula del Caribe.<\/p>\n<p>Consider\u00f3 el embajador que todos ellos son potenciales viajeros.<\/p>\n<p>El diplom\u00e1tico subray\u00f3 en la conferencia de prensa tambi\u00e9n el deseo de que la ruta semanal de BOA impulse los intercambios de mercanc\u00edas, culturales y deportivos.<\/p>\n<p>\u201cSi nos complementamos, ambos pa\u00edses saldremos beneficiados\u201d, coment\u00f3 S\u00e1nchez.<\/p>\n<p>Signific\u00f3 que, desde el mismo 26 de octubre del a\u00f1o en curso, fecha del vuelo inaugural desde el aeropuerto de Viru Viru, en Santa Cruz, hacia La Habana, se promocionan las ofertas tur\u00edsticas de Cuba y Bolivia con los ministerios de Cultura y Turismo a la cabeza, y la participaci\u00f3n de las respectivas legaciones diplom\u00e1ticas.<\/p>\n<p>En ese contexto, resalt\u00f3 la presencia de Ayala y Deguer en reuniones con turoperadores bolivianos en Santa Cruz, Cochabamba y ahora en La Paz.<\/p>\n<p>Ayala, por su parte, enfatiz\u00f3 en que a solo seis horas de Bolivia se encuentra ese destino poseedor de playas muy amigables con el medio ambiente y en el que se combinan ricas expresiones culturales, historia, aromas, sabores, mucha seguridad para el viajero y, en especial, la hospitalidad de los cubanos.<\/p>\n<p>Record\u00f3 que \u201cantes de la pandemia de Covid-19, en 2019, alrededor de cinco mil bolivianos viajaron a Cuba. Confiamos con esta nueva campa\u00f1a captar a m\u00e1s visitantes en 2024\u201d, concluy\u00f3 la experta.<\/p>\n<p>Desde el 26 de octubre, tambi\u00e9n se organizaron viajes de familiarizaci\u00f3n a distintos polos tur\u00edsticos de Cuba de turoperadores bolivianos con la participaci\u00f3n de las firmas Estropical, Kovar, Cuarta Dimensi\u00f3n y la Asociaci\u00f3n Boliviana de Agencias de Viajes y Turismo (Abavit).<\/p>\n<\/div>\n<\/div>\n","protected":false},"excerpt":{"rendered":"<p>La Paz, 12 dic (Prensa Latina) La realidad de un vuelo semanal de Boliviana de Aviaci\u00f3n (BOA) desde Santa Cruz<\/p>\n<div class='heateor_sss_sharing_container heateor_sss_vertical_sharing heateor_sss_bottom_sharing' style='width:44px;left: -10px;top: 100px;-webkit-box-shadow:none;box-shadow:none;' ><div class=\"heateor_sss_sharing_ul\"><a class=\"heateor_sss_amp heateor_sss_amp_facebook\" href=\"https:\/\/www.facebook.com\/sharer\/sharer.php?u=https%3A%2F%2Fwww.radiomajaguabo.icrt.cu%2Findex.php%3Frest_route%3D%252Fwp%252Fv2%252Fposts%252F5998\" title=\"Facebook\" rel=\"nofollow noopener\" target=\"_blank\"><amp-img src=\"https:\/\/www.radiomajaguabo.icrt.cu\/wp-content\/plugins\/sassy-social-share\/public\/..\/images\/amp\/facebook.svg\" width=\"40\" height=\"40\" alt=\"Facebook\" class=\"amp-wp-enforced-sizes\" style=\"width: 40px;\"><\/amp-img><\/a><a class=\"heateor_sss_amp heateor_sss_amp_linkedin\" href=\"https:\/\/www.linkedin.com\/sharing\/share-offsite\/?url=https%3A%2F%2Fwww.radiomajaguabo.icrt.cu%2Findex.php%3Frest_route%3D%252Fwp%252Fv2%252Fposts%252F5998\" title=\"Linkedin\" rel=\"nofollow noopener\" target=\"_blank\"><amp-img src=\"https:\/\/www.radiomajaguabo.icrt.cu\/wp-content\/plugins\/sassy-social-share\/public\/..\/images\/amp\/linkedin.svg\" width=\"40\" height=\"40\" alt=\"Linkedin\" class=\"amp-wp-enforced-sizes\" style=\"width: 40px;\"><\/amp-img><\/a><a class=\"heateor_sss_amp heateor_sss_amp_whatsapp\" href=\"https:\/\/api.whatsapp.com\/send?text=Radio%20Majaguabo%20-%20Emisora%20Radio%20Majaguabo%2C%20San%20Luis%2C%20Santiago%20de%20Cuba%2C%20Cuba%20https%3A%2F%2Fwww.radiomajaguabo.icrt.cu%2Findex.php%3Frest_route%3D%252Fwp%252Fv2%252Fposts%252F5998\" title=\"Whatsapp\" rel=\"nofollow noopener\" target=\"_blank\"><amp-img src=\"https:\/\/www.radiomajaguabo.icrt.cu\/wp-content\/plugins\/sassy-social-share\/public\/..\/images\/amp\/whatsapp.svg\" width=\"40\" height=\"40\" alt=\"Whatsapp\" class=\"amp-wp-enforced-sizes\" style=\"width: 40px;\"><\/amp-img><\/a><a class=\"heateor_sss_amp heateor_sss_amp_instagram\" href=\"https:\/\/www.instagram.com\/\" title=\"Instagram\" rel=\"nofollow noopener\" target=\"_blank\"><amp-img src=\"https:\/\/www.radiomajaguabo.icrt.cu\/wp-content\/plugins\/sassy-social-share\/public\/..\/images\/amp\/instagram.svg\" width=\"40\" height=\"40\" alt=\"Instagram\" class=\"amp-wp-enforced-sizes\" style=\"width: 40px;\"><\/amp-img><\/a><a class=\"heateor_sss_amp heateor_sss_amp_x\" href=\"https:\/\/twitter.com\/intent\/tweet?text=Radio%20Majaguabo%20-%20Emisora%20Radio%20Majaguabo%2C%20San%20Luis%2C%20Santiago%20de%20Cuba%2C%20Cuba&url=https%3A%2F%2Fwww.radiomajaguabo.icrt.cu%2Findex.php%3Frest_route%3D%252Fwp%252Fv2%252Fposts%252F5998\" title=\"X\" rel=\"nofollow noopener\" target=\"_blank\"><amp-img src=\"https:\/\/www.radiomajaguabo.icrt.cu\/wp-content\/plugins\/sassy-social-share\/public\/..\/images\/amp\/x.svg\" width=\"40\" height=\"40\" alt=\"X\" class=\"amp-wp-enforced-sizes\" style=\"width:40px;\"><\/amp-img><\/a><\/div><div class=\"heateorSssClear\"><\/div><\/div>","protected":false},"author":1,"featured_media":5999,"comment_status":"open","ping_status":"open","sticky":false,"template":"","format":"standard","meta":{"colormag_page_layout":"default_layout","footnotes":""},"categories":[8],"tags":[25,1778,1776,1775,1777],"ppma_author":[37],"class_list":["post-5998","post","type-post","status-publish","format-standard","has-post-thumbnail","hentry","category-nacionales","tag-bolivia","tag-boliviana-de-aviacion-boa","tag-cuba-unica","tag-la-paz","tag-turoperadores"],"authors":[{"term_id":37,"user_id":1,"is_guest":0,"slug":"alberterie","display_name":"Administrador","avatar_url":"https:\/\/secure.gravatar.com\/avatar\/c7c20c93c5f4c81e7a7dc9b02a42095ae8875c9af446129683aaa06faf7fd1f3?s=96&d=mm&r=g","author_category":"","user_url":"https:\/\/www.radiomajaguabo.icrt.cu","last_name":"Alberterie Rivero","first_name":"Pedro","job_title":"","description":""}],"amp_enabled":true,"_links":{"self":[{"href":"https:\/\/www.radiomajaguabo.icrt.cu\/index.php?rest_route=\/wp\/v2\/posts\/5998","targetHints":{"allow":["GET"]}}],"collection":[{"href":"https:\/\/www.radiomajaguabo.icrt.cu\/index.php?rest_route=\/wp\/v2\/posts"}],"about":[{"href":"https:\/\/www.radiomajaguabo.icrt.cu\/index.php?rest_route=\/wp\/v2\/types\/post"}],"author":[{"embeddable":true,"href":"https:\/\/www.radiomajaguabo.icrt.cu\/index.php?rest_route=\/wp\/v2\/users\/1"}],"replies":[{"embeddable":true,"href":"https:\/\/www.radiomajaguabo.icrt.cu\/index.php?rest_route=%2Fwp%2Fv2%2Fcomments&post=5998"}],"version-history":[{"count":1,"href":"https:\/\/www.radiomajaguabo.icrt.cu\/index.php?rest_route=\/wp\/v2\/posts\/5998\/revisions"}],"predecessor-version":[{"id":6000,"href":"https:\/\/www.radiomajaguabo.icrt.cu\/index.php?rest_route=\/wp\/v2\/posts\/5998\/revisions\/6000"}],"wp:featuredmedia":[{"embeddable":true,"href":"https:\/\/www.radiomajaguabo.icrt.cu\/index.php?rest_route=\/wp\/v2\/media\/5999"}],"wp:attachment":[{"href":"https:\/\/www.radiomajaguabo.icrt.cu\/index.php?rest_route=%2Fwp%2Fv2%2Fmedia&parent=5998"}],"wp:term":[{"taxonomy":"category","embeddable":true,"href":"https:\/\/www.radiomajaguabo.icrt.cu\/index.php?rest_route=%2Fwp%2Fv2%2Fcategories&post=5998"},{"taxonomy":"post_tag","embeddable":true,"href":"https:\/\/www.radiomajaguabo.icrt.cu\/index.php?rest_route=%2Fwp%2Fv2%2Ftags&post=5998"},{"taxonomy":"author","embeddable":true,"href":"https:\/\/www.radiomajaguabo.icrt.cu\/index.php?rest_route=%2Fwp%2Fv2%2Fppma_author&post=5998"}],"curies":[{"name":"wp","href":"https:\/\/api.w.org\/{rel}","templated":true}]}}