{"id":5916,"date":"2023-12-07T13:27:04","date_gmt":"2023-12-07T13:27:04","guid":{"rendered":"https:\/\/www.radiomajaguabo.icrt.cu\/?p=5916"},"modified":"2023-12-07T19:19:47","modified_gmt":"2023-12-07T19:19:47","slug":"san-luis-representado-en-encuentro-de-emisoras-del-circuito-maceista-en-camaguey","status":"publish","type":"post","link":"https:\/\/www.radiomajaguabo.icrt.cu\/?p=5916","title":{"rendered":"San Luis representado en Encuentro de Emisoras del Circuito Mace\u00edsta en Camag\u00fcey"},"content":{"rendered":"<div dir=\"auto\"><strong>San Luis, Santiago de Cuba, dic. 7, 23._<\/strong> Con la presencia de Yuzaima Cardona, Directora Nacional de la Radio, inici\u00f3 este 6 de diciembre en la provincia de Camag\u00fcey el VIII Encuentro de emisoras del Circuito Mace\u00edsta.<\/div>\n<div dir=\"auto\">\u00a0<img loading=\"lazy\" decoding=\"async\" class=\" wp-image-5920 aligncenter\" src=\"https:\/\/www.radiomajaguabo.icrt.cu\/wp-content\/uploads\/2023\/12\/evento_maceista_camaguey2-300x186.jpg\" alt=\"\" width=\"556\" height=\"345\" srcset=\"https:\/\/www.radiomajaguabo.icrt.cu\/wp-content\/uploads\/2023\/12\/evento_maceista_camaguey2-300x186.jpg 300w, https:\/\/www.radiomajaguabo.icrt.cu\/wp-content\/uploads\/2023\/12\/evento_maceista_camaguey2.jpg 640w\" sizes=\"auto, (max-width: 556px) 100vw, 556px\" \/><\/div>\n<div dir=\"auto\"><\/div>\n<div dir=\"auto\">El evento tiene como objetivo resaltar la vigencia del legado de la familia Maceo Grajales y otros pr\u00f3ceres de nuestras gestas independentistas.<\/div>\n<div dir=\"auto\"><\/div>\n<div dir=\"auto\">El amplio programa de actividades previsto hasta el viernes 8 de diciembre recoge la Jornada Cient\u00edfica y premiaci\u00f3n este jueves 7, d\u00eda en el que tambi\u00e9n visitaremos el Museo ferroviario, y la participaci\u00f3n en el acto de entrega de distinciones en la Plaza de la Revoluci\u00f3n camag\u00fceyana Ignacio Agramonte.<\/div>\n<div dir=\"auto\"><\/div>\n<div dir=\"auto\">La v\u00edspera visitamos la finca La Matilde, lugar donde Enrique Loynaz del Castillo compuso la letra del Himno Invasor.<\/div>\n<div dir=\"auto\"><\/div>\n<div dir=\"auto\">Radio Majaguabo, la FM de San Luis, est\u00e1 representada por los locutores y directores de programas \u00c1ngel Despaigne Aroche y Juli\u00e1n Rizo Ni\u00f1o junto a Adielyeivys Texid\u00f3 Odio. Excelente acogida tiene este encuentro en el que los radialistas y directivos de la Ciudad de los tinajones son anfitriones dignos de reconocer, nuestro agradecimiento para ellos.<\/div>\n<div dir=\"auto\"><a class=\"x1i10hfl xjbqb8w x6umtig x1b1mbwd xaqea5y xav7gou x9f619 x1ypdohk xt0psk2 xe8uvvx xdj266r x11i5rnm xat24cr x1mh8g0r xexx8yu x4uap5 x18d9i69 xkhd6sd x16tdsg8 x1hl2dhg xggy1nq x1a2a7pz xt0b8zv x1qq9wsj xo1l8bm\" tabindex=\"0\" role=\"link\" href=\"https:\/\/www.facebook.com\/hashtag\/santiagodecuba?__eep__=6&amp;__cft__[0]=AZWmR4PDpZ5vf1xuOH_0GzAjHpK2mPv_7oVOdKC1iteBs5YChiAhaa_qi0g7yPHW3IezMiKp1jfBfQFbxh7YJGFknp_JiVctzmbrqYw70mK-WoselpsmD8vWNV2rp7ZqcoHSodi78JiUA95qhVU2Px2dgjv9S2ZFw6pK1u5QH4BgcQ&amp;__tn__=*NK-R\" target=\"_blank\" rel=\"noopener\">#SantiagodeCuba<\/a><\/div>\n<div dir=\"auto\"><a class=\"x1i10hfl xjbqb8w x6umtig x1b1mbwd xaqea5y xav7gou x9f619 x1ypdohk xt0psk2 xe8uvvx xdj266r x11i5rnm xat24cr x1mh8g0r xexx8yu x4uap5 x18d9i69 xkhd6sd x16tdsg8 x1hl2dhg xggy1nq x1a2a7pz xt0b8zv x1qq9wsj xo1l8bm\" tabindex=\"0\" role=\"link\" href=\"https:\/\/www.facebook.com\/hashtag\/tierradelosmaceo?__eep__=6&amp;__cft__[0]=AZWmR4PDpZ5vf1xuOH_0GzAjHpK2mPv_7oVOdKC1iteBs5YChiAhaa_qi0g7yPHW3IezMiKp1jfBfQFbxh7YJGFknp_JiVctzmbrqYw70mK-WoselpsmD8vWNV2rp7ZqcoHSodi78JiUA95qhVU2Px2dgjv9S2ZFw6pK1u5QH4BgcQ&amp;__tn__=*NK-R\" target=\"_blank\" rel=\"noopener\">#TierraDeLosMaceo<\/a><\/div>\n<div dir=\"auto\"><a class=\"x1i10hfl xjbqb8w x6umtig x1b1mbwd xaqea5y xav7gou x9f619 x1ypdohk xt0psk2 xe8uvvx xdj266r x11i5rnm xat24cr x1mh8g0r xexx8yu x4uap5 x18d9i69 xkhd6sd x16tdsg8 x1hl2dhg xggy1nq x1a2a7pz xt0b8zv x1qq9wsj xo1l8bm\" tabindex=\"0\" role=\"link\" href=\"https:\/\/www.facebook.com\/hashtag\/sanluis?__eep__=6&amp;__cft__[0]=AZWmR4PDpZ5vf1xuOH_0GzAjHpK2mPv_7oVOdKC1iteBs5YChiAhaa_qi0g7yPHW3IezMiKp1jfBfQFbxh7YJGFknp_JiVctzmbrqYw70mK-WoselpsmD8vWNV2rp7ZqcoHSodi78JiUA95qhVU2Px2dgjv9S2ZFw6pK1u5QH4BgcQ&amp;__tn__=*NK-R\" target=\"_blank\" rel=\"noopener\">#SanLuis<\/a><\/div>\n<div dir=\"auto\"><a class=\"x1i10hfl xjbqb8w x6umtig x1b1mbwd xaqea5y xav7gou x9f619 x1ypdohk xt0psk2 xe8uvvx xdj266r x11i5rnm xat24cr x1mh8g0r xexx8yu x4uap5 x18d9i69 xkhd6sd x16tdsg8 x1hl2dhg xggy1nq x1a2a7pz xt0b8zv x1qq9wsj xo1l8bm\" tabindex=\"0\" role=\"link\" href=\"https:\/\/www.facebook.com\/hashtag\/radiomajaguabo?__eep__=6&amp;__cft__[0]=AZWmR4PDpZ5vf1xuOH_0GzAjHpK2mPv_7oVOdKC1iteBs5YChiAhaa_qi0g7yPHW3IezMiKp1jfBfQFbxh7YJGFknp_JiVctzmbrqYw70mK-WoselpsmD8vWNV2rp7ZqcoHSodi78JiUA95qhVU2Px2dgjv9S2ZFw6pK1u5QH4BgcQ&amp;__tn__=*NK-R\" target=\"_blank\" rel=\"noopener\">#RadioMajaguabo<\/a><\/div>\n<div dir=\"auto\"><a class=\"x1i10hfl xjbqb8w x6umtig x1b1mbwd xaqea5y xav7gou x9f619 x1ypdohk xt0psk2 xe8uvvx xdj266r x11i5rnm xat24cr x1mh8g0r xexx8yu x4uap5 x18d9i69 xkhd6sd x16tdsg8 x1hl2dhg xggy1nq x1a2a7pz xt0b8zv x1qq9wsj xo1l8bm\" tabindex=\"0\" role=\"link\" href=\"https:\/\/www.facebook.com\/hashtag\/todalaradioaqui?__eep__=6&amp;__cft__[0]=AZWmR4PDpZ5vf1xuOH_0GzAjHpK2mPv_7oVOdKC1iteBs5YChiAhaa_qi0g7yPHW3IezMiKp1jfBfQFbxh7YJGFknp_JiVctzmbrqYw70mK-WoselpsmD8vWNV2rp7ZqcoHSodi78JiUA95qhVU2Px2dgjv9S2ZFw6pK1u5QH4BgcQ&amp;__tn__=*NK-R\" target=\"_blank\" rel=\"noopener\">#TodaLaRadio<\/a><\/div>\n","protected":false},"excerpt":{"rendered":"<p>San Luis, Santiago de Cuba, dic. 7, 23._ Con la presencia de Yuzaima Cardona, Directora Nacional de la Radio, inici\u00f3<\/p>\n<div class='heateor_sss_sharing_container heateor_sss_vertical_sharing heateor_sss_bottom_sharing' style='width:44px;left: -10px;top: 100px;-webkit-box-shadow:none;box-shadow:none;' ><div class=\"heateor_sss_sharing_ul\"><a class=\"heateor_sss_amp heateor_sss_amp_facebook\" href=\"https:\/\/www.facebook.com\/sharer\/sharer.php?u=https%3A%2F%2Fwww.radiomajaguabo.icrt.cu%2Findex.php%3Frest_route%3D%252Fwp%252Fv2%252Fposts%252F5916\" title=\"Facebook\" rel=\"nofollow noopener\" target=\"_blank\"><amp-img src=\"https:\/\/www.radiomajaguabo.icrt.cu\/wp-content\/plugins\/sassy-social-share\/public\/..\/images\/amp\/facebook.svg\" width=\"40\" height=\"40\" alt=\"Facebook\" class=\"amp-wp-enforced-sizes\" style=\"width: 40px;\"><\/amp-img><\/a><a class=\"heateor_sss_amp heateor_sss_amp_linkedin\" href=\"https:\/\/www.linkedin.com\/sharing\/share-offsite\/?url=https%3A%2F%2Fwww.radiomajaguabo.icrt.cu%2Findex.php%3Frest_route%3D%252Fwp%252Fv2%252Fposts%252F5916\" title=\"Linkedin\" rel=\"nofollow noopener\" target=\"_blank\"><amp-img src=\"https:\/\/www.radiomajaguabo.icrt.cu\/wp-content\/plugins\/sassy-social-share\/public\/..\/images\/amp\/linkedin.svg\" width=\"40\" height=\"40\" alt=\"Linkedin\" class=\"amp-wp-enforced-sizes\" style=\"width: 40px;\"><\/amp-img><\/a><a class=\"heateor_sss_amp heateor_sss_amp_whatsapp\" href=\"https:\/\/api.whatsapp.com\/send?text=Radio%20Majaguabo%20-%20Emisora%20Radio%20Majaguabo%2C%20San%20Luis%2C%20Santiago%20de%20Cuba%2C%20Cuba%20https%3A%2F%2Fwww.radiomajaguabo.icrt.cu%2Findex.php%3Frest_route%3D%252Fwp%252Fv2%252Fposts%252F5916\" title=\"Whatsapp\" rel=\"nofollow noopener\" target=\"_blank\"><amp-img src=\"https:\/\/www.radiomajaguabo.icrt.cu\/wp-content\/plugins\/sassy-social-share\/public\/..\/images\/amp\/whatsapp.svg\" width=\"40\" height=\"40\" alt=\"Whatsapp\" class=\"amp-wp-enforced-sizes\" style=\"width: 40px;\"><\/amp-img><\/a><a class=\"heateor_sss_amp heateor_sss_amp_instagram\" href=\"https:\/\/www.instagram.com\/\" title=\"Instagram\" rel=\"nofollow noopener\" target=\"_blank\"><amp-img src=\"https:\/\/www.radiomajaguabo.icrt.cu\/wp-content\/plugins\/sassy-social-share\/public\/..\/images\/amp\/instagram.svg\" width=\"40\" height=\"40\" alt=\"Instagram\" class=\"amp-wp-enforced-sizes\" style=\"width: 40px;\"><\/amp-img><\/a><a class=\"heateor_sss_amp heateor_sss_amp_x\" href=\"https:\/\/twitter.com\/intent\/tweet?text=Radio%20Majaguabo%20-%20Emisora%20Radio%20Majaguabo%2C%20San%20Luis%2C%20Santiago%20de%20Cuba%2C%20Cuba&url=https%3A%2F%2Fwww.radiomajaguabo.icrt.cu%2Findex.php%3Frest_route%3D%252Fwp%252Fv2%252Fposts%252F5916\" title=\"X\" rel=\"nofollow noopener\" target=\"_blank\"><amp-img src=\"https:\/\/www.radiomajaguabo.icrt.cu\/wp-content\/plugins\/sassy-social-share\/public\/..\/images\/amp\/x.svg\" width=\"40\" height=\"40\" alt=\"X\" class=\"amp-wp-enforced-sizes\" style=\"width:40px;\"><\/amp-img><\/a><\/div><div class=\"heateorSssClear\"><\/div><\/div>","protected":false},"author":1,"featured_media":5919,"comment_status":"open","ping_status":"open","sticky":false,"template":"","format":"standard","meta":{"colormag_page_layout":"default_layout","footnotes":""},"categories":[8],"tags":[1759,1758,1149,1744,293,1237,304],"ppma_author":[37],"class_list":["post-5916","post","type-post","status-publish","format-standard","has-post-thumbnail","hentry","category-nacionales","tag-camaguey","tag-circuito-maceista","tag-evento","tag-radio-cubana","tag-radio-majaguabo","tag-representacion","tag-san-luis"],"authors":[{"term_id":37,"user_id":1,"is_guest":0,"slug":"alberterie","display_name":"Administrador","avatar_url":"https:\/\/secure.gravatar.com\/avatar\/c7c20c93c5f4c81e7a7dc9b02a42095ae8875c9af446129683aaa06faf7fd1f3?s=96&d=mm&r=g","author_category":"","user_url":"https:\/\/www.radiomajaguabo.icrt.cu","last_name":"Alberterie Rivero","first_name":"Pedro","job_title":"","description":""}],"amp_enabled":true,"_links":{"self":[{"href":"https:\/\/www.radiomajaguabo.icrt.cu\/index.php?rest_route=\/wp\/v2\/posts\/5916","targetHints":{"allow":["GET"]}}],"collection":[{"href":"https:\/\/www.radiomajaguabo.icrt.cu\/index.php?rest_route=\/wp\/v2\/posts"}],"about":[{"href":"https:\/\/www.radiomajaguabo.icrt.cu\/index.php?rest_route=\/wp\/v2\/types\/post"}],"author":[{"embeddable":true,"href":"https:\/\/www.radiomajaguabo.icrt.cu\/index.php?rest_route=\/wp\/v2\/users\/1"}],"replies":[{"embeddable":true,"href":"https:\/\/www.radiomajaguabo.icrt.cu\/index.php?rest_route=%2Fwp%2Fv2%2Fcomments&post=5916"}],"version-history":[{"count":2,"href":"https:\/\/www.radiomajaguabo.icrt.cu\/index.php?rest_route=\/wp\/v2\/posts\/5916\/revisions"}],"predecessor-version":[{"id":5928,"href":"https:\/\/www.radiomajaguabo.icrt.cu\/index.php?rest_route=\/wp\/v2\/posts\/5916\/revisions\/5928"}],"wp:featuredmedia":[{"embeddable":true,"href":"https:\/\/www.radiomajaguabo.icrt.cu\/index.php?rest_route=\/wp\/v2\/media\/5919"}],"wp:attachment":[{"href":"https:\/\/www.radiomajaguabo.icrt.cu\/index.php?rest_route=%2Fwp%2Fv2%2Fmedia&parent=5916"}],"wp:term":[{"taxonomy":"category","embeddable":true,"href":"https:\/\/www.radiomajaguabo.icrt.cu\/index.php?rest_route=%2Fwp%2Fv2%2Fcategories&post=5916"},{"taxonomy":"post_tag","embeddable":true,"href":"https:\/\/www.radiomajaguabo.icrt.cu\/index.php?rest_route=%2Fwp%2Fv2%2Ftags&post=5916"},{"taxonomy":"author","embeddable":true,"href":"https:\/\/www.radiomajaguabo.icrt.cu\/index.php?rest_route=%2Fwp%2Fv2%2Fppma_author&post=5916"}],"curies":[{"name":"wp","href":"https:\/\/api.w.org\/{rel}","templated":true}]}}