{"id":5873,"date":"2023-12-05T13:00:12","date_gmt":"2023-12-05T13:00:12","guid":{"rendered":"https:\/\/www.radiomajaguabo.icrt.cu\/?p=5873"},"modified":"2023-12-05T13:00:40","modified_gmt":"2023-12-05T13:00:40","slug":"multitudinario-homenaje-a-fidel-en-santiago-de-cuba","status":"publish","type":"post","link":"https:\/\/www.radiomajaguabo.icrt.cu\/?p=5873","title":{"rendered":"Multitudinario homenaje a Fidel en Santiago de Cuba"},"content":{"rendered":"<header class=\"g-story-header\">\n<div class=\"g-story-meta\">\n<div class=\"g-story-meta-footer\">M\u00e1s de 100 000 santiagueros peregrinaron, en cuadro apretado, para rendir homenaje al Comandante en Jefe de la Revoluci\u00f3n Cubana, Fidel Castro Ruz, en el s\u00e9ptimo aniversario del dep\u00f3sito de sus cenizas en el cementerio patrimonial de Santa Ifigenia.<\/div>\n<\/div>\n<\/header>\n<div class=\"story-body-textt story-content\">\n<p>Desde la Plaza de la Revoluci\u00f3n Mayor General Antonio Maceo Grajales, transitando por la avenida Patria, la inmensa muchedumbre lleg\u00f3 hasta el camposanto donde, en horas tempranas de la ma\u00f1ana, hab\u00eda sido colocada una ofrenda floral a nombre del pueblo de Cuba ante el monolito que atesora sus cenizas.<\/p>\n<p>Estuvieron presentes el\u00a0miembro del Comit\u00e9 Central del Partido y su primer secretario en la provincia, Jos\u00e9 Ram\u00f3n Monteagudo Ruiz, otros dirigentes pol\u00edticos y gubernamentales, as\u00ed como Fidel Antonio Castro Smirnov, asesor de la C\u00e1tedra Honor\u00edfica para el estudio de la obra y el pensamiento de Fidel Castro de la Universidad de Oriente y nieto del L\u00edder Hist\u00f3rico.<\/p>\n<p>En los predios del Altar de la Patria, los santiagueros expresaron sus sentimientos de agradecimiento y tributo al mejor disc\u00edpulo de Jos\u00e9 Mart\u00ed. Castro Smirnov suscribi\u00f3 a <em>Granma<\/em> que \u00abhoy venimos con la inmensa alegr\u00eda de traer a Fidel en nuestros pensamientos, conmueve recibir su cercan\u00eda y fortaleza, que siempre nos dio y nos seguir\u00e1 dando\u00bb.<\/p>\n<figure id=\"ri_416586\" class=\"g-story-body-photo g-story-body-full related-image\" data-media-action=\"modal\">\n<div class=\"image\"><img decoding=\"async\" class=\"media-viewer-candidate\" src=\"https:\/\/www.granma.cu\/file\/img\/2023\/12\/medium\/f0416586.jpg\" alt=\"\" \/><\/div><figcaption class=\"g-story-media-caption\"><strong>Foto: <\/strong><span class=\"credit\">Luis Alberto Portuondo<\/span><\/figcaption><\/figure>\n<figure id=\"ri_416587\" class=\"g-story-body-photo g-story-body-full related-image\" data-media-action=\"modal\">\n<div class=\"image\"><img decoding=\"async\" class=\"media-viewer-candidate\" src=\"https:\/\/www.granma.cu\/file\/img\/2023\/12\/medium\/f0416587.jpg\" alt=\"\" \/><\/div><figcaption class=\"g-story-media-caption\"><strong>Foto: <\/strong><span class=\"credit\">Luis Alberto Portuondo<\/span><\/figcaption><\/figure>\n<figure id=\"ri_416588\" class=\"g-story-body-photo g-story-body-full related-image\" data-media-action=\"modal\">\n<div class=\"image\"><img decoding=\"async\" class=\"media-viewer-candidate\" src=\"https:\/\/www.granma.cu\/file\/img\/2023\/12\/medium\/f0416588.jpg\" alt=\"\" \/><\/div><figcaption class=\"g-story-media-caption\"><strong>Foto: <\/strong><span class=\"credit\">Luis Alberto Portuondo<\/span><\/figcaption><\/figure>\n<figure id=\"ri_416590\" class=\"g-story-body-photo g-story-body-full related-image\" data-media-action=\"modal\">\n<div class=\"image\"><img decoding=\"async\" class=\"media-viewer-candidate\" src=\"https:\/\/www.granma.cu\/file\/img\/2023\/12\/medium\/f0416590.jpg\" alt=\"\" \/><\/div><figcaption class=\"g-story-media-caption\"><strong>Foto: <\/strong><span class=\"credit\">Luis Alberto Portuondo<\/span><\/figcaption><\/figure>\n<\/div>\n<p>&nbsp;<\/p>\n","protected":false},"excerpt":{"rendered":"<p>M\u00e1s de 100 000 santiagueros peregrinaron, en cuadro apretado, para rendir homenaje al Comandante en Jefe de la Revoluci\u00f3n Cubana,<\/p>\n<div class='heateor_sss_sharing_container heateor_sss_vertical_sharing heateor_sss_bottom_sharing' style='width:44px;left: -10px;top: 100px;-webkit-box-shadow:none;box-shadow:none;' ><div class=\"heateor_sss_sharing_ul\"><a class=\"heateor_sss_amp heateor_sss_amp_facebook\" href=\"https:\/\/www.facebook.com\/sharer\/sharer.php?u=https%3A%2F%2Fwww.radiomajaguabo.icrt.cu%2Findex.php%3Frest_route%3D%252Fwp%252Fv2%252Fposts%252F5873\" title=\"Facebook\" rel=\"nofollow noopener\" target=\"_blank\"><amp-img src=\"https:\/\/www.radiomajaguabo.icrt.cu\/wp-content\/plugins\/sassy-social-share\/public\/..\/images\/amp\/facebook.svg\" width=\"40\" height=\"40\" alt=\"Facebook\" class=\"amp-wp-enforced-sizes\" style=\"width: 40px;\"><\/amp-img><\/a><a class=\"heateor_sss_amp heateor_sss_amp_linkedin\" href=\"https:\/\/www.linkedin.com\/sharing\/share-offsite\/?url=https%3A%2F%2Fwww.radiomajaguabo.icrt.cu%2Findex.php%3Frest_route%3D%252Fwp%252Fv2%252Fposts%252F5873\" title=\"Linkedin\" rel=\"nofollow noopener\" target=\"_blank\"><amp-img src=\"https:\/\/www.radiomajaguabo.icrt.cu\/wp-content\/plugins\/sassy-social-share\/public\/..\/images\/amp\/linkedin.svg\" width=\"40\" height=\"40\" alt=\"Linkedin\" class=\"amp-wp-enforced-sizes\" style=\"width: 40px;\"><\/amp-img><\/a><a class=\"heateor_sss_amp heateor_sss_amp_whatsapp\" href=\"https:\/\/api.whatsapp.com\/send?text=Radio%20Majaguabo%20-%20Emisora%20Radio%20Majaguabo%2C%20San%20Luis%2C%20Santiago%20de%20Cuba%2C%20Cuba%20https%3A%2F%2Fwww.radiomajaguabo.icrt.cu%2Findex.php%3Frest_route%3D%252Fwp%252Fv2%252Fposts%252F5873\" title=\"Whatsapp\" rel=\"nofollow noopener\" target=\"_blank\"><amp-img src=\"https:\/\/www.radiomajaguabo.icrt.cu\/wp-content\/plugins\/sassy-social-share\/public\/..\/images\/amp\/whatsapp.svg\" width=\"40\" height=\"40\" alt=\"Whatsapp\" class=\"amp-wp-enforced-sizes\" style=\"width: 40px;\"><\/amp-img><\/a><a class=\"heateor_sss_amp heateor_sss_amp_instagram\" href=\"https:\/\/www.instagram.com\/\" title=\"Instagram\" rel=\"nofollow noopener\" target=\"_blank\"><amp-img src=\"https:\/\/www.radiomajaguabo.icrt.cu\/wp-content\/plugins\/sassy-social-share\/public\/..\/images\/amp\/instagram.svg\" width=\"40\" height=\"40\" alt=\"Instagram\" class=\"amp-wp-enforced-sizes\" style=\"width: 40px;\"><\/amp-img><\/a><a class=\"heateor_sss_amp heateor_sss_amp_x\" href=\"https:\/\/twitter.com\/intent\/tweet?text=Radio%20Majaguabo%20-%20Emisora%20Radio%20Majaguabo%2C%20San%20Luis%2C%20Santiago%20de%20Cuba%2C%20Cuba&url=https%3A%2F%2Fwww.radiomajaguabo.icrt.cu%2Findex.php%3Frest_route%3D%252Fwp%252Fv2%252Fposts%252F5873\" title=\"X\" rel=\"nofollow noopener\" target=\"_blank\"><amp-img src=\"https:\/\/www.radiomajaguabo.icrt.cu\/wp-content\/plugins\/sassy-social-share\/public\/..\/images\/amp\/x.svg\" width=\"40\" height=\"40\" alt=\"X\" class=\"amp-wp-enforced-sizes\" style=\"width:40px;\"><\/amp-img><\/a><\/div><div class=\"heateorSssClear\"><\/div><\/div>","protected":false},"author":1,"featured_media":5876,"comment_status":"open","ping_status":"open","sticky":false,"template":"","format":"standard","meta":{"colormag_page_layout":"default_layout","footnotes":""},"categories":[6,9,8],"tags":[921,464,577,49],"ppma_author":[37],"class_list":["post-5873","post","type-post","status-publish","format-standard","has-post-thumbnail","hentry","category-cultura","category-historia","category-nacionales","tag-acto","tag-fidel","tag-homenaje","tag-santiago-de-cuba"],"authors":[{"term_id":37,"user_id":1,"is_guest":0,"slug":"alberterie","display_name":"Administrador","avatar_url":"https:\/\/secure.gravatar.com\/avatar\/c7c20c93c5f4c81e7a7dc9b02a42095ae8875c9af446129683aaa06faf7fd1f3?s=96&d=mm&r=g","author_category":"","user_url":"https:\/\/www.radiomajaguabo.icrt.cu","last_name":"Alberterie Rivero","first_name":"Pedro","job_title":"","description":""}],"amp_enabled":true,"_links":{"self":[{"href":"https:\/\/www.radiomajaguabo.icrt.cu\/index.php?rest_route=\/wp\/v2\/posts\/5873","targetHints":{"allow":["GET"]}}],"collection":[{"href":"https:\/\/www.radiomajaguabo.icrt.cu\/index.php?rest_route=\/wp\/v2\/posts"}],"about":[{"href":"https:\/\/www.radiomajaguabo.icrt.cu\/index.php?rest_route=\/wp\/v2\/types\/post"}],"author":[{"embeddable":true,"href":"https:\/\/www.radiomajaguabo.icrt.cu\/index.php?rest_route=\/wp\/v2\/users\/1"}],"replies":[{"embeddable":true,"href":"https:\/\/www.radiomajaguabo.icrt.cu\/index.php?rest_route=%2Fwp%2Fv2%2Fcomments&post=5873"}],"version-history":[{"count":2,"href":"https:\/\/www.radiomajaguabo.icrt.cu\/index.php?rest_route=\/wp\/v2\/posts\/5873\/revisions"}],"predecessor-version":[{"id":5878,"href":"https:\/\/www.radiomajaguabo.icrt.cu\/index.php?rest_route=\/wp\/v2\/posts\/5873\/revisions\/5878"}],"wp:featuredmedia":[{"embeddable":true,"href":"https:\/\/www.radiomajaguabo.icrt.cu\/index.php?rest_route=\/wp\/v2\/media\/5876"}],"wp:attachment":[{"href":"https:\/\/www.radiomajaguabo.icrt.cu\/index.php?rest_route=%2Fwp%2Fv2%2Fmedia&parent=5873"}],"wp:term":[{"taxonomy":"category","embeddable":true,"href":"https:\/\/www.radiomajaguabo.icrt.cu\/index.php?rest_route=%2Fwp%2Fv2%2Fcategories&post=5873"},{"taxonomy":"post_tag","embeddable":true,"href":"https:\/\/www.radiomajaguabo.icrt.cu\/index.php?rest_route=%2Fwp%2Fv2%2Ftags&post=5873"},{"taxonomy":"author","embeddable":true,"href":"https:\/\/www.radiomajaguabo.icrt.cu\/index.php?rest_route=%2Fwp%2Fv2%2Fppma_author&post=5873"}],"curies":[{"name":"wp","href":"https:\/\/api.w.org\/{rel}","templated":true}]}}