{"id":5854,"date":"2023-12-04T12:27:08","date_gmt":"2023-12-04T12:27:08","guid":{"rendered":"https:\/\/www.radiomajaguabo.icrt.cu\/?p=5854"},"modified":"2023-12-04T12:27:08","modified_gmt":"2023-12-04T12:27:08","slug":"unidad-agropecuaria-sanluisera-recupera-terrenos-para-beneficio-social-fotos","status":"publish","type":"post","link":"https:\/\/www.radiomajaguabo.icrt.cu\/?p=5854","title":{"rendered":"Unidad agropecuaria sanluisera recupera terrenos para beneficio social (FOTOS)"},"content":{"rendered":"<div class=\"\" dir=\"auto\">\n<div id=\":r1e3:\" class=\"x1iorvi4 x1pi30zi x1l90r2v x1swvt13\" data-ad-comet-preview=\"message\" data-ad-preview=\"message\">\n<div class=\"x78zum5 xdt5ytf xz62fqu x16ldp7u\">\n<div class=\"xu06os2 x1ok221b\">\n<div class=\"xdj266r x11i5rnm xat24cr x1mh8g0r x1vvkbs x126k92a\">\n<div dir=\"auto\"><strong>San Luis, Santiago de Cuba, dic. 4, 23._<\/strong> Durante el fin de semana y, a trav\u00e9s de un acto,\u00a0 qued\u00f3 inaugurado el M\u00f3dulo Pecuario de la Cooperativa de Producci\u00f3n Agropecuaria (CPA) Desembarco del Granma, ubicada en esta localidad.<\/div>\n<div dir=\"auto\"><\/div>\n<div dir=\"auto\"><img loading=\"lazy\" decoding=\"async\" class=\" wp-image-5857 aligncenter\" src=\"https:\/\/www.radiomajaguabo.icrt.cu\/wp-content\/uploads\/2023\/12\/modulo_pecuario1-300x176.jpg\" alt=\"\" width=\"510\" height=\"299\" srcset=\"https:\/\/www.radiomajaguabo.icrt.cu\/wp-content\/uploads\/2023\/12\/modulo_pecuario1-300x176.jpg 300w, https:\/\/www.radiomajaguabo.icrt.cu\/wp-content\/uploads\/2023\/12\/modulo_pecuario1.jpg 640w\" sizes=\"auto, (max-width: 510px) 100vw, 510px\" \/><\/div>\n<div dir=\"auto\"><\/div>\n<div dir=\"auto\"><img loading=\"lazy\" decoding=\"async\" class=\" wp-image-5862 aligncenter\" src=\"https:\/\/www.radiomajaguabo.icrt.cu\/wp-content\/uploads\/2023\/12\/modulo_pecuario6-300x203.jpg\" alt=\"\" width=\"510\" height=\"345\" srcset=\"https:\/\/www.radiomajaguabo.icrt.cu\/wp-content\/uploads\/2023\/12\/modulo_pecuario6-300x203.jpg 300w, https:\/\/www.radiomajaguabo.icrt.cu\/wp-content\/uploads\/2023\/12\/modulo_pecuario6.jpg 640w\" sizes=\"auto, (max-width: 510px) 100vw, 510px\" \/><\/div>\n<div dir=\"auto\"><\/div>\n<div dir=\"auto\"><img loading=\"lazy\" decoding=\"async\" class=\" wp-image-5861 aligncenter\" src=\"https:\/\/www.radiomajaguabo.icrt.cu\/wp-content\/uploads\/2023\/12\/modulo_pecuario5-300x225.jpg\" alt=\"\" width=\"511\" height=\"383\" srcset=\"https:\/\/www.radiomajaguabo.icrt.cu\/wp-content\/uploads\/2023\/12\/modulo_pecuario5-300x225.jpg 300w, https:\/\/www.radiomajaguabo.icrt.cu\/wp-content\/uploads\/2023\/12\/modulo_pecuario5.jpg 640w\" sizes=\"auto, (max-width: 511px) 100vw, 511px\" \/><\/div>\n<div dir=\"auto\"><\/div>\n<div dir=\"auto\"><img loading=\"lazy\" decoding=\"async\" class=\" wp-image-5860 aligncenter\" src=\"https:\/\/www.radiomajaguabo.icrt.cu\/wp-content\/uploads\/2023\/12\/modulo_pecuario4-300x225.jpg\" alt=\"\" width=\"510\" height=\"383\" srcset=\"https:\/\/www.radiomajaguabo.icrt.cu\/wp-content\/uploads\/2023\/12\/modulo_pecuario4-300x225.jpg 300w, https:\/\/www.radiomajaguabo.icrt.cu\/wp-content\/uploads\/2023\/12\/modulo_pecuario4.jpg 640w\" sizes=\"auto, (max-width: 510px) 100vw, 510px\" \/><\/div>\n<div dir=\"auto\"><\/div>\n<div dir=\"auto\"><img loading=\"lazy\" decoding=\"async\" class=\" wp-image-5859 aligncenter\" src=\"https:\/\/www.radiomajaguabo.icrt.cu\/wp-content\/uploads\/2023\/12\/modulo_pecuario3-300x225.jpg\" alt=\"\" width=\"510\" height=\"382\" srcset=\"https:\/\/www.radiomajaguabo.icrt.cu\/wp-content\/uploads\/2023\/12\/modulo_pecuario3-300x225.jpg 300w, https:\/\/www.radiomajaguabo.icrt.cu\/wp-content\/uploads\/2023\/12\/modulo_pecuario3.jpg 640w\" sizes=\"auto, (max-width: 510px) 100vw, 510px\" \/><\/div>\n<div dir=\"auto\"><\/div>\n<div dir=\"auto\">El evento ocurre en el marco del Aniversario 41 de su fundaci\u00f3n y como parte del accionar que desarrolla la Asociaci\u00f3n Nacional de Agricultores Peque\u00f1os (ANAP) aqu\u00ed, en saludo al Aniversario 65 de la promulgaci\u00f3n de la Ley de Reforma Agraria.<\/div>\n<div dir=\"auto\"><\/div>\n<div dir=\"auto\"><img loading=\"lazy\" decoding=\"async\" class=\" wp-image-5858 aligncenter\" src=\"https:\/\/www.radiomajaguabo.icrt.cu\/wp-content\/uploads\/2023\/12\/modulo_pecuario2-300x225.jpg\" alt=\"\" width=\"511\" height=\"383\" srcset=\"https:\/\/www.radiomajaguabo.icrt.cu\/wp-content\/uploads\/2023\/12\/modulo_pecuario2-300x225.jpg 300w, https:\/\/www.radiomajaguabo.icrt.cu\/wp-content\/uploads\/2023\/12\/modulo_pecuario2.jpg 640w\" sizes=\"auto, (max-width: 511px) 100vw, 511px\" \/><\/div>\n<div dir=\"auto\"><\/div>\n<div dir=\"auto\">Desde este sitio los cooperativistas disfrutaron al poder mostrar el esfuerzo que hasta la fecha han realizado y se comprometieron a incrementar lo que hasta ahora se ha logrado en este terreno, antes abandonado.<\/div>\n<div dir=\"auto\"><\/div>\n<div dir=\"auto\">Adem\u00e1s de la inauguraci\u00f3n de este m\u00f3dulo pecuario, quienes integran la CPA Desembarco del Granma tambi\u00e9n se comprometieron a recuperar el M\u00f3dulo Azucarero con el que en sus inicios contaba esta entidad agropecuaria.<\/div>\n<div dir=\"auto\"><\/div>\n<div dir=\"auto\"><a class=\"x1i10hfl xjbqb8w x6umtig x1b1mbwd xaqea5y xav7gou x9f619 x1ypdohk xt0psk2 xe8uvvx xdj266r x11i5rnm xat24cr x1mh8g0r xexx8yu x4uap5 x18d9i69 xkhd6sd x16tdsg8 x1hl2dhg xggy1nq x1a2a7pz xt0b8zv x1qq9wsj xo1l8bm\" tabindex=\"0\" role=\"link\" href=\"https:\/\/www.facebook.com\/hashtag\/sanluisnosune?__eep__=6&amp;__cft__[0]=AZWYxR2cp8mbdoYhHe2mbWeN7rPe7amZPK507RQmpKh_c-j1Hk9H_SAkSjR_VGSon3BS7BGQgRFbJOAB6tpmVdo5i_s53qsU7nXUkUEgAQTPclT2RBMkGcGhgmYsKvzn3_HZ4QZeYkeSe44lwImduO0le6kEpoZ9Sjd9mr2lzOiXTqnp4ysMb45H_6-lIPAHw3Q&amp;__tn__=*NK-R\" target=\"_blank\" rel=\"noopener\">#SanLuisNosUne<\/a><\/div>\n<div dir=\"auto\"><a class=\"x1i10hfl xjbqb8w x6umtig x1b1mbwd xaqea5y xav7gou x9f619 x1ypdohk xt0psk2 xe8uvvx xdj266r x11i5rnm xat24cr x1mh8g0r xexx8yu x4uap5 x18d9i69 xkhd6sd x16tdsg8 x1hl2dhg xggy1nq x1a2a7pz xt0b8zv x1qq9wsj xo1l8bm\" tabindex=\"0\" role=\"link\" href=\"https:\/\/www.facebook.com\/hashtag\/santiagoessantiago?__eep__=6&amp;__cft__[0]=AZWYxR2cp8mbdoYhHe2mbWeN7rPe7amZPK507RQmpKh_c-j1Hk9H_SAkSjR_VGSon3BS7BGQgRFbJOAB6tpmVdo5i_s53qsU7nXUkUEgAQTPclT2RBMkGcGhgmYsKvzn3_HZ4QZeYkeSe44lwImduO0le6kEpoZ9Sjd9mr2lzOiXTqnp4ysMb45H_6-lIPAHw3Q&amp;__tn__=*NK-R\" target=\"_blank\" rel=\"noopener\">#santiagoessantiago<\/a><\/div>\n<div dir=\"auto\"><a class=\"x1i10hfl xjbqb8w x6umtig x1b1mbwd xaqea5y xav7gou x9f619 x1ypdohk xt0psk2 xe8uvvx xdj266r x11i5rnm xat24cr x1mh8g0r xexx8yu x4uap5 x18d9i69 xkhd6sd x16tdsg8 x1hl2dhg xggy1nq x1a2a7pz xt0b8zv x1qq9wsj xo1l8bm\" tabindex=\"0\" role=\"link\" href=\"https:\/\/www.facebook.com\/hashtag\/producir?__eep__=6&amp;__cft__[0]=AZWYxR2cp8mbdoYhHe2mbWeN7rPe7amZPK507RQmpKh_c-j1Hk9H_SAkSjR_VGSon3BS7BGQgRFbJOAB6tpmVdo5i_s53qsU7nXUkUEgAQTPclT2RBMkGcGhgmYsKvzn3_HZ4QZeYkeSe44lwImduO0le6kEpoZ9Sjd9mr2lzOiXTqnp4ysMb45H_6-lIPAHw3Q&amp;__tn__=*NK-R\" target=\"_blank\" rel=\"noopener\">#producir<\/a><\/div>\n<div dir=\"auto\"><a class=\"x1i10hfl xjbqb8w x6umtig x1b1mbwd xaqea5y xav7gou x9f619 x1ypdohk xt0psk2 xe8uvvx xdj266r x11i5rnm xat24cr x1mh8g0r xexx8yu x4uap5 x18d9i69 xkhd6sd x16tdsg8 x1hl2dhg xggy1nq x1a2a7pz xt0b8zv x1qq9wsj xo1l8bm\" tabindex=\"0\" role=\"link\" href=\"https:\/\/www.facebook.com\/hashtag\/productosdecalidad?__eep__=6&amp;__cft__[0]=AZWYxR2cp8mbdoYhHe2mbWeN7rPe7amZPK507RQmpKh_c-j1Hk9H_SAkSjR_VGSon3BS7BGQgRFbJOAB6tpmVdo5i_s53qsU7nXUkUEgAQTPclT2RBMkGcGhgmYsKvzn3_HZ4QZeYkeSe44lwImduO0le6kEpoZ9Sjd9mr2lzOiXTqnp4ysMb45H_6-lIPAHw3Q&amp;__tn__=*NK-R\" target=\"_blank\" rel=\"noopener\">#productosdecalidad<\/a><\/div>\n<div dir=\"auto\"><a class=\"x1i10hfl xjbqb8w x6umtig x1b1mbwd xaqea5y xav7gou x9f619 x1ypdohk xt0psk2 xe8uvvx xdj266r x11i5rnm xat24cr x1mh8g0r xexx8yu x4uap5 x18d9i69 xkhd6sd x16tdsg8 x1hl2dhg xggy1nq x1a2a7pz xt0b8zv x1qq9wsj xo1l8bm\" tabindex=\"0\" role=\"link\" href=\"https:\/\/www.facebook.com\/hashtag\/ganadobovino?__eep__=6&amp;__cft__[0]=AZWYxR2cp8mbdoYhHe2mbWeN7rPe7amZPK507RQmpKh_c-j1Hk9H_SAkSjR_VGSon3BS7BGQgRFbJOAB6tpmVdo5i_s53qsU7nXUkUEgAQTPclT2RBMkGcGhgmYsKvzn3_HZ4QZeYkeSe44lwImduO0le6kEpoZ9Sjd9mr2lzOiXTqnp4ysMb45H_6-lIPAHw3Q&amp;__tn__=*NK-R\" target=\"_blank\" rel=\"noopener\">#ganadobovino<\/a><\/div>\n<div dir=\"auto\"><a class=\"x1i10hfl xjbqb8w x6umtig x1b1mbwd xaqea5y xav7gou x9f619 x1ypdohk xt0psk2 xe8uvvx xdj266r x11i5rnm xat24cr x1mh8g0r xexx8yu x4uap5 x18d9i69 xkhd6sd x16tdsg8 x1hl2dhg xggy1nq x1a2a7pz xt0b8zv x1qq9wsj xo1l8bm\" tabindex=\"0\" role=\"link\" href=\"https:\/\/www.facebook.com\/hashtag\/ganadosano?__eep__=6&amp;__cft__[0]=AZWYxR2cp8mbdoYhHe2mbWeN7rPe7amZPK507RQmpKh_c-j1Hk9H_SAkSjR_VGSon3BS7BGQgRFbJOAB6tpmVdo5i_s53qsU7nXUkUEgAQTPclT2RBMkGcGhgmYsKvzn3_HZ4QZeYkeSe44lwImduO0le6kEpoZ9Sjd9mr2lzOiXTqnp4ysMb45H_6-lIPAHw3Q&amp;__tn__=*NK-R\" target=\"_blank\" rel=\"noopener\">#ganadosano<\/a><\/div>\n<div dir=\"auto\"><a class=\"x1i10hfl xjbqb8w x6umtig x1b1mbwd xaqea5y xav7gou x9f619 x1ypdohk xt0psk2 xe8uvvx xdj266r x11i5rnm xat24cr x1mh8g0r xexx8yu x4uap5 x18d9i69 xkhd6sd x16tdsg8 x1hl2dhg xggy1nq x1a2a7pz xt0b8zv x1qq9wsj xo1l8bm\" tabindex=\"0\" role=\"link\" href=\"https:\/\/www.facebook.com\/hashtag\/ganadolechero?__eep__=6&amp;__cft__[0]=AZWYxR2cp8mbdoYhHe2mbWeN7rPe7amZPK507RQmpKh_c-j1Hk9H_SAkSjR_VGSon3BS7BGQgRFbJOAB6tpmVdo5i_s53qsU7nXUkUEgAQTPclT2RBMkGcGhgmYsKvzn3_HZ4QZeYkeSe44lwImduO0le6kEpoZ9Sjd9mr2lzOiXTqnp4ysMb45H_6-lIPAHw3Q&amp;__tn__=*NK-R\" target=\"_blank\" rel=\"noopener\">#ganadolechero<\/a><\/div>\n<\/div>\n<\/div>\n<\/div>\n<\/div>\n<\/div>\n<p>&nbsp;<\/p>\n","protected":false},"excerpt":{"rendered":"<p>San Luis, Santiago de Cuba, dic. 4, 23._ Durante el fin de semana y, a trav\u00e9s de un acto,\u00a0 qued\u00f3<\/p>\n<div class='heateor_sss_sharing_container heateor_sss_vertical_sharing heateor_sss_bottom_sharing' style='width:44px;left: -10px;top: 100px;-webkit-box-shadow:none;box-shadow:none;' ><div class=\"heateor_sss_sharing_ul\"><a class=\"heateor_sss_amp heateor_sss_amp_facebook\" href=\"https:\/\/www.facebook.com\/sharer\/sharer.php?u=https%3A%2F%2Fwww.radiomajaguabo.icrt.cu%2Findex.php%3Frest_route%3D%252Fwp%252Fv2%252Fposts%252F5854\" title=\"Facebook\" rel=\"nofollow noopener\" target=\"_blank\"><amp-img src=\"https:\/\/www.radiomajaguabo.icrt.cu\/wp-content\/plugins\/sassy-social-share\/public\/..\/images\/amp\/facebook.svg\" width=\"40\" height=\"40\" alt=\"Facebook\" class=\"amp-wp-enforced-sizes\" style=\"width: 40px;\"><\/amp-img><\/a><a class=\"heateor_sss_amp heateor_sss_amp_linkedin\" href=\"https:\/\/www.linkedin.com\/sharing\/share-offsite\/?url=https%3A%2F%2Fwww.radiomajaguabo.icrt.cu%2Findex.php%3Frest_route%3D%252Fwp%252Fv2%252Fposts%252F5854\" title=\"Linkedin\" rel=\"nofollow noopener\" target=\"_blank\"><amp-img src=\"https:\/\/www.radiomajaguabo.icrt.cu\/wp-content\/plugins\/sassy-social-share\/public\/..\/images\/amp\/linkedin.svg\" width=\"40\" height=\"40\" alt=\"Linkedin\" class=\"amp-wp-enforced-sizes\" style=\"width: 40px;\"><\/amp-img><\/a><a class=\"heateor_sss_amp heateor_sss_amp_whatsapp\" href=\"https:\/\/api.whatsapp.com\/send?text=Radio%20Majaguabo%20-%20Emisora%20Radio%20Majaguabo%2C%20San%20Luis%2C%20Santiago%20de%20Cuba%2C%20Cuba%20https%3A%2F%2Fwww.radiomajaguabo.icrt.cu%2Findex.php%3Frest_route%3D%252Fwp%252Fv2%252Fposts%252F5854\" title=\"Whatsapp\" rel=\"nofollow noopener\" target=\"_blank\"><amp-img src=\"https:\/\/www.radiomajaguabo.icrt.cu\/wp-content\/plugins\/sassy-social-share\/public\/..\/images\/amp\/whatsapp.svg\" width=\"40\" height=\"40\" alt=\"Whatsapp\" class=\"amp-wp-enforced-sizes\" style=\"width: 40px;\"><\/amp-img><\/a><a class=\"heateor_sss_amp heateor_sss_amp_instagram\" href=\"https:\/\/www.instagram.com\/\" title=\"Instagram\" rel=\"nofollow noopener\" target=\"_blank\"><amp-img src=\"https:\/\/www.radiomajaguabo.icrt.cu\/wp-content\/plugins\/sassy-social-share\/public\/..\/images\/amp\/instagram.svg\" width=\"40\" height=\"40\" alt=\"Instagram\" class=\"amp-wp-enforced-sizes\" style=\"width: 40px;\"><\/amp-img><\/a><a class=\"heateor_sss_amp heateor_sss_amp_x\" href=\"https:\/\/twitter.com\/intent\/tweet?text=Radio%20Majaguabo%20-%20Emisora%20Radio%20Majaguabo%2C%20San%20Luis%2C%20Santiago%20de%20Cuba%2C%20Cuba&url=https%3A%2F%2Fwww.radiomajaguabo.icrt.cu%2Findex.php%3Frest_route%3D%252Fwp%252Fv2%252Fposts%252F5854\" title=\"X\" rel=\"nofollow noopener\" target=\"_blank\"><amp-img src=\"https:\/\/www.radiomajaguabo.icrt.cu\/wp-content\/plugins\/sassy-social-share\/public\/..\/images\/amp\/x.svg\" width=\"40\" height=\"40\" alt=\"X\" class=\"amp-wp-enforced-sizes\" style=\"width:40px;\"><\/amp-img><\/a><\/div><div class=\"heateorSssClear\"><\/div><\/div>","protected":false},"author":1,"featured_media":5860,"comment_status":"open","ping_status":"open","sticky":false,"template":"","format":"standard","meta":{"colormag_page_layout":"default_layout","footnotes":""},"categories":[6,9,10],"tags":[550,1164,1247,304,944],"ppma_author":[37],"class_list":["post-5854","post","type-post","status-publish","format-standard","has-post-thumbnail","hentry","category-cultura","category-historia","category-san-luis","tag-anap","tag-cooperativa","tag-cpa","tag-san-luis","tag-tierras"],"authors":[{"term_id":37,"user_id":1,"is_guest":0,"slug":"alberterie","display_name":"Administrador","avatar_url":"https:\/\/secure.gravatar.com\/avatar\/c7c20c93c5f4c81e7a7dc9b02a42095ae8875c9af446129683aaa06faf7fd1f3?s=96&d=mm&r=g","author_category":"","user_url":"https:\/\/www.radiomajaguabo.icrt.cu","last_name":"Alberterie Rivero","first_name":"Pedro","job_title":"","description":""}],"amp_enabled":true,"_links":{"self":[{"href":"https:\/\/www.radiomajaguabo.icrt.cu\/index.php?rest_route=\/wp\/v2\/posts\/5854","targetHints":{"allow":["GET"]}}],"collection":[{"href":"https:\/\/www.radiomajaguabo.icrt.cu\/index.php?rest_route=\/wp\/v2\/posts"}],"about":[{"href":"https:\/\/www.radiomajaguabo.icrt.cu\/index.php?rest_route=\/wp\/v2\/types\/post"}],"author":[{"embeddable":true,"href":"https:\/\/www.radiomajaguabo.icrt.cu\/index.php?rest_route=\/wp\/v2\/users\/1"}],"replies":[{"embeddable":true,"href":"https:\/\/www.radiomajaguabo.icrt.cu\/index.php?rest_route=%2Fwp%2Fv2%2Fcomments&post=5854"}],"version-history":[{"count":1,"href":"https:\/\/www.radiomajaguabo.icrt.cu\/index.php?rest_route=\/wp\/v2\/posts\/5854\/revisions"}],"predecessor-version":[{"id":5863,"href":"https:\/\/www.radiomajaguabo.icrt.cu\/index.php?rest_route=\/wp\/v2\/posts\/5854\/revisions\/5863"}],"wp:featuredmedia":[{"embeddable":true,"href":"https:\/\/www.radiomajaguabo.icrt.cu\/index.php?rest_route=\/wp\/v2\/media\/5860"}],"wp:attachment":[{"href":"https:\/\/www.radiomajaguabo.icrt.cu\/index.php?rest_route=%2Fwp%2Fv2%2Fmedia&parent=5854"}],"wp:term":[{"taxonomy":"category","embeddable":true,"href":"https:\/\/www.radiomajaguabo.icrt.cu\/index.php?rest_route=%2Fwp%2Fv2%2Fcategories&post=5854"},{"taxonomy":"post_tag","embeddable":true,"href":"https:\/\/www.radiomajaguabo.icrt.cu\/index.php?rest_route=%2Fwp%2Fv2%2Ftags&post=5854"},{"taxonomy":"author","embeddable":true,"href":"https:\/\/www.radiomajaguabo.icrt.cu\/index.php?rest_route=%2Fwp%2Fv2%2Fppma_author&post=5854"}],"curies":[{"name":"wp","href":"https:\/\/api.w.org\/{rel}","templated":true}]}}