{"id":5831,"date":"2023-12-01T13:58:49","date_gmt":"2023-12-01T13:58:49","guid":{"rendered":"https:\/\/www.radiomajaguabo.icrt.cu\/?p=5831"},"modified":"2023-12-01T14:03:16","modified_gmt":"2023-12-01T14:03:16","slug":"reconocen-consagracion-y-profesionalidad-de-locutores-sanluiseros-eros","status":"publish","type":"post","link":"https:\/\/www.radiomajaguabo.icrt.cu\/?p=5831","title":{"rendered":"Reconocen consagraci\u00f3n y profesionalidad de locutores sanluiseros"},"content":{"rendered":"<div class=\"\" dir=\"auto\">\n<div id=\":r1ma:\" class=\"x1iorvi4 x1pi30zi x1l90r2v x1swvt13\" data-ad-comet-preview=\"message\" data-ad-preview=\"message\">\n<div class=\"x78zum5 xdt5ytf xz62fqu x16ldp7u\">\n<div class=\"xu06os2 x1ok221b\">\n<div class=\"xdj266r x11i5rnm xat24cr x1mh8g0r x1vvkbs x126k92a\">\n<div dir=\"auto\"><strong>San Luis, Santiago de Cuba, dic. 1, 23. _<\/strong>Lleg\u00f3 diciembre con su carga de festejos para el colectivo de Radio Majaguabo y en ese listado resalta este viernes Primero. Felicidades locutores de la FM de San Luis. Les agradecemos su consagraci\u00f3n, profesionalidad y el ilimitado amor que acompa\u00f1a su quehacer diario.<\/div>\n<div dir=\"auto\"><\/div>\n<div dir=\"auto\">Hoy recordamos a muchos de los hombres de la palabra que han pasado por esta tierra o que nacieron aqu\u00ed, entre ellos, Ibrahim Aput, quien se convirti\u00f3 en el decano de los locutores cubanos, ganador del Premio Nacional de Radio en 2009, se desempe\u00f1\u00f3 en las \u00faltimas d\u00e9cadas en Radio Reloj, donde sin dejar los micr\u00f3fonos, form\u00f3 a varias generaciones de profesionales.<\/div>\n<div dir=\"auto\"><\/div>\n<div dir=\"auto\"><img loading=\"lazy\" decoding=\"async\" class=\" wp-image-5838 aligncenter\" src=\"https:\/\/www.radiomajaguabo.icrt.cu\/wp-content\/uploads\/2023\/12\/ibrahim-aput-1-580x431-1-300x223.jpg\" alt=\"\" width=\"518\" height=\"385\" srcset=\"https:\/\/www.radiomajaguabo.icrt.cu\/wp-content\/uploads\/2023\/12\/ibrahim-aput-1-580x431-1-300x223.jpg 300w, https:\/\/www.radiomajaguabo.icrt.cu\/wp-content\/uploads\/2023\/12\/ibrahim-aput-1-580x431-1.jpg 640w\" sizes=\"auto, (max-width: 518px) 100vw, 518px\" \/><\/div>\n<div dir=\"auto\"><\/div>\n<div dir=\"auto\">Con apenas 19 a\u00f1os comenz\u00f3 a trabajar en la emisora de su natal San Luis, en Santiago de Cuba, donde de manera inesperada tuvo que hacer una sustituci\u00f3n en cabina, lo que le vali\u00f3 adentrarse en un mundo que siempre reconoci\u00f3 como fascinante y comprometido con el p\u00fablico, seg\u00fan expone el material de Cubadebate<\/div>\n<div dir=\"auto\">\n<p class=\"title\">Falleci\u00f3 el locutor cubano Ibrahim Aput, Premio Nacional de Radio (+Video) http:\/\/www.cubadebate.cu\/noticias\/2020\/12\/07\/fallecio-el-locutor-cubano-ibrahim-aput-premio-nacional-de-radio\/<\/p>\n<\/div>\n<\/div>\n<div class=\"xdj266r x11i5rnm xat24cr x1mh8g0r x1vvkbs x126k92a\">\n<div dir=\"auto\"><a class=\"x1i10hfl xjbqb8w x6umtig x1b1mbwd xaqea5y xav7gou x9f619 x1ypdohk xt0psk2 xe8uvvx xdj266r x11i5rnm xat24cr x1mh8g0r xexx8yu x4uap5 x18d9i69 xkhd6sd x16tdsg8 x1hl2dhg xggy1nq x1a2a7pz xt0b8zv x1qq9wsj xo1l8bm\" tabindex=\"0\" role=\"link\" href=\"https:\/\/www.facebook.com\/hashtag\/santiagodecuba?__eep__=6&amp;__cft__[0]=AZXkf1gsC97xQhFg3RpRVqC8WvZF_Z5J2d3PeXATw6OStOXkdH-__FBomWW5dy8ncWgt-ZxSkzwVoOrb-lfrHGHtkikW-Yj3sTHUL08iQ9LH_cZxl-4YMcx08znqnMrW8d_mNw1jIZkSIfY4f9tk3XYaT2lc_cobzCcd5hfdHjegBg&amp;__tn__=*NK-R\" target=\"_blank\" rel=\"noopener\">#SantiagodeCuba<\/a><\/div>\n<div dir=\"auto\"><a class=\"x1i10hfl xjbqb8w x6umtig x1b1mbwd xaqea5y xav7gou x9f619 x1ypdohk xt0psk2 xe8uvvx xdj266r x11i5rnm xat24cr x1mh8g0r xexx8yu x4uap5 x18d9i69 xkhd6sd x16tdsg8 x1hl2dhg xggy1nq x1a2a7pz xt0b8zv x1qq9wsj xo1l8bm\" tabindex=\"0\" role=\"link\" href=\"https:\/\/www.facebook.com\/hashtag\/tierradelosmaceo?__eep__=6&amp;__cft__[0]=AZXkf1gsC97xQhFg3RpRVqC8WvZF_Z5J2d3PeXATw6OStOXkdH-__FBomWW5dy8ncWgt-ZxSkzwVoOrb-lfrHGHtkikW-Yj3sTHUL08iQ9LH_cZxl-4YMcx08znqnMrW8d_mNw1jIZkSIfY4f9tk3XYaT2lc_cobzCcd5hfdHjegBg&amp;__tn__=*NK-R\" target=\"_blank\" rel=\"noopener\">#TierraDeLosMaceo<\/a><\/div>\n<div dir=\"auto\"><a class=\"x1i10hfl xjbqb8w x6umtig x1b1mbwd xaqea5y xav7gou x9f619 x1ypdohk xt0psk2 xe8uvvx xdj266r x11i5rnm xat24cr x1mh8g0r xexx8yu x4uap5 x18d9i69 xkhd6sd x16tdsg8 x1hl2dhg xggy1nq x1a2a7pz xt0b8zv x1qq9wsj xo1l8bm\" tabindex=\"0\" role=\"link\" href=\"https:\/\/www.facebook.com\/hashtag\/radiomajaguabo?__eep__=6&amp;__cft__[0]=AZXkf1gsC97xQhFg3RpRVqC8WvZF_Z5J2d3PeXATw6OStOXkdH-__FBomWW5dy8ncWgt-ZxSkzwVoOrb-lfrHGHtkikW-Yj3sTHUL08iQ9LH_cZxl-4YMcx08znqnMrW8d_mNw1jIZkSIfY4f9tk3XYaT2lc_cobzCcd5hfdHjegBg&amp;__tn__=*NK-R\" target=\"_blank\" rel=\"noopener\">#RadioMajaguabo<\/a><\/div>\n<div dir=\"auto\"><a class=\"x1i10hfl xjbqb8w x6umtig x1b1mbwd xaqea5y xav7gou x9f619 x1ypdohk xt0psk2 xe8uvvx xdj266r x11i5rnm xat24cr x1mh8g0r xexx8yu x4uap5 x18d9i69 xkhd6sd x16tdsg8 x1hl2dhg xggy1nq x1a2a7pz xt0b8zv x1qq9wsj xo1l8bm\" tabindex=\"0\" role=\"link\" href=\"https:\/\/www.facebook.com\/hashtag\/todalaradioaqui?__eep__=6&amp;__cft__[0]=AZXkf1gsC97xQhFg3RpRVqC8WvZF_Z5J2d3PeXATw6OStOXkdH-__FBomWW5dy8ncWgt-ZxSkzwVoOrb-lfrHGHtkikW-Yj3sTHUL08iQ9LH_cZxl-4YMcx08znqnMrW8d_mNw1jIZkSIfY4f9tk3XYaT2lc_cobzCcd5hfdHjegBg&amp;__tn__=*NK-R\" target=\"_blank\" rel=\"noopener\">#Todalaradioaqui<\/a><\/div>\n<\/div>\n<\/div>\n<\/div>\n<\/div>\n<\/div>\n<p>&nbsp;<\/p>\n<p>&nbsp;<\/p>\n<p>&nbsp;<\/p>\n","protected":false},"excerpt":{"rendered":"<p>San Luis, Santiago de Cuba, dic. 1, 23. _Lleg\u00f3 diciembre con su carga de festejos para el colectivo de Radio<\/p>\n<div class='heateor_sss_sharing_container heateor_sss_vertical_sharing heateor_sss_bottom_sharing' style='width:44px;left: -10px;top: 100px;-webkit-box-shadow:none;box-shadow:none;' ><div class=\"heateor_sss_sharing_ul\"><a class=\"heateor_sss_amp heateor_sss_amp_facebook\" href=\"https:\/\/www.facebook.com\/sharer\/sharer.php?u=https%3A%2F%2Fwww.radiomajaguabo.icrt.cu%2Findex.php%3Frest_route%3D%252Fwp%252Fv2%252Fposts%252F5831\" title=\"Facebook\" rel=\"nofollow noopener\" target=\"_blank\"><amp-img src=\"https:\/\/www.radiomajaguabo.icrt.cu\/wp-content\/plugins\/sassy-social-share\/public\/..\/images\/amp\/facebook.svg\" width=\"40\" height=\"40\" alt=\"Facebook\" class=\"amp-wp-enforced-sizes\" style=\"width: 40px;\"><\/amp-img><\/a><a class=\"heateor_sss_amp heateor_sss_amp_linkedin\" href=\"https:\/\/www.linkedin.com\/sharing\/share-offsite\/?url=https%3A%2F%2Fwww.radiomajaguabo.icrt.cu%2Findex.php%3Frest_route%3D%252Fwp%252Fv2%252Fposts%252F5831\" title=\"Linkedin\" rel=\"nofollow noopener\" target=\"_blank\"><amp-img src=\"https:\/\/www.radiomajaguabo.icrt.cu\/wp-content\/plugins\/sassy-social-share\/public\/..\/images\/amp\/linkedin.svg\" width=\"40\" height=\"40\" alt=\"Linkedin\" class=\"amp-wp-enforced-sizes\" style=\"width: 40px;\"><\/amp-img><\/a><a class=\"heateor_sss_amp heateor_sss_amp_whatsapp\" href=\"https:\/\/api.whatsapp.com\/send?text=Radio%20Majaguabo%20-%20Emisora%20Radio%20Majaguabo%2C%20San%20Luis%2C%20Santiago%20de%20Cuba%2C%20Cuba%20https%3A%2F%2Fwww.radiomajaguabo.icrt.cu%2Findex.php%3Frest_route%3D%252Fwp%252Fv2%252Fposts%252F5831\" title=\"Whatsapp\" rel=\"nofollow noopener\" target=\"_blank\"><amp-img src=\"https:\/\/www.radiomajaguabo.icrt.cu\/wp-content\/plugins\/sassy-social-share\/public\/..\/images\/amp\/whatsapp.svg\" width=\"40\" height=\"40\" alt=\"Whatsapp\" class=\"amp-wp-enforced-sizes\" style=\"width: 40px;\"><\/amp-img><\/a><a class=\"heateor_sss_amp heateor_sss_amp_instagram\" href=\"https:\/\/www.instagram.com\/\" title=\"Instagram\" rel=\"nofollow noopener\" target=\"_blank\"><amp-img src=\"https:\/\/www.radiomajaguabo.icrt.cu\/wp-content\/plugins\/sassy-social-share\/public\/..\/images\/amp\/instagram.svg\" width=\"40\" height=\"40\" alt=\"Instagram\" class=\"amp-wp-enforced-sizes\" style=\"width: 40px;\"><\/amp-img><\/a><a class=\"heateor_sss_amp heateor_sss_amp_x\" href=\"https:\/\/twitter.com\/intent\/tweet?text=Radio%20Majaguabo%20-%20Emisora%20Radio%20Majaguabo%2C%20San%20Luis%2C%20Santiago%20de%20Cuba%2C%20Cuba&url=https%3A%2F%2Fwww.radiomajaguabo.icrt.cu%2Findex.php%3Frest_route%3D%252Fwp%252Fv2%252Fposts%252F5831\" title=\"X\" rel=\"nofollow noopener\" target=\"_blank\"><amp-img src=\"https:\/\/www.radiomajaguabo.icrt.cu\/wp-content\/plugins\/sassy-social-share\/public\/..\/images\/amp\/x.svg\" width=\"40\" height=\"40\" alt=\"X\" class=\"amp-wp-enforced-sizes\" style=\"width:40px;\"><\/amp-img><\/a><\/div><div class=\"heateorSssClear\"><\/div><\/div>","protected":false},"author":1,"featured_media":5840,"comment_status":"open","ping_status":"open","sticky":false,"template":"","format":"standard","meta":{"colormag_page_layout":"default_layout","footnotes":""},"categories":[6,9,10],"tags":[493,293,304,49],"ppma_author":[37],"class_list":["post-5831","post","type-post","status-publish","format-standard","has-post-thumbnail","hentry","category-cultura","category-historia","category-san-luis","tag-locutores","tag-radio-majaguabo","tag-san-luis","tag-santiago-de-cuba"],"authors":[{"term_id":37,"user_id":1,"is_guest":0,"slug":"alberterie","display_name":"Administrador","avatar_url":"https:\/\/secure.gravatar.com\/avatar\/c7c20c93c5f4c81e7a7dc9b02a42095ae8875c9af446129683aaa06faf7fd1f3?s=96&d=mm&r=g","author_category":"","user_url":"https:\/\/www.radiomajaguabo.icrt.cu","last_name":"Alberterie Rivero","first_name":"Pedro","job_title":"","description":""}],"amp_enabled":true,"_links":{"self":[{"href":"https:\/\/www.radiomajaguabo.icrt.cu\/index.php?rest_route=\/wp\/v2\/posts\/5831","targetHints":{"allow":["GET"]}}],"collection":[{"href":"https:\/\/www.radiomajaguabo.icrt.cu\/index.php?rest_route=\/wp\/v2\/posts"}],"about":[{"href":"https:\/\/www.radiomajaguabo.icrt.cu\/index.php?rest_route=\/wp\/v2\/types\/post"}],"author":[{"embeddable":true,"href":"https:\/\/www.radiomajaguabo.icrt.cu\/index.php?rest_route=\/wp\/v2\/users\/1"}],"replies":[{"embeddable":true,"href":"https:\/\/www.radiomajaguabo.icrt.cu\/index.php?rest_route=%2Fwp%2Fv2%2Fcomments&post=5831"}],"version-history":[{"count":4,"href":"https:\/\/www.radiomajaguabo.icrt.cu\/index.php?rest_route=\/wp\/v2\/posts\/5831\/revisions"}],"predecessor-version":[{"id":5843,"href":"https:\/\/www.radiomajaguabo.icrt.cu\/index.php?rest_route=\/wp\/v2\/posts\/5831\/revisions\/5843"}],"wp:featuredmedia":[{"embeddable":true,"href":"https:\/\/www.radiomajaguabo.icrt.cu\/index.php?rest_route=\/wp\/v2\/media\/5840"}],"wp:attachment":[{"href":"https:\/\/www.radiomajaguabo.icrt.cu\/index.php?rest_route=%2Fwp%2Fv2%2Fmedia&parent=5831"}],"wp:term":[{"taxonomy":"category","embeddable":true,"href":"https:\/\/www.radiomajaguabo.icrt.cu\/index.php?rest_route=%2Fwp%2Fv2%2Fcategories&post=5831"},{"taxonomy":"post_tag","embeddable":true,"href":"https:\/\/www.radiomajaguabo.icrt.cu\/index.php?rest_route=%2Fwp%2Fv2%2Ftags&post=5831"},{"taxonomy":"author","embeddable":true,"href":"https:\/\/www.radiomajaguabo.icrt.cu\/index.php?rest_route=%2Fwp%2Fv2%2Fppma_author&post=5831"}],"curies":[{"name":"wp","href":"https:\/\/api.w.org\/{rel}","templated":true}]}}