{"id":58,"date":"2022-06-24T14:25:44","date_gmt":"2022-06-24T14:25:44","guid":{"rendered":"https:\/\/localhost\/radiomajaguabo\/?p=58"},"modified":"2022-06-24T15:10:44","modified_gmt":"2022-06-24T15:10:44","slug":"presidente-diaz-canel-felicita-a-prestigiosa-cientifica-de-cuba","status":"publish","type":"post","link":"https:\/\/www.radiomajaguabo.icrt.cu\/?p=58","title":{"rendered":"Presidente D\u00edaz-Canel felicita a prestigiosa cient\u00edfica de Cuba"},"content":{"rendered":"<div class=\"elementor-element elementor-element-44014e52 elementor-widget elementor-widget-theme-post-excerpt\" data-id=\"44014e52\" data-element_type=\"widget\" data-widget_type=\"theme-post-excerpt.default\">\n<div class=\"elementor-widget-container\">La Habana, 24 jun (Prensa Latina) El presidente de Cuba, Miguel D\u00edaz-Canel, felicit\u00f3 hoy a la cient\u00edfica de la isla caribe\u00f1a, Mar\u00eda Guadalupe Guzm\u00e1n, quien recibi\u00f3 el Premio Internacional L\u2019Or\u00e9al-Unesco \u201cLa Mujer y la Ciencia\u201d.<\/div>\n<\/div>\n<p><!--more--><\/p>\n<div class=\"elementor-element elementor-element-560e1f7e elementor-widget elementor-widget-theme-post-content\" data-id=\"560e1f7e\" data-element_type=\"widget\" data-widget_type=\"theme-post-content.default\">\n<div class=\"elementor-widget-container\">\n<p>\u201cMuchas felicidades, estimada Mar\u00eda Guadalupe. Eres un orgullo para Cuba y su ciencia. En ti se sintetizan el empuje, la determinaci\u00f3n y la emancipaci\u00f3n de la mujer cubana. Como dijo Fidel, ustedes son una revoluci\u00f3n dentro de la Revoluci\u00f3n. Un fuerte abrazo\u201d, escribi\u00f3 el jefe de Estado en su cuenta de la red social Twitter.<\/p>\n<p>Laureada por sus trabajos pioneros sobre el dengue, la directora del Centro de Investigaci\u00f3n, Diagn\u00f3stico y Referencia del Instituto de Medicina Tropical Pedro Kouri fue galardonada en una ceremonia sin precedentes en la sede de la Unesco, donde se destac\u00f3 el aporte de 45 eminentes mujeres de ciencia de 37 pa\u00edses.<\/p>\n<p>En su edici\u00f3n 24, la Fundaci\u00f3n L\u2019Or\u00e9al y el ente multilateral premiaron a Guzm\u00e1n por investigaciones que permiten comprender y tratar mejor al dengue, una enfermedad que afecta cada a\u00f1o a entre 50 y 100 millones de personas, principalmente en zonas intertropicales.<\/p>\n<p>Tambi\u00e9n merecieron el reconocimiento la bioqu\u00edmica estadounidense Katalin Kariko, la neurocient\u00edfica china Hailan Hu, la experta en salud p\u00fablica ruandesa Agn\u00e8s Binagwaho y la espa\u00f1ola \u00c1ngela Nieto Toledano (Embriolog\u00eda).<\/p>\n<p>Durante el evento se entregar\u00e1n los premios L\u2019Or\u00e9al-Unesco \u201cLa Mujer y la Ciencia\u201d correspondientes al 2020, 2021 y 2022.<\/p>\n<p>Esta semana, la doctora en Ciencias Guzm\u00e1n present\u00f3 los resultados de su investigaci\u00f3n sobre el dengue en la Academia de Ciencias de Francia, donde tambi\u00e9n comparti\u00f3 informaciones acerca del enfrentamiento a la Covid-19 en Cuba y de las vacunas desarrolladas en la isla.<\/p>\n<p>El prestigioso galard\u00f3n, otorgado por primera vez a una cient\u00edfica de la regi\u00f3n caribe\u00f1a, es asumido en Cuba como un reconocimiento al protagonismo de la mujer en la ciencia, y en general a su empoderamiento en la sociedad.<\/p>\n<p>mv\/joe<\/p>\n<\/div>\n<\/div>\n<div class=\"elementor-element elementor-element-1fdbd0a elementor-widget elementor-widget-post-info\" data-id=\"1fdbd0a\" data-element_type=\"widget\" data-widget_type=\"post-info.default\">\n<div class=\"elementor-widget-container\">\n<ul class=\"elementor-inline-items elementor-icon-list-items elementor-post-info\">\n<li class=\"elementor-icon-list-item elementor-repeater-item-170494c elementor-inline-item\"><span class=\"elementor-icon-list-text elementor-post-info__item elementor-post-info__item--type-custom\"> #<a href=\"https:\/\/www.prensa-latina.cu\/tags\/cuba\" rel=\"tag noopener\" target=\"_blank\">cuba<\/a> #<a href=\"https:\/\/www.prensa-latina.cu\/tags\/guadalupe\" rel=\"tag noopener\" target=\"_blank\">Guadalupe<\/a> #<a href=\"https:\/\/www.prensa-latina.cu\/tags\/unesco\" rel=\"tag noopener\" target=\"_blank\">Unesco<\/a> <\/span><\/li>\n<\/ul>\n<\/div>\n<\/div>\n","protected":false},"excerpt":{"rendered":"<p>La Habana, 24 jun (Prensa Latina) El presidente de Cuba, Miguel D\u00edaz-Canel, felicit\u00f3 hoy a la cient\u00edfica de la isla<\/p>\n<div class='heateor_sss_sharing_container heateor_sss_vertical_sharing heateor_sss_bottom_sharing' style='width:44px;left: -10px;top: 100px;-webkit-box-shadow:none;box-shadow:none;' ><div class=\"heateor_sss_sharing_ul\"><a class=\"heateor_sss_amp heateor_sss_amp_facebook\" href=\"https:\/\/www.facebook.com\/sharer\/sharer.php?u=https%3A%2F%2Fwww.radiomajaguabo.icrt.cu%2Findex.php%3Frest_route%3D%252Fwp%252Fv2%252Fposts%252F58\" title=\"Facebook\" rel=\"nofollow noopener\" target=\"_blank\"><amp-img src=\"https:\/\/www.radiomajaguabo.icrt.cu\/wp-content\/plugins\/sassy-social-share\/public\/..\/images\/amp\/facebook.svg\" width=\"40\" height=\"40\" alt=\"Facebook\" class=\"amp-wp-enforced-sizes\" style=\"width: 40px;\"><\/amp-img><\/a><a class=\"heateor_sss_amp heateor_sss_amp_linkedin\" href=\"https:\/\/www.linkedin.com\/sharing\/share-offsite\/?url=https%3A%2F%2Fwww.radiomajaguabo.icrt.cu%2Findex.php%3Frest_route%3D%252Fwp%252Fv2%252Fposts%252F58\" title=\"Linkedin\" rel=\"nofollow noopener\" target=\"_blank\"><amp-img src=\"https:\/\/www.radiomajaguabo.icrt.cu\/wp-content\/plugins\/sassy-social-share\/public\/..\/images\/amp\/linkedin.svg\" width=\"40\" height=\"40\" alt=\"Linkedin\" class=\"amp-wp-enforced-sizes\" style=\"width: 40px;\"><\/amp-img><\/a><a class=\"heateor_sss_amp heateor_sss_amp_whatsapp\" href=\"https:\/\/api.whatsapp.com\/send?text=Radio%20Majaguabo%20-%20Emisora%20Radio%20Majaguabo%2C%20San%20Luis%2C%20Santiago%20de%20Cuba%2C%20Cuba%20https%3A%2F%2Fwww.radiomajaguabo.icrt.cu%2Findex.php%3Frest_route%3D%252Fwp%252Fv2%252Fposts%252F58\" title=\"Whatsapp\" rel=\"nofollow noopener\" target=\"_blank\"><amp-img src=\"https:\/\/www.radiomajaguabo.icrt.cu\/wp-content\/plugins\/sassy-social-share\/public\/..\/images\/amp\/whatsapp.svg\" width=\"40\" height=\"40\" alt=\"Whatsapp\" class=\"amp-wp-enforced-sizes\" style=\"width: 40px;\"><\/amp-img><\/a><a class=\"heateor_sss_amp heateor_sss_amp_instagram\" href=\"https:\/\/www.instagram.com\/\" title=\"Instagram\" rel=\"nofollow noopener\" target=\"_blank\"><amp-img src=\"https:\/\/www.radiomajaguabo.icrt.cu\/wp-content\/plugins\/sassy-social-share\/public\/..\/images\/amp\/instagram.svg\" width=\"40\" height=\"40\" alt=\"Instagram\" class=\"amp-wp-enforced-sizes\" style=\"width: 40px;\"><\/amp-img><\/a><a class=\"heateor_sss_amp heateor_sss_amp_x\" href=\"https:\/\/twitter.com\/intent\/tweet?text=Radio%20Majaguabo%20-%20Emisora%20Radio%20Majaguabo%2C%20San%20Luis%2C%20Santiago%20de%20Cuba%2C%20Cuba&url=https%3A%2F%2Fwww.radiomajaguabo.icrt.cu%2Findex.php%3Frest_route%3D%252Fwp%252Fv2%252Fposts%252F58\" title=\"X\" rel=\"nofollow noopener\" target=\"_blank\"><amp-img src=\"https:\/\/www.radiomajaguabo.icrt.cu\/wp-content\/plugins\/sassy-social-share\/public\/..\/images\/amp\/x.svg\" width=\"40\" height=\"40\" alt=\"X\" class=\"amp-wp-enforced-sizes\" style=\"width:40px;\"><\/amp-img><\/a><\/div><div class=\"heateorSssClear\"><\/div><\/div>","protected":false},"author":10,"featured_media":59,"comment_status":"open","ping_status":"open","sticky":false,"template":"","format":"standard","meta":{"colormag_page_layout":"default_layout","footnotes":""},"categories":[8],"tags":[16,13,14,15],"ppma_author":[39],"class_list":["post-58","post","type-post","status-publish","format-standard","has-post-thumbnail","hentry","category-nacionales","tag-covid-19","tag-cuba","tag-miguel-diaz-canel","tag-unesco"],"authors":[{"term_id":39,"user_id":10,"is_guest":0,"slug":"prensa-latina","display_name":"Prensa Latina","avatar_url":"https:\/\/secure.gravatar.com\/avatar\/50c7a3112bb25b21ddc4cf0ff17bac923226a0d4e8814139af94a839af15e315?s=96&d=mm&r=g","author_category":"","user_url":"https:\/\/www.prensa-latina.cu","last_name":"","first_name":"Prensa Latina","job_title":"","description":""}],"amp_enabled":true,"_links":{"self":[{"href":"https:\/\/www.radiomajaguabo.icrt.cu\/index.php?rest_route=\/wp\/v2\/posts\/58","targetHints":{"allow":["GET"]}}],"collection":[{"href":"https:\/\/www.radiomajaguabo.icrt.cu\/index.php?rest_route=\/wp\/v2\/posts"}],"about":[{"href":"https:\/\/www.radiomajaguabo.icrt.cu\/index.php?rest_route=\/wp\/v2\/types\/post"}],"author":[{"embeddable":true,"href":"https:\/\/www.radiomajaguabo.icrt.cu\/index.php?rest_route=\/wp\/v2\/users\/10"}],"replies":[{"embeddable":true,"href":"https:\/\/www.radiomajaguabo.icrt.cu\/index.php?rest_route=%2Fwp%2Fv2%2Fcomments&post=58"}],"version-history":[{"count":2,"href":"https:\/\/www.radiomajaguabo.icrt.cu\/index.php?rest_route=\/wp\/v2\/posts\/58\/revisions"}],"predecessor-version":[{"id":61,"href":"https:\/\/www.radiomajaguabo.icrt.cu\/index.php?rest_route=\/wp\/v2\/posts\/58\/revisions\/61"}],"wp:featuredmedia":[{"embeddable":true,"href":"https:\/\/www.radiomajaguabo.icrt.cu\/index.php?rest_route=\/wp\/v2\/media\/59"}],"wp:attachment":[{"href":"https:\/\/www.radiomajaguabo.icrt.cu\/index.php?rest_route=%2Fwp%2Fv2%2Fmedia&parent=58"}],"wp:term":[{"taxonomy":"category","embeddable":true,"href":"https:\/\/www.radiomajaguabo.icrt.cu\/index.php?rest_route=%2Fwp%2Fv2%2Fcategories&post=58"},{"taxonomy":"post_tag","embeddable":true,"href":"https:\/\/www.radiomajaguabo.icrt.cu\/index.php?rest_route=%2Fwp%2Fv2%2Ftags&post=58"},{"taxonomy":"author","embeddable":true,"href":"https:\/\/www.radiomajaguabo.icrt.cu\/index.php?rest_route=%2Fwp%2Fv2%2Fppma_author&post=58"}],"curies":[{"name":"wp","href":"https:\/\/api.w.org\/{rel}","templated":true}]}}