{"id":5753,"date":"2023-11-25T21:26:23","date_gmt":"2023-11-25T21:26:23","guid":{"rendered":"https:\/\/www.radiomajaguabo.icrt.cu\/?p=5753"},"modified":"2023-11-25T21:28:49","modified_gmt":"2023-11-25T21:28:49","slug":"recuerrecuerdan-en-cuba-liderazgo-imperedecero-de-fidel-castro","status":"publish","type":"post","link":"https:\/\/www.radiomajaguabo.icrt.cu\/?p=5753","title":{"rendered":"Recuerdan en Cuba liderazgo imperecedero de Fidel Castro"},"content":{"rendered":"<p>La Habana, 25 nov (Prensa Latina) Dirigentes cubanos, encabezados por el presidente Miguel D\u00edaz-Canel, y usuarios en redes sociales, recordaron hoy el legado del l\u00edder hist\u00f3rico de la Revoluci\u00f3n en la isla, Fidel Castro, desaparecido f\u00edsicamente el 25 de noviembre de 2016. <!--more--><\/p>\n<p>Tomado de Prensa Latina<\/p>\n<p>El mandatario antillano asever\u00f3 en su cuenta de X, que \u201cde Fidel (Castro) hablaremos siempre en presente por que vive entre nosotros con su inspiradora obra y su infinita fe en el ser humano, en la revoluci\u00f3n cubana y en el mundo mejor posible por el que sigue peleando todav\u00eda\u201d.<\/p>\n<p>Asimismo, evocando la significativa fecha, el miembro del Bur\u00f3 Pol\u00edtico y secretario de Organizaci\u00f3n del Comit\u00e9 Central del Partido Comunista de Cuba (PCC), Roberto Morales, asegur\u00f3 que hoy es un d\u00eda que conmueve a millones de personas en el mundo y de gran significaci\u00f3n para los cubanos.<\/p>\n<p>\u201cEs una fecha que nos ratifica la grandeza de ese guerrillero eterno que nos ense\u00f1\u00f3 que no hay m\u00e1s camino que el de la lucha hasta alcanzar la victoria\u201d, escribi\u00f3 Morales en la propia red social.<\/p>\n<p>El alto dirigente del PCC record\u00f3 en una serie de tuis afirmaciones anteriores de otros l\u00edderes de ese proceso emancipador como el general de ej\u00e9rcito Ra\u00fal Castro quien dijo de su hermano compa\u00f1ero de m\u00faltiples batallas:<\/p>\n<p>\u201cFidel es Fidel y no precisa de cargo alguno para ocupar por siempre u lugar cimero en la historia, en el presente y el futuro de la naci\u00f3n cubana\u201d.<\/p>\n<p>Morales tambi\u00e9n trajo a colaci\u00f3n una afirmaci\u00f3n del propio D\u00edaz-Canel sobre el legendario comandante en jefe cubano, en ocasi\u00f3n de conmemorase el quinto aniversario de su partida f\u00edsica: \u201cEn el despacho de Fidel en el Palacio de la Revoluci\u00f3n todo est\u00e1 como lo dej\u00f3 \u00e9l en su \u00faltimo d\u00eda all\u00ed. Trato de imaginarlo en medio de las duras batallas de tantos a\u00f1os desafiantes. Me inspira, me emociona. Y sigo pelando\u201d.<\/p>\n<p>De igual manera, el presidente de la Asamblea Nacional del Poder Popular (Parlamento), Esteban Lazo realz\u00f3 al fallecido mandatario como un l\u00edder \u201cinvicto siempre y absuelto por la historia\u201d.<\/p>\n<p>A\u00f1adi\u00f3 Lazo que Fidel Castro ense\u00f1\u00f3 a los cubanos que \u201ccon unidad, con permanente fe en la victoria, por nosotros mismos y con nuestros propios esfuerzos, cumpliendo su concepto de Revoluci\u00f3n, podemos lograr las m\u00e1s grandes haza\u00f1as y vencer cada desaf\u00edo\u201d.<\/p>\n<p>M\u00faltiples muestras de admiraci\u00f3n se leen en redes sociales por el aniversario del deceso del fundador del primer estado socialista del hemisferio occidental. La usuaria de X y Facebook, Belkis P\u00e9rez, publica en ambas redes, fragmentos de una canci\u00f3n del trovador cubano Ra\u00fal Torres:<\/p>\n<p>\u201cVuelven las heridas que no sanan en los hombres y mujeres que no te dejaremos ir. Hoy el coraz\u00f3n nos late afuera y tu pueblo aunque le duela no te quiere despedir\u201d.<\/p>\n","protected":false},"excerpt":{"rendered":"<p>La Habana, 25 nov (Prensa Latina) Dirigentes cubanos, encabezados por el presidente Miguel D\u00edaz-Canel, y usuarios en redes sociales, recordaron<\/p>\n<div class='heateor_sss_sharing_container heateor_sss_vertical_sharing heateor_sss_bottom_sharing' style='width:44px;left: -10px;top: 100px;-webkit-box-shadow:none;box-shadow:none;' ><div class=\"heateor_sss_sharing_ul\"><a class=\"heateor_sss_amp heateor_sss_amp_facebook\" href=\"https:\/\/www.facebook.com\/sharer\/sharer.php?u=https%3A%2F%2Fwww.radiomajaguabo.icrt.cu%2Findex.php%3Frest_route%3D%252Fwp%252Fv2%252Fposts%252F5753\" title=\"Facebook\" rel=\"nofollow noopener\" target=\"_blank\"><amp-img src=\"https:\/\/www.radiomajaguabo.icrt.cu\/wp-content\/plugins\/sassy-social-share\/public\/..\/images\/amp\/facebook.svg\" width=\"40\" height=\"40\" alt=\"Facebook\" class=\"amp-wp-enforced-sizes\" style=\"width: 40px;\"><\/amp-img><\/a><a class=\"heateor_sss_amp heateor_sss_amp_linkedin\" href=\"https:\/\/www.linkedin.com\/sharing\/share-offsite\/?url=https%3A%2F%2Fwww.radiomajaguabo.icrt.cu%2Findex.php%3Frest_route%3D%252Fwp%252Fv2%252Fposts%252F5753\" title=\"Linkedin\" rel=\"nofollow noopener\" target=\"_blank\"><amp-img src=\"https:\/\/www.radiomajaguabo.icrt.cu\/wp-content\/plugins\/sassy-social-share\/public\/..\/images\/amp\/linkedin.svg\" width=\"40\" height=\"40\" alt=\"Linkedin\" class=\"amp-wp-enforced-sizes\" style=\"width: 40px;\"><\/amp-img><\/a><a class=\"heateor_sss_amp heateor_sss_amp_whatsapp\" href=\"https:\/\/api.whatsapp.com\/send?text=Radio%20Majaguabo%20-%20Emisora%20Radio%20Majaguabo%2C%20San%20Luis%2C%20Santiago%20de%20Cuba%2C%20Cuba%20https%3A%2F%2Fwww.radiomajaguabo.icrt.cu%2Findex.php%3Frest_route%3D%252Fwp%252Fv2%252Fposts%252F5753\" title=\"Whatsapp\" rel=\"nofollow noopener\" target=\"_blank\"><amp-img src=\"https:\/\/www.radiomajaguabo.icrt.cu\/wp-content\/plugins\/sassy-social-share\/public\/..\/images\/amp\/whatsapp.svg\" width=\"40\" height=\"40\" alt=\"Whatsapp\" class=\"amp-wp-enforced-sizes\" style=\"width: 40px;\"><\/amp-img><\/a><a class=\"heateor_sss_amp heateor_sss_amp_instagram\" href=\"https:\/\/www.instagram.com\/\" title=\"Instagram\" rel=\"nofollow noopener\" target=\"_blank\"><amp-img src=\"https:\/\/www.radiomajaguabo.icrt.cu\/wp-content\/plugins\/sassy-social-share\/public\/..\/images\/amp\/instagram.svg\" width=\"40\" height=\"40\" alt=\"Instagram\" class=\"amp-wp-enforced-sizes\" style=\"width: 40px;\"><\/amp-img><\/a><a class=\"heateor_sss_amp heateor_sss_amp_x\" href=\"https:\/\/twitter.com\/intent\/tweet?text=Radio%20Majaguabo%20-%20Emisora%20Radio%20Majaguabo%2C%20San%20Luis%2C%20Santiago%20de%20Cuba%2C%20Cuba&url=https%3A%2F%2Fwww.radiomajaguabo.icrt.cu%2Findex.php%3Frest_route%3D%252Fwp%252Fv2%252Fposts%252F5753\" title=\"X\" rel=\"nofollow noopener\" target=\"_blank\"><amp-img src=\"https:\/\/www.radiomajaguabo.icrt.cu\/wp-content\/plugins\/sassy-social-share\/public\/..\/images\/amp\/x.svg\" width=\"40\" height=\"40\" alt=\"X\" class=\"amp-wp-enforced-sizes\" style=\"width:40px;\"><\/amp-img><\/a><\/div><div class=\"heateorSssClear\"><\/div><\/div>","protected":false},"author":1,"featured_media":5765,"comment_status":"open","ping_status":"open","sticky":false,"template":"","format":"standard","meta":{"colormag_page_layout":"default_layout","footnotes":""},"categories":[8],"tags":[1735,151,1031,1277,1736,21],"ppma_author":[37],"class_list":["post-5753","post","type-post","status-publish","format-standard","has-post-thumbnail","hentry","category-nacionales","tag-dirigentes-cubanos","tag-fidel-castro","tag-legado","tag-lider-historico","tag-presidente-miguel-diaz-canel","tag-revolucion"],"authors":[{"term_id":37,"user_id":1,"is_guest":0,"slug":"alberterie","display_name":"Administrador","avatar_url":"https:\/\/secure.gravatar.com\/avatar\/c7c20c93c5f4c81e7a7dc9b02a42095ae8875c9af446129683aaa06faf7fd1f3?s=96&d=mm&r=g","author_category":"","user_url":"https:\/\/www.radiomajaguabo.icrt.cu","last_name":"Alberterie Rivero","first_name":"Pedro","job_title":"","description":""}],"amp_enabled":true,"_links":{"self":[{"href":"https:\/\/www.radiomajaguabo.icrt.cu\/index.php?rest_route=\/wp\/v2\/posts\/5753","targetHints":{"allow":["GET"]}}],"collection":[{"href":"https:\/\/www.radiomajaguabo.icrt.cu\/index.php?rest_route=\/wp\/v2\/posts"}],"about":[{"href":"https:\/\/www.radiomajaguabo.icrt.cu\/index.php?rest_route=\/wp\/v2\/types\/post"}],"author":[{"embeddable":true,"href":"https:\/\/www.radiomajaguabo.icrt.cu\/index.php?rest_route=\/wp\/v2\/users\/1"}],"replies":[{"embeddable":true,"href":"https:\/\/www.radiomajaguabo.icrt.cu\/index.php?rest_route=%2Fwp%2Fv2%2Fcomments&post=5753"}],"version-history":[{"count":2,"href":"https:\/\/www.radiomajaguabo.icrt.cu\/index.php?rest_route=\/wp\/v2\/posts\/5753\/revisions"}],"predecessor-version":[{"id":5769,"href":"https:\/\/www.radiomajaguabo.icrt.cu\/index.php?rest_route=\/wp\/v2\/posts\/5753\/revisions\/5769"}],"wp:featuredmedia":[{"embeddable":true,"href":"https:\/\/www.radiomajaguabo.icrt.cu\/index.php?rest_route=\/wp\/v2\/media\/5765"}],"wp:attachment":[{"href":"https:\/\/www.radiomajaguabo.icrt.cu\/index.php?rest_route=%2Fwp%2Fv2%2Fmedia&parent=5753"}],"wp:term":[{"taxonomy":"category","embeddable":true,"href":"https:\/\/www.radiomajaguabo.icrt.cu\/index.php?rest_route=%2Fwp%2Fv2%2Fcategories&post=5753"},{"taxonomy":"post_tag","embeddable":true,"href":"https:\/\/www.radiomajaguabo.icrt.cu\/index.php?rest_route=%2Fwp%2Fv2%2Ftags&post=5753"},{"taxonomy":"author","embeddable":true,"href":"https:\/\/www.radiomajaguabo.icrt.cu\/index.php?rest_route=%2Fwp%2Fv2%2Fppma_author&post=5753"}],"curies":[{"name":"wp","href":"https:\/\/api.w.org\/{rel}","templated":true}]}}