{"id":5752,"date":"2023-11-25T21:24:36","date_gmt":"2023-11-25T21:24:36","guid":{"rendered":"https:\/\/www.radiomajaguabo.icrt.cu\/?p=5752"},"modified":"2023-11-25T21:24:36","modified_gmt":"2023-11-25T21:24:36","slug":"produccion-agricola-tema-fundamental-debatido-en-asamblea-municipal-sanluisera-hoy","status":"publish","type":"post","link":"https:\/\/www.radiomajaguabo.icrt.cu\/?p=5752","title":{"rendered":"Producci\u00f3n agr\u00edcola, tema fundamental debatido en Asamblea Municipal sanluisera hoy"},"content":{"rendered":"<p><span class=\"x193iq5w xeuugli x13faqbe x1vvkbs x1xmvt09 x1lliihq x1s928wv xhkezso x1gmr53x x1cpjm7i x1fgarty x1943h6x xudqn12 x3x7a5m x6prxxf xvq8zen xo1l8bm xzsf02u x1yc453h\" dir=\"auto\"><strong>San Luis, Santiago de Cuba, nov. 25, 23._<\/strong> Hoy sesion\u00f3 desde el Cine Cuba de esta localidad la VIII Sesi\u00f3n Ordinaria de la Asamblea Municipal del Poder Popular, correspondiente al XVIII Per\u00edodo de Mandato.<\/span><!--more--><\/p>\n<p><span class=\"x193iq5w xeuugli x13faqbe x1vvkbs x1xmvt09 x1lliihq x1s928wv xhkezso x1gmr53x x1cpjm7i x1fgarty x1943h6x xudqn12 x3x7a5m x6prxxf xvq8zen xo1l8bm xzsf02u x1yc453h\" dir=\"auto\">Los delegados emitieron sus criterios acerca de los acuerdos adoptados en sesiones anteriores y su nivel de cumplimiento. En este sentido se hizo alusi\u00f3n a la situaci\u00f3n con los ciclos de distribuci\u00f3n de agua en el municipio y las acciones que se realizan para el cumplimiento de la cosecha cafetalera en San Luis.<\/span><\/p>\n<p><img loading=\"lazy\" decoding=\"async\" class=\" wp-image-5761 aligncenter\" src=\"https:\/\/www.radiomajaguabo.icrt.cu\/wp-content\/uploads\/2023\/11\/delegados-300x225.jpg\" alt=\"\" width=\"530\" height=\"398\" srcset=\"https:\/\/www.radiomajaguabo.icrt.cu\/wp-content\/uploads\/2023\/11\/delegados-300x225.jpg 300w, https:\/\/www.radiomajaguabo.icrt.cu\/wp-content\/uploads\/2023\/11\/delegados.jpg 640w\" sizes=\"auto, (max-width: 530px) 100vw, 530px\" \/><\/p>\n<p><span class=\"x193iq5w xeuugli x13faqbe x1vvkbs x1xmvt09 x1lliihq x1s928wv xhkezso x1gmr53x x1cpjm7i x1fgarty x1943h6x xudqn12 x3x7a5m x6prxxf xvq8zen xo1l8bm xzsf02u x1yc453h\" dir=\"auto\">Excelente intervenci\u00f3n de la delegada B\u00e1rbara Idalia Jurquet Medina, quien llam\u00f3 a todos los delegados a elevar el control popular sobre el cumplimiento de las medidas implementadas para dinamizar el sistema de la agricultura en el municipio.<\/span><\/p>\n<p><img loading=\"lazy\" decoding=\"async\" class=\" wp-image-5760 aligncenter\" src=\"https:\/\/www.radiomajaguabo.icrt.cu\/wp-content\/uploads\/2023\/11\/barbara_jurquet-300x244.jpg\" alt=\"\" width=\"514\" height=\"418\" srcset=\"https:\/\/www.radiomajaguabo.icrt.cu\/wp-content\/uploads\/2023\/11\/barbara_jurquet-300x244.jpg 300w, https:\/\/www.radiomajaguabo.icrt.cu\/wp-content\/uploads\/2023\/11\/barbara_jurquet.jpg 591w\" sizes=\"auto, (max-width: 514px) 100vw, 514px\" \/><\/p>\n<p><span class=\"x193iq5w xeuugli x13faqbe x1vvkbs x1xmvt09 x1lliihq x1s928wv xhkezso x1gmr53x x1cpjm7i x1fgarty x1943h6x xudqn12 x3x7a5m x6prxxf xvq8zen xo1l8bm xzsf02u x1yc453h\" dir=\"auto\">El Diputado al Parlamento Cubano, Francisco Ricardo Sagaro Rosales, que hoy se encuentra participando en la VIII Sesi\u00f3n Ordinaria de la Asamblea Municipal del Poder Popular de San Luis en condici\u00f3n de invitado, realiz\u00f3 una intervenci\u00f3n precisa refiri\u00e9ndose a todo lo que desde el pueblo y la comunidad se puede aportar en materia de Soberan\u00eda Alimentaria, y lograr mayor producci\u00f3n y desde el control popular velar porque esas producciones lleguen al plato de que cada ciudadano.<\/span><\/p>\n<p><img loading=\"lazy\" decoding=\"async\" class=\" wp-image-5762 aligncenter\" src=\"https:\/\/www.radiomajaguabo.icrt.cu\/wp-content\/uploads\/2023\/11\/diputado-300x225.jpg\" alt=\"\" width=\"508\" height=\"381\" srcset=\"https:\/\/www.radiomajaguabo.icrt.cu\/wp-content\/uploads\/2023\/11\/diputado-300x225.jpg 300w, https:\/\/www.radiomajaguabo.icrt.cu\/wp-content\/uploads\/2023\/11\/diputado.jpg 640w\" sizes=\"auto, (max-width: 508px) 100vw, 508px\" \/><\/p>\n<div dir=\"auto\">En condici\u00f3n de invitado el Primer Secretario del Partido en el Municipio, Yusmaikel Valier Ram\u00edrez interviene en el marco de la Asamblea Municipal del Poder Popular de San Luis, que sesiona hoy desde el Cine Cuba de la localidad.<\/div>\n<div dir=\"auto\"><\/div>\n<div dir=\"auto\"><img loading=\"lazy\" decoding=\"async\" class=\" wp-image-5764 aligncenter\" src=\"https:\/\/www.radiomajaguabo.icrt.cu\/wp-content\/uploads\/2023\/11\/yusmaikel-300x250.jpg\" alt=\"\" width=\"525\" height=\"437\" srcset=\"https:\/\/www.radiomajaguabo.icrt.cu\/wp-content\/uploads\/2023\/11\/yusmaikel-300x250.jpg 300w, https:\/\/www.radiomajaguabo.icrt.cu\/wp-content\/uploads\/2023\/11\/yusmaikel.jpg 576w\" sizes=\"auto, (max-width: 525px) 100vw, 525px\" \/><\/div>\n<div dir=\"auto\"><\/div>\n<div dir=\"auto\">Su intervenci\u00f3n va dirigida a aspectos fundamentales:<\/div>\n<div dir=\"auto\">&#8211; Producir m\u00e1s alimentos es lo que permitir\u00e1 disminuir los altos precios en los mercados.<\/div>\n<div dir=\"auto\">&#8211; Hay que aprovechar las excelentes potencialidades productivas con que cuenta el territorio.<\/div>\n<div dir=\"auto\">&#8211; Todos debemos contribuir al control popular para evitar el desvio de los recursos.<\/div>\n<div dir=\"auto\">&#8211; Desde los Consejos Populares hay que continuar impulsando la producci\u00f3n de alimentos.<\/div>\n<div dir=\"auto\"><\/div>\n<div dir=\"auto\"><img loading=\"lazy\" decoding=\"async\" class=\" wp-image-5763 aligncenter\" src=\"https:\/\/www.radiomajaguabo.icrt.cu\/wp-content\/uploads\/2023\/11\/yazmin-300x208.jpg\" alt=\"\" width=\"546\" height=\"379\" srcset=\"https:\/\/www.radiomajaguabo.icrt.cu\/wp-content\/uploads\/2023\/11\/yazmin-300x208.jpg 300w, https:\/\/www.radiomajaguabo.icrt.cu\/wp-content\/uploads\/2023\/11\/yazmin-392x272.jpg 392w, https:\/\/www.radiomajaguabo.icrt.cu\/wp-content\/uploads\/2023\/11\/yazmin-130x90.jpg 130w, https:\/\/www.radiomajaguabo.icrt.cu\/wp-content\/uploads\/2023\/11\/yazmin.jpg 640w\" sizes=\"auto, (max-width: 546px) 100vw, 546px\" \/><\/div>\n<div dir=\"auto\">\n<div dir=\"auto\"><\/div>\n<div dir=\"auto\">La Presidenta de la Asamblea Municipal del Poder Popular de San Luis, Yasmin Tortoza S\u00e1nchez, convoca a los delegados junto al pueblo a contribuir a la jornada de esfuerzo decisivo para el cumplimiento de los compromisos propuestos para saludar el 65 aniversario de la Liberaci\u00f3n de San Luis y del Triunfo de la Revoluci\u00f3n, a participar en las jornadas de limpieza y adorno popular, la recogida de caf\u00e9, la movilizaci\u00f3n a la producci\u00f3n de alimentos y desde cada puesto laboral cumplir con disciplina el encargo estatal que le corresponde, trabajar m\u00e1s para seguir contribuyendo una mayor calidad de vida del sanluisero.<\/div>\n<div dir=\"auto\">Se refiri\u00f3 adem\u00e1s a la situaci\u00f3n que presenta hoy la distribuci\u00f3n de la canasta b\u00e1sica y cu\u00e1les son los factores que inciden.<\/div>\n<div dir=\"auto\">&#8211; En saludo al 8 de Diciembre se estar\u00e1 inaugurando en el Municipio, el nuevo hogar materno con capacidad para 70 camas.<\/div>\n<div dir=\"auto\">&#8211; El compromiso de la Asamblea es mantenernos firmes y responder al llamado de la Revoluci\u00f3n.<\/div>\n<div dir=\"auto\">&#8211; Vamos a cerrar el a\u00f1o 2033 a la altura de lo que nos pide el pueblo de San Luis.<\/div>\n<\/div>\n<p><span class=\"x193iq5w xeuugli x13faqbe x1vvkbs x1xmvt09 x1lliihq x1s928wv xhkezso x1gmr53x x1cpjm7i x1fgarty x1943h6x xudqn12 x3x7a5m x6prxxf xvq8zen xo1l8bm xzsf02u x1yc453h\" dir=\"auto\"> <a class=\"x1i10hfl xjbqb8w x6umtig x1b1mbwd xaqea5y xav7gou x9f619 x1ypdohk xt0psk2 xe8uvvx xdj266r x11i5rnm xat24cr x1mh8g0r xexx8yu x4uap5 x18d9i69 xkhd6sd x16tdsg8 x1hl2dhg xggy1nq x1a2a7pz xt0b8zv x1qq9wsj xo1l8bm\" tabindex=\"0\" role=\"link\" href=\"https:\/\/www.facebook.com\/hashtag\/santiagodecuba?__eep__=6&amp;__cft__[0]=AZXBtP2yIM2dh7TJT8abV7jFRj4mI0V4XXtnAyHX5gEZIEcSAiZJAZ1zgu_YYeOQUYmNehoNzb5SjrKVWXsxn6vhLm7vq16hOICC7_IStsb_k-AYSJgwThtyh2DMHVAhP9sYXMJw7BoyuU_mEoYhD2mnXjlb92dgHJo3G_p2pk6kgg&amp;__tn__=*NK-R\" target=\"_blank\" rel=\"noopener\">#SantiagodeCuba<\/a> <a class=\"x1i10hfl xjbqb8w x6umtig x1b1mbwd xaqea5y xav7gou x9f619 x1ypdohk xt0psk2 xe8uvvx xdj266r x11i5rnm xat24cr x1mh8g0r xexx8yu x4uap5 x18d9i69 xkhd6sd x16tdsg8 x1hl2dhg xggy1nq x1a2a7pz xt0b8zv x1qq9wsj xo1l8bm\" tabindex=\"0\" role=\"link\" href=\"https:\/\/www.facebook.com\/hashtag\/sanluis?__eep__=6&amp;__cft__[0]=AZXBtP2yIM2dh7TJT8abV7jFRj4mI0V4XXtnAyHX5gEZIEcSAiZJAZ1zgu_YYeOQUYmNehoNzb5SjrKVWXsxn6vhLm7vq16hOICC7_IStsb_k-AYSJgwThtyh2DMHVAhP9sYXMJw7BoyuU_mEoYhD2mnXjlb92dgHJo3G_p2pk6kgg&amp;__tn__=*NK-R\" target=\"_blank\" rel=\"noopener\">#SanLuis<\/a> <a class=\"x1i10hfl xjbqb8w x6umtig x1b1mbwd xaqea5y xav7gou x9f619 x1ypdohk xt0psk2 xe8uvvx xdj266r x11i5rnm xat24cr x1mh8g0r xexx8yu x4uap5 x18d9i69 xkhd6sd x16tdsg8 x1hl2dhg xggy1nq x1a2a7pz xt0b8zv x1qq9wsj xo1l8bm\" tabindex=\"0\" role=\"link\" href=\"https:\/\/www.facebook.com\/hashtag\/poderpopular?__eep__=6&amp;__cft__[0]=AZXBtP2yIM2dh7TJT8abV7jFRj4mI0V4XXtnAyHX5gEZIEcSAiZJAZ1zgu_YYeOQUYmNehoNzb5SjrKVWXsxn6vhLm7vq16hOICC7_IStsb_k-AYSJgwThtyh2DMHVAhP9sYXMJw7BoyuU_mEoYhD2mnXjlb92dgHJo3G_p2pk6kgg&amp;__tn__=*NK-R\" target=\"_blank\" rel=\"noopener\">#PoderPopular<\/a><\/span><\/p>\n","protected":false},"excerpt":{"rendered":"<p>San Luis, Santiago de Cuba, nov. 25, 23._ Hoy sesion\u00f3 desde el Cine Cuba de esta localidad la VIII Sesi\u00f3n<\/p>\n<div class='heateor_sss_sharing_container heateor_sss_vertical_sharing heateor_sss_bottom_sharing' style='width:44px;left: -10px;top: 100px;-webkit-box-shadow:none;box-shadow:none;' ><div class=\"heateor_sss_sharing_ul\"><a class=\"heateor_sss_amp heateor_sss_amp_facebook\" href=\"https:\/\/www.facebook.com\/sharer\/sharer.php?u=https%3A%2F%2Fwww.radiomajaguabo.icrt.cu%2Findex.php%3Frest_route%3D%252Fwp%252Fv2%252Fposts%252F5752\" title=\"Facebook\" rel=\"nofollow noopener\" target=\"_blank\"><amp-img src=\"https:\/\/www.radiomajaguabo.icrt.cu\/wp-content\/plugins\/sassy-social-share\/public\/..\/images\/amp\/facebook.svg\" width=\"40\" height=\"40\" alt=\"Facebook\" class=\"amp-wp-enforced-sizes\" style=\"width: 40px;\"><\/amp-img><\/a><a class=\"heateor_sss_amp heateor_sss_amp_linkedin\" href=\"https:\/\/www.linkedin.com\/sharing\/share-offsite\/?url=https%3A%2F%2Fwww.radiomajaguabo.icrt.cu%2Findex.php%3Frest_route%3D%252Fwp%252Fv2%252Fposts%252F5752\" title=\"Linkedin\" rel=\"nofollow noopener\" target=\"_blank\"><amp-img src=\"https:\/\/www.radiomajaguabo.icrt.cu\/wp-content\/plugins\/sassy-social-share\/public\/..\/images\/amp\/linkedin.svg\" width=\"40\" height=\"40\" alt=\"Linkedin\" class=\"amp-wp-enforced-sizes\" style=\"width: 40px;\"><\/amp-img><\/a><a class=\"heateor_sss_amp heateor_sss_amp_whatsapp\" href=\"https:\/\/api.whatsapp.com\/send?text=Radio%20Majaguabo%20-%20Emisora%20Radio%20Majaguabo%2C%20San%20Luis%2C%20Santiago%20de%20Cuba%2C%20Cuba%20https%3A%2F%2Fwww.radiomajaguabo.icrt.cu%2Findex.php%3Frest_route%3D%252Fwp%252Fv2%252Fposts%252F5752\" title=\"Whatsapp\" rel=\"nofollow noopener\" target=\"_blank\"><amp-img src=\"https:\/\/www.radiomajaguabo.icrt.cu\/wp-content\/plugins\/sassy-social-share\/public\/..\/images\/amp\/whatsapp.svg\" width=\"40\" height=\"40\" alt=\"Whatsapp\" class=\"amp-wp-enforced-sizes\" style=\"width: 40px;\"><\/amp-img><\/a><a class=\"heateor_sss_amp heateor_sss_amp_instagram\" href=\"https:\/\/www.instagram.com\/\" title=\"Instagram\" rel=\"nofollow noopener\" target=\"_blank\"><amp-img src=\"https:\/\/www.radiomajaguabo.icrt.cu\/wp-content\/plugins\/sassy-social-share\/public\/..\/images\/amp\/instagram.svg\" width=\"40\" height=\"40\" alt=\"Instagram\" class=\"amp-wp-enforced-sizes\" style=\"width: 40px;\"><\/amp-img><\/a><a class=\"heateor_sss_amp heateor_sss_amp_x\" href=\"https:\/\/twitter.com\/intent\/tweet?text=Radio%20Majaguabo%20-%20Emisora%20Radio%20Majaguabo%2C%20San%20Luis%2C%20Santiago%20de%20Cuba%2C%20Cuba&url=https%3A%2F%2Fwww.radiomajaguabo.icrt.cu%2Findex.php%3Frest_route%3D%252Fwp%252Fv2%252Fposts%252F5752\" title=\"X\" rel=\"nofollow noopener\" target=\"_blank\"><amp-img src=\"https:\/\/www.radiomajaguabo.icrt.cu\/wp-content\/plugins\/sassy-social-share\/public\/..\/images\/amp\/x.svg\" width=\"40\" height=\"40\" alt=\"X\" class=\"amp-wp-enforced-sizes\" style=\"width:40px;\"><\/amp-img><\/a><\/div><div class=\"heateorSssClear\"><\/div><\/div>","protected":false},"author":1,"featured_media":5759,"comment_status":"open","ping_status":"open","sticky":false,"template":"","format":"standard","meta":{"colormag_page_layout":"default_layout","footnotes":""},"categories":[8],"tags":[1734,131,717,304],"ppma_author":[37],"class_list":["post-5752","post","type-post","status-publish","format-standard","has-post-thumbnail","hentry","category-nacionales","tag-asamblea-municpal","tag-poder-popular","tag-produccion-de-alimentos","tag-san-luis"],"authors":[{"term_id":37,"user_id":1,"is_guest":0,"slug":"alberterie","display_name":"Administrador","avatar_url":"https:\/\/secure.gravatar.com\/avatar\/c7c20c93c5f4c81e7a7dc9b02a42095ae8875c9af446129683aaa06faf7fd1f3?s=96&d=mm&r=g","author_category":"","user_url":"https:\/\/www.radiomajaguabo.icrt.cu","last_name":"Alberterie Rivero","first_name":"Pedro","job_title":"","description":""}],"amp_enabled":true,"_links":{"self":[{"href":"https:\/\/www.radiomajaguabo.icrt.cu\/index.php?rest_route=\/wp\/v2\/posts\/5752","targetHints":{"allow":["GET"]}}],"collection":[{"href":"https:\/\/www.radiomajaguabo.icrt.cu\/index.php?rest_route=\/wp\/v2\/posts"}],"about":[{"href":"https:\/\/www.radiomajaguabo.icrt.cu\/index.php?rest_route=\/wp\/v2\/types\/post"}],"author":[{"embeddable":true,"href":"https:\/\/www.radiomajaguabo.icrt.cu\/index.php?rest_route=\/wp\/v2\/users\/1"}],"replies":[{"embeddable":true,"href":"https:\/\/www.radiomajaguabo.icrt.cu\/index.php?rest_route=%2Fwp%2Fv2%2Fcomments&post=5752"}],"version-history":[{"count":1,"href":"https:\/\/www.radiomajaguabo.icrt.cu\/index.php?rest_route=\/wp\/v2\/posts\/5752\/revisions"}],"predecessor-version":[{"id":5766,"href":"https:\/\/www.radiomajaguabo.icrt.cu\/index.php?rest_route=\/wp\/v2\/posts\/5752\/revisions\/5766"}],"wp:featuredmedia":[{"embeddable":true,"href":"https:\/\/www.radiomajaguabo.icrt.cu\/index.php?rest_route=\/wp\/v2\/media\/5759"}],"wp:attachment":[{"href":"https:\/\/www.radiomajaguabo.icrt.cu\/index.php?rest_route=%2Fwp%2Fv2%2Fmedia&parent=5752"}],"wp:term":[{"taxonomy":"category","embeddable":true,"href":"https:\/\/www.radiomajaguabo.icrt.cu\/index.php?rest_route=%2Fwp%2Fv2%2Fcategories&post=5752"},{"taxonomy":"post_tag","embeddable":true,"href":"https:\/\/www.radiomajaguabo.icrt.cu\/index.php?rest_route=%2Fwp%2Fv2%2Ftags&post=5752"},{"taxonomy":"author","embeddable":true,"href":"https:\/\/www.radiomajaguabo.icrt.cu\/index.php?rest_route=%2Fwp%2Fv2%2Fppma_author&post=5752"}],"curies":[{"name":"wp","href":"https:\/\/api.w.org\/{rel}","templated":true}]}}