{"id":5717,"date":"2023-11-24T14:34:25","date_gmt":"2023-11-24T14:34:25","guid":{"rendered":"https:\/\/www.radiomajaguabo.icrt.cu\/?p=5717"},"modified":"2023-11-24T14:50:15","modified_gmt":"2023-11-24T14:50:15","slug":"celebran-en-san-luis-asamblea-xi-congreso-de-la-federacion-de-mujeres-cubanas-fotosaudios","status":"publish","type":"post","link":"https:\/\/www.radiomajaguabo.icrt.cu\/?p=5717","title":{"rendered":"Celebran en San Luis Asamblea XI Congreso de la Federaci\u00f3n de Mujeres Cubanas (FOTOS+AUDIOS)"},"content":{"rendered":"<p><span class=\"x193iq5w xeuugli x13faqbe x1vvkbs x1xmvt09 x1lliihq x1s928wv xhkezso x1gmr53x x1cpjm7i x1fgarty x1943h6x xudqn12 x3x7a5m x6prxxf xvq8zen xo1l8bm xzsf02u x1yc453h\" dir=\"auto\"><strong>San Luis, santiago de Cuba, nov. 24, 23._<\/strong> Con sede en el Cine Cuba de la localidad, tuvo lugar la v\u00edspera la Asamblea XI Congreso de la Federaci\u00f3n de Mujeres Cubanas (FMC).<br \/>\n<\/span><!--more--><\/p>\n<p><span class=\"x193iq5w xeuugli x13faqbe x1vvkbs x1xmvt09 x1lliihq x1s928wv xhkezso x1gmr53x x1cpjm7i x1fgarty x1943h6x xudqn12 x3x7a5m x6prxxf xvq8zen xo1l8bm xzsf02u x1yc453h\" dir=\"auto\"> El evento se caracteriz\u00f3 por el fervor revolucionario acostumbrado. <\/span><\/p>\n<p><img loading=\"lazy\" decoding=\"async\" class=\" wp-image-5734 aligncenter\" src=\"https:\/\/www.radiomajaguabo.icrt.cu\/wp-content\/uploads\/2023\/11\/femc_yaumaris-300x218.jpg\" alt=\"\" width=\"501\" height=\"364\" srcset=\"https:\/\/www.radiomajaguabo.icrt.cu\/wp-content\/uploads\/2023\/11\/femc_yaumaris-300x218.jpg 300w, https:\/\/www.radiomajaguabo.icrt.cu\/wp-content\/uploads\/2023\/11\/femc_yaumaris.jpg 640w\" sizes=\"auto, (max-width: 501px) 100vw, 501px\" \/><\/p>\n<p><img loading=\"lazy\" decoding=\"async\" class=\" wp-image-5735 aligncenter\" src=\"https:\/\/www.radiomajaguabo.icrt.cu\/wp-content\/uploads\/2023\/11\/fmc_barbarita-286x300.jpg\" alt=\"\" width=\"502\" height=\"527\" srcset=\"https:\/\/www.radiomajaguabo.icrt.cu\/wp-content\/uploads\/2023\/11\/fmc_barbarita-286x300.jpg 286w, https:\/\/www.radiomajaguabo.icrt.cu\/wp-content\/uploads\/2023\/11\/fmc_barbarita.jpg 480w\" sizes=\"auto, (max-width: 502px) 100vw, 502px\" \/><\/p>\n<p><img loading=\"lazy\" decoding=\"async\" class=\" wp-image-5736 aligncenter\" src=\"https:\/\/www.radiomajaguabo.icrt.cu\/wp-content\/uploads\/2023\/11\/fmc_damaris-300x225.jpg\" alt=\"\" width=\"500\" height=\"375\" srcset=\"https:\/\/www.radiomajaguabo.icrt.cu\/wp-content\/uploads\/2023\/11\/fmc_damaris-300x225.jpg 300w, https:\/\/www.radiomajaguabo.icrt.cu\/wp-content\/uploads\/2023\/11\/fmc_damaris.jpg 640w\" sizes=\"auto, (max-width: 500px) 100vw, 500px\" \/><\/p>\n<p><img loading=\"lazy\" decoding=\"async\" class=\" wp-image-5737 aligncenter\" src=\"https:\/\/www.radiomajaguabo.icrt.cu\/wp-content\/uploads\/2023\/11\/fmc_preisdenta-300x300.jpg\" alt=\"\" width=\"500\" height=\"500\" srcset=\"https:\/\/www.radiomajaguabo.icrt.cu\/wp-content\/uploads\/2023\/11\/fmc_preisdenta-300x300.jpg 300w, https:\/\/www.radiomajaguabo.icrt.cu\/wp-content\/uploads\/2023\/11\/fmc_preisdenta-150x150.jpg 150w, https:\/\/www.radiomajaguabo.icrt.cu\/wp-content\/uploads\/2023\/11\/fmc_preisdenta.jpg 481w\" sizes=\"auto, (max-width: 500px) 100vw, 500px\" \/><\/p>\n<p><img loading=\"lazy\" decoding=\"async\" class=\" wp-image-5738 aligncenter\" src=\"https:\/\/www.radiomajaguabo.icrt.cu\/wp-content\/uploads\/2023\/11\/fmc_varias-300x300.jpg\" alt=\"\" width=\"502\" height=\"502\" srcset=\"https:\/\/www.radiomajaguabo.icrt.cu\/wp-content\/uploads\/2023\/11\/fmc_varias-300x300.jpg 300w, https:\/\/www.radiomajaguabo.icrt.cu\/wp-content\/uploads\/2023\/11\/fmc_varias-150x150.jpg 150w, https:\/\/www.radiomajaguabo.icrt.cu\/wp-content\/uploads\/2023\/11\/fmc_varias.jpg 480w\" sizes=\"auto, (max-width: 502px) 100vw, 502px\" \/><\/p>\n<p><img loading=\"lazy\" decoding=\"async\" class=\" wp-image-5739 aligncenter\" src=\"https:\/\/www.radiomajaguabo.icrt.cu\/wp-content\/uploads\/2023\/11\/fmc_varias2-300x174.jpg\" alt=\"\" width=\"500\" height=\"290\" srcset=\"https:\/\/www.radiomajaguabo.icrt.cu\/wp-content\/uploads\/2023\/11\/fmc_varias2-300x174.jpg 300w, https:\/\/www.radiomajaguabo.icrt.cu\/wp-content\/uploads\/2023\/11\/fmc_varias2.jpg 640w\" sizes=\"auto, (max-width: 500px) 100vw, 500px\" \/><\/p>\n<p><img loading=\"lazy\" decoding=\"async\" class=\" wp-image-5740 aligncenter\" src=\"https:\/\/www.radiomajaguabo.icrt.cu\/wp-content\/uploads\/2023\/11\/fmc_varias3-300x225.jpg\" alt=\"\" width=\"504\" height=\"378\" srcset=\"https:\/\/www.radiomajaguabo.icrt.cu\/wp-content\/uploads\/2023\/11\/fmc_varias3-300x225.jpg 300w, https:\/\/www.radiomajaguabo.icrt.cu\/wp-content\/uploads\/2023\/11\/fmc_varias3.jpg 640w\" sizes=\"auto, (max-width: 504px) 100vw, 504px\" \/><\/p>\n<p><img loading=\"lazy\" decoding=\"async\" class=\" wp-image-5741 aligncenter\" src=\"https:\/\/www.radiomajaguabo.icrt.cu\/wp-content\/uploads\/2023\/11\/fmc_varias4-300x225.jpg\" alt=\"\" width=\"501\" height=\"376\" srcset=\"https:\/\/www.radiomajaguabo.icrt.cu\/wp-content\/uploads\/2023\/11\/fmc_varias4-300x225.jpg 300w, https:\/\/www.radiomajaguabo.icrt.cu\/wp-content\/uploads\/2023\/11\/fmc_varias4.jpg 640w\" sizes=\"auto, (max-width: 501px) 100vw, 501px\" \/><\/p>\n<p><img loading=\"lazy\" decoding=\"async\" class=\" wp-image-5742 aligncenter\" src=\"https:\/\/www.radiomajaguabo.icrt.cu\/wp-content\/uploads\/2023\/11\/fmc_varias5-300x225.jpg\" alt=\"\" width=\"500\" height=\"375\" srcset=\"https:\/\/www.radiomajaguabo.icrt.cu\/wp-content\/uploads\/2023\/11\/fmc_varias5-300x225.jpg 300w, https:\/\/www.radiomajaguabo.icrt.cu\/wp-content\/uploads\/2023\/11\/fmc_varias5.jpg 640w\" sizes=\"auto, (max-width: 500px) 100vw, 500px\" \/><\/p>\n<p><span class=\"x193iq5w xeuugli x13faqbe x1vvkbs x1xmvt09 x1lliihq x1s928wv xhkezso x1gmr53x x1cpjm7i x1fgarty x1943h6x xudqn12 x3x7a5m x6prxxf xvq8zen xo1l8bm xzsf02u x1yc453h\" dir=\"auto\">Presidieron la asamblea Zaida Correa Guti\u00e9rrez, Miembro del Bur\u00f3 Provincial del Partido, Yusmaikel Valier Ram\u00edrez, Primer Secretario del Partido en el Municipio, Yaneidis P\u00e9rez Cruz, Miembro del Secretariado Nacional de la FMC, Elena Castillo Rodr\u00edguez, Secretaria General de la Federaci\u00f3n en la Provincia, Yasmin Tortoza S\u00e1nchez, Presidenta de la Asamblea Municipal del Poder Popular aqu\u00ed, Leyanis Maturell Zapata, Secretaria en Funciones de la FMC en el municipio, representantes de las Organizaciones Pol\u00edticas y de Masas del territorio, Directores de Organismos e Instituciones, invitados y delegadas. <\/span><\/p>\n<p><span class=\"x193iq5w xeuugli x13faqbe x1vvkbs x1xmvt09 x1lliihq x1s928wv xhkezso x1gmr53x x1cpjm7i x1fgarty x1943h6x xudqn12 x3x7a5m x6prxxf xvq8zen xo1l8bm xzsf02u x1yc453h\" dir=\"auto\">Se ley\u00f3 un Informe Central el cual recoge el trabajo desarrollado por la organizaci\u00f3n en esta etapa, as\u00ed como el tratamiento a tres temas esenciales: funcionamiento integral de la organizaci\u00f3n y atenci\u00f3n a las j\u00f3venes, la prevenci\u00f3n y el embarazo en la adolescencia y el papel de la mujer en la producci\u00f3n de alimentos. <\/span><\/p>\n<audio class=\"wp-audio-shortcode\" id=\"audio-5717-1\" preload=\"none\" style=\"width: 100%;\" controls=\"controls\"><source type=\"audio\/mpeg\" src=\"https:\/\/www.radiomajaguabo.icrt.cu\/wp-content\/uploads\/2023\/11\/baby_asamblea_fmc1.mp3?_=1\" \/><a href=\"https:\/\/www.radiomajaguabo.icrt.cu\/wp-content\/uploads\/2023\/11\/baby_asamblea_fmc1.mp3\">https:\/\/www.radiomajaguabo.icrt.cu\/wp-content\/uploads\/2023\/11\/baby_asamblea_fmc1.mp3<\/a><\/audio>\n<audio class=\"wp-audio-shortcode\" id=\"audio-5717-2\" preload=\"none\" style=\"width: 100%;\" controls=\"controls\"><source type=\"audio\/mpeg\" src=\"https:\/\/www.radiomajaguabo.icrt.cu\/wp-content\/uploads\/2023\/11\/baby_asamblea_fmc2.mp3?_=2\" \/><a href=\"https:\/\/www.radiomajaguabo.icrt.cu\/wp-content\/uploads\/2023\/11\/baby_asamblea_fmc2.mp3\">https:\/\/www.radiomajaguabo.icrt.cu\/wp-content\/uploads\/2023\/11\/baby_asamblea_fmc2.mp3<\/a><\/audio>\n<p>&nbsp;<\/p>\n<p><span class=\"x193iq5w xeuugli x13faqbe x1vvkbs x1xmvt09 x1lliihq x1s928wv xhkezso x1gmr53x x1cpjm7i x1fgarty x1943h6x xudqn12 x3x7a5m x6prxxf xvq8zen xo1l8bm xzsf02u x1yc453h\" dir=\"auto\">Se present\u00f3 al nuevo Comit\u00e9 Municipal de la Federaci\u00f3n de Mujeres Cubanas de San Luis, donde se ratific\u00f3 como Secretaria de la FMC en el territorio a Yaniset Venegas Frometa, quien se encuentra en un curso de superaci\u00f3n en la Escuela \u00d1ico L\u00f3pez. <\/span><\/p>\n<p><img loading=\"lazy\" decoding=\"async\" class=\" wp-image-5748 aligncenter\" src=\"https:\/\/www.radiomajaguabo.icrt.cu\/wp-content\/uploads\/2023\/11\/ejecutivo_fmc1-300x225.jpg\" alt=\"\" width=\"505\" height=\"379\" srcset=\"https:\/\/www.radiomajaguabo.icrt.cu\/wp-content\/uploads\/2023\/11\/ejecutivo_fmc1-300x225.jpg 300w, https:\/\/www.radiomajaguabo.icrt.cu\/wp-content\/uploads\/2023\/11\/ejecutivo_fmc1.jpg 640w\" sizes=\"auto, (max-width: 505px) 100vw, 505px\" \/><\/p>\n<p><span class=\"x193iq5w xeuugli x13faqbe x1vvkbs x1xmvt09 x1lliihq x1s928wv xhkezso x1gmr53x x1cpjm7i x1fgarty x1943h6x xudqn12 x3x7a5m x6prxxf xvq8zen xo1l8bm xzsf02u x1yc453h\" dir=\"auto\"><a class=\"x1i10hfl xjbqb8w x6umtig x1b1mbwd xaqea5y xav7gou x9f619 x1ypdohk xt0psk2 xe8uvvx xdj266r x11i5rnm xat24cr x1mh8g0r xexx8yu x4uap5 x18d9i69 xkhd6sd x16tdsg8 x1hl2dhg xggy1nq x1a2a7pz xt0b8zv x1qq9wsj xo1l8bm\" tabindex=\"0\" role=\"link\" href=\"https:\/\/www.facebook.com\/hashtag\/santiagodecuba?__eep__=6&amp;__cft__[0]=AZXoAfZ9xDykhCpFeikALtTfk45b3BVJJtsL7G9M7NpUsS8CgsM9y6bWj7vAqX5Dek8d3UpcKoNnqbGnIpDQbtOKlRSCytrYEtO9ZoMV0l7KY9HJkfoDhR44Tf50e1BtTE_MloZ9qWg2CBQosspuyvNdWhU-vvIdFxBPG9KAr97abQ&amp;__tn__=*NK-R\" target=\"_blank\" rel=\"noopener\">#SantiagodeCuba<\/a> <a class=\"x1i10hfl xjbqb8w x6umtig x1b1mbwd xaqea5y xav7gou x9f619 x1ypdohk xt0psk2 xe8uvvx xdj266r x11i5rnm xat24cr x1mh8g0r xexx8yu x4uap5 x18d9i69 xkhd6sd x16tdsg8 x1hl2dhg xggy1nq x1a2a7pz xt0b8zv x1qq9wsj xo1l8bm\" tabindex=\"0\" role=\"link\" href=\"https:\/\/www.facebook.com\/hashtag\/sanluis?__eep__=6&amp;__cft__[0]=AZXoAfZ9xDykhCpFeikALtTfk45b3BVJJtsL7G9M7NpUsS8CgsM9y6bWj7vAqX5Dek8d3UpcKoNnqbGnIpDQbtOKlRSCytrYEtO9ZoMV0l7KY9HJkfoDhR44Tf50e1BtTE_MloZ9qWg2CBQosspuyvNdWhU-vvIdFxBPG9KAr97abQ&amp;__tn__=*NK-R\" target=\"_blank\" rel=\"noopener\">#SanLuis<\/a> <a class=\"x1i10hfl xjbqb8w x6umtig x1b1mbwd xaqea5y xav7gou x9f619 x1ypdohk xt0psk2 xe8uvvx xdj266r x11i5rnm xat24cr x1mh8g0r xexx8yu x4uap5 x18d9i69 xkhd6sd x16tdsg8 x1hl2dhg xggy1nq x1a2a7pz xt0b8zv x1qq9wsj xo1l8bm\" tabindex=\"0\" role=\"link\" href=\"https:\/\/www.facebook.com\/hashtag\/tierradelosmaceo?__eep__=6&amp;__cft__[0]=AZXoAfZ9xDykhCpFeikALtTfk45b3BVJJtsL7G9M7NpUsS8CgsM9y6bWj7vAqX5Dek8d3UpcKoNnqbGnIpDQbtOKlRSCytrYEtO9ZoMV0l7KY9HJkfoDhR44Tf50e1BtTE_MloZ9qWg2CBQosspuyvNdWhU-vvIdFxBPG9KAr97abQ&amp;__tn__=*NK-R\" target=\"_blank\" rel=\"noopener\">#TierraDeLosMaceo<\/a><\/span><\/p>\n<p>&nbsp;<\/p>\n<p>&nbsp;<\/p>\n<p>&nbsp;<\/p>\n","protected":false},"excerpt":{"rendered":"<p>San Luis, santiago de Cuba, nov. 24, 23._ Con sede en el Cine Cuba de la localidad, tuvo lugar la<\/p>\n<div class='heateor_sss_sharing_container heateor_sss_vertical_sharing heateor_sss_bottom_sharing' style='width:44px;left: -10px;top: 100px;-webkit-box-shadow:none;box-shadow:none;' ><div class=\"heateor_sss_sharing_ul\"><a class=\"heateor_sss_amp heateor_sss_amp_facebook\" href=\"https:\/\/www.facebook.com\/sharer\/sharer.php?u=https%3A%2F%2Fwww.radiomajaguabo.icrt.cu%2Findex.php%3Frest_route%3D%252Fwp%252Fv2%252Fposts%252F5717\" title=\"Facebook\" rel=\"nofollow noopener\" target=\"_blank\"><amp-img src=\"https:\/\/www.radiomajaguabo.icrt.cu\/wp-content\/plugins\/sassy-social-share\/public\/..\/images\/amp\/facebook.svg\" width=\"40\" height=\"40\" alt=\"Facebook\" class=\"amp-wp-enforced-sizes\" style=\"width: 40px;\"><\/amp-img><\/a><a class=\"heateor_sss_amp heateor_sss_amp_linkedin\" href=\"https:\/\/www.linkedin.com\/sharing\/share-offsite\/?url=https%3A%2F%2Fwww.radiomajaguabo.icrt.cu%2Findex.php%3Frest_route%3D%252Fwp%252Fv2%252Fposts%252F5717\" title=\"Linkedin\" rel=\"nofollow noopener\" target=\"_blank\"><amp-img src=\"https:\/\/www.radiomajaguabo.icrt.cu\/wp-content\/plugins\/sassy-social-share\/public\/..\/images\/amp\/linkedin.svg\" width=\"40\" height=\"40\" alt=\"Linkedin\" class=\"amp-wp-enforced-sizes\" style=\"width: 40px;\"><\/amp-img><\/a><a class=\"heateor_sss_amp heateor_sss_amp_whatsapp\" href=\"https:\/\/api.whatsapp.com\/send?text=Radio%20Majaguabo%20-%20Emisora%20Radio%20Majaguabo%2C%20San%20Luis%2C%20Santiago%20de%20Cuba%2C%20Cuba%20https%3A%2F%2Fwww.radiomajaguabo.icrt.cu%2Findex.php%3Frest_route%3D%252Fwp%252Fv2%252Fposts%252F5717\" title=\"Whatsapp\" rel=\"nofollow noopener\" target=\"_blank\"><amp-img src=\"https:\/\/www.radiomajaguabo.icrt.cu\/wp-content\/plugins\/sassy-social-share\/public\/..\/images\/amp\/whatsapp.svg\" width=\"40\" height=\"40\" alt=\"Whatsapp\" class=\"amp-wp-enforced-sizes\" style=\"width: 40px;\"><\/amp-img><\/a><a class=\"heateor_sss_amp heateor_sss_amp_instagram\" href=\"https:\/\/www.instagram.com\/\" title=\"Instagram\" rel=\"nofollow noopener\" target=\"_blank\"><amp-img src=\"https:\/\/www.radiomajaguabo.icrt.cu\/wp-content\/plugins\/sassy-social-share\/public\/..\/images\/amp\/instagram.svg\" width=\"40\" height=\"40\" alt=\"Instagram\" class=\"amp-wp-enforced-sizes\" style=\"width: 40px;\"><\/amp-img><\/a><a class=\"heateor_sss_amp heateor_sss_amp_x\" href=\"https:\/\/twitter.com\/intent\/tweet?text=Radio%20Majaguabo%20-%20Emisora%20Radio%20Majaguabo%2C%20San%20Luis%2C%20Santiago%20de%20Cuba%2C%20Cuba&url=https%3A%2F%2Fwww.radiomajaguabo.icrt.cu%2Findex.php%3Frest_route%3D%252Fwp%252Fv2%252Fposts%252F5717\" title=\"X\" rel=\"nofollow noopener\" target=\"_blank\"><amp-img src=\"https:\/\/www.radiomajaguabo.icrt.cu\/wp-content\/plugins\/sassy-social-share\/public\/..\/images\/amp\/x.svg\" width=\"40\" height=\"40\" alt=\"X\" class=\"amp-wp-enforced-sizes\" style=\"width:40px;\"><\/amp-img><\/a><\/div><div class=\"heateorSssClear\"><\/div><\/div>","protected":false},"author":1,"featured_media":5742,"comment_status":"open","ping_status":"open","sticky":false,"template":"","format":"standard","meta":{"colormag_page_layout":"default_layout","footnotes":""},"categories":[6,9,10],"tags":[1697,1731,600,844,304],"ppma_author":[37,309],"class_list":["post-5717","post","type-post","status-publish","format-standard","has-post-thumbnail","hentry","category-cultura","category-historia","category-san-luis","tag-asamblea-xi-congreso","tag-federacion","tag-fmc","tag-mujeres","tag-san-luis"],"authors":[{"term_id":37,"user_id":1,"is_guest":0,"slug":"alberterie","display_name":"Administrador","avatar_url":"https:\/\/secure.gravatar.com\/avatar\/c7c20c93c5f4c81e7a7dc9b02a42095ae8875c9af446129683aaa06faf7fd1f3?s=96&d=mm&r=g","author_category":"","user_url":"https:\/\/www.radiomajaguabo.icrt.cu","last_name":"Alberterie Rivero","first_name":"Pedro","job_title":"","description":""},{"term_id":309,"user_id":5,"is_guest":0,"slug":"barbara","display_name":"Barbara Vila Falc\u00f3n","avatar_url":"https:\/\/secure.gravatar.com\/avatar\/166cfc6b0e4818846bdbe2a3a669bb229e3e16837a966d98ecbf03b27993f4c2?s=96&d=mm&r=g","author_category":"","user_url":"","last_name":"Vila Falc\u00f3n","first_name":"Barbara","job_title":"","description":""}],"amp_enabled":true,"_links":{"self":[{"href":"https:\/\/www.radiomajaguabo.icrt.cu\/index.php?rest_route=\/wp\/v2\/posts\/5717","targetHints":{"allow":["GET"]}}],"collection":[{"href":"https:\/\/www.radiomajaguabo.icrt.cu\/index.php?rest_route=\/wp\/v2\/posts"}],"about":[{"href":"https:\/\/www.radiomajaguabo.icrt.cu\/index.php?rest_route=\/wp\/v2\/types\/post"}],"author":[{"embeddable":true,"href":"https:\/\/www.radiomajaguabo.icrt.cu\/index.php?rest_route=\/wp\/v2\/users\/1"}],"replies":[{"embeddable":true,"href":"https:\/\/www.radiomajaguabo.icrt.cu\/index.php?rest_route=%2Fwp%2Fv2%2Fcomments&post=5717"}],"version-history":[{"count":4,"href":"https:\/\/www.radiomajaguabo.icrt.cu\/index.php?rest_route=\/wp\/v2\/posts\/5717\/revisions"}],"predecessor-version":[{"id":5746,"href":"https:\/\/www.radiomajaguabo.icrt.cu\/index.php?rest_route=\/wp\/v2\/posts\/5717\/revisions\/5746"}],"wp:featuredmedia":[{"embeddable":true,"href":"https:\/\/www.radiomajaguabo.icrt.cu\/index.php?rest_route=\/wp\/v2\/media\/5742"}],"wp:attachment":[{"href":"https:\/\/www.radiomajaguabo.icrt.cu\/index.php?rest_route=%2Fwp%2Fv2%2Fmedia&parent=5717"}],"wp:term":[{"taxonomy":"category","embeddable":true,"href":"https:\/\/www.radiomajaguabo.icrt.cu\/index.php?rest_route=%2Fwp%2Fv2%2Fcategories&post=5717"},{"taxonomy":"post_tag","embeddable":true,"href":"https:\/\/www.radiomajaguabo.icrt.cu\/index.php?rest_route=%2Fwp%2Fv2%2Ftags&post=5717"},{"taxonomy":"author","embeddable":true,"href":"https:\/\/www.radiomajaguabo.icrt.cu\/index.php?rest_route=%2Fwp%2Fv2%2Fppma_author&post=5717"}],"curies":[{"name":"wp","href":"https:\/\/api.w.org\/{rel}","templated":true}]}}