{"id":5488,"date":"2023-11-03T23:36:51","date_gmt":"2023-11-03T23:36:51","guid":{"rendered":"https:\/\/www.radiomajaguabo.icrt.cu\/?p=5488"},"modified":"2023-11-03T23:36:51","modified_gmt":"2023-11-03T23:36:51","slug":"asiste-diaz-canel-a-xi-congreso-de-los-periodistas-cubanos","status":"publish","type":"post","link":"https:\/\/www.radiomajaguabo.icrt.cu\/?p=5488","title":{"rendered":"Asiste D\u00edaz-Canel a XI Congreso de los periodistas cubanos"},"content":{"rendered":"<header class=\"g-story-header\">\n<div class=\"g-story-meta\">\n<p class=\"g-story-description\">Con la presencia del Primer Secretario del Comit\u00e9 Central del Partido Comunista de Cuba y Presidente de la Rep\u00fablica, Miguel D\u00edaz-Canel Berm\u00fadez, inici\u00f3 la \u00faltima jornada del XI Congreso de la Uni\u00f3n de Periodistas de Cuba<\/p>\n<div class=\"g-story-meta-footer\">\n<p><span class=\"g-story-author\">Autor: <a title=\"M\u00e1s art\u00edculos de Susana Ant\u00f3n Rodriguez\" href=\"https:\/\/www.granma.cu\/archivo?a=3927\" rel=\"author noopener\" target=\"_blank\"><span class=\"byline-author\">Susana Ant\u00f3n Rodriguez<\/span><\/a> | <a title=\"Escribir a Susana Ant\u00f3n Rodriguez\" href=\"mailto:susana@granma.cu\">susana@granma.cu<\/a><\/span><\/p>\n<p><time class=\"dateline\" datetime=\"2023-11-03 08:11:40\">3 de noviembre de 2023 08:11:40<\/time><\/p>\n<\/div>\n<\/div>\n<\/header>\n<div class=\"story-body-textt story-content\">\n<p>Con la presencia del Primer Secretario del Comit\u00e9 Central del Partido Comunista de Cuba y Presidente de la Rep\u00fablica, Miguel D\u00edaz-Canel Berm\u00fadez, inici\u00f3 la \u00faltima jornada del XI Congreso de la Uni\u00f3n de Periodistas de Cuba (UPEC).<\/p>\n<p>En la cita, a la que tambi\u00e9n asiste el miembro del Bur\u00f3 Pol\u00edtico y Secretario de organizaci\u00f3n, Roberto Morales Ojeda; el miembro del Secretariado del Comit\u00e9 Central y jefe de su Departamento Ideol\u00f3gico, Rogelio Polanco Fuentes, y la vice primera ministra, In\u00e9s Mar\u00eda Chapman, se debate sobre la transformaci\u00f3n del modelo de prensa en Cuba.<\/p>\n<p>\u00bfPor qu\u00e9 es importante un nuevo modelo de gesti\u00f3n de prensa? Al presentar la ponencia, Ricardo Ronquillo Bello destac\u00f3 que en sus antecedentes, se evalu\u00f3 la concordancia entre las preocupaciones que est\u00e1n a nivel pol\u00edtico y profesional.<\/p>\n<p>Desde el \u00faltimo Congreso \u2013hace cinco a\u00f1os\u2013 precis\u00f3, ha cambiado sustancialmente la situaci\u00f3n, insistiendo en la idea de que en este periodo se han creado las bases pol\u00edticas, legales e institucionales para la Transformaci\u00f3n, \u00abpero tener una Ley de Comunicaci\u00f3n no resuelve por s\u00ed mismo los problemas de nuestro modelo de prensa\u00bb.<\/p>\n<p>Sobre la legitimidad, en un contexto donde han cambiado las reglas de la comunicaci\u00f3n, resalt\u00f3 se necesita que nuestros medios cuenten con la mayor autoridad y cr\u00e9dito entre la ciudadan\u00eda.<\/p>\n<p>\u00abQue el sistema de medios p\u00fablicos de la Revoluci\u00f3n sean esenciales para el pueblo hay que pelearlo todos los d\u00edas desde las propias agendas y en la misma medida en que est\u00e9n conectados con sus audiencias\u00bb, signific\u00f3.<\/p>\n<p>El experimento, dijo, no es una propuesta vertical, crea un marco com\u00fan para que cada medio dise\u00f1ara su propio proyecto de cambio desde la discusi\u00f3n colectiva de sus profesionales y del liderazgo de sus directivos.<\/p>\n<p>Por otra parte, Jorge Lega\u00f1oa coment\u00f3 sobre la ruta para la transformaci\u00f3n editorial de los medios de comunicaci\u00f3n nacional y otras cuestiones asociadas a la credibilidad, analizada desde la ciencia.<\/p>\n<p>\u00bfSomos cre\u00edbles ante una audiencia fragmentada de informaci\u00f3n?, inquiri\u00f3. El sistema medi\u00e1tico cubano, resalt\u00f3, a\u00fan no ha perdido la hegemon\u00eda de la comunicaci\u00f3n.<\/p>\n<p>Destac\u00f3 que a pesar de la impronta de los medios que han apostado a la transformaci\u00f3n, son comunes elementos en la arquitectura que se busca para la gesti\u00f3n editorial.<\/p>\n<p>Entre ellos, mencion\u00f3 el transitar del esquema tradicional de medio de comunicaci\u00f3n a multimedio, complementariedad entre la gesti\u00f3n editorial y econ\u00f3mica orientada al cumplimiento de la funci\u00f3n social clave del medio, construcci\u00f3n de una agenda medi\u00e1tica cercana a los p\u00fablicos y transformar las organizaciones en f\u00e1brica de contenidos desde lo informativo, la investigaci\u00f3n y lo l\u00fadico, entre otros.<\/p>\n<p>\u00abToca usar las herramientas y proponer los imprescindibles cambios para la transformaci\u00f3n del sistema de medios del pa\u00eds\u00bb, precis\u00f3.<\/p>\n<p><strong>DEBATE NECESARIO<\/strong><br \/>\nLa Dra. Ana Teresa Bad\u00eda se\u00f1al\u00f3 que existen dos problemas a solucionar de forma inmediata: el acceso a la fuente y la comunicaci\u00f3n pol\u00edtica que estamos haciendo, agregando que tenemos que seguir adapt\u00e1ndonos a la convergencia medi\u00e1tica, asumiendo agendas propias con un car\u00e1cter m\u00e1s proactivo.<br \/>\nPrecis\u00f3 que existe una fragmentaci\u00f3n de las informaciones y resalt\u00f3 la necesidad de buscar la necesidad de incrementar la participaci\u00f3n de los ciudadanos en la gesti\u00f3n de contenidos.<br \/>\nEl periodista V\u00edctor Hugo Leyva ponder\u00f3 que la comunicaci\u00f3n sea un pilar del Gobierno, pero todos deben entender la importancia de ello en lo local, a\u00f1adiendo que lo que ha salvado a esta profesi\u00f3n es el compromiso.<br \/>\nEl profesor de la Facultad de Comunicaci\u00f3n, Cristian Rodr\u00edguez, se\u00f1al\u00f3 que en 2022 solo 162 aspiraban a entrar en el Colegio Universitario y una vez finalizado, solo 33 entrar\u00e1n a la carrera. Hay una alta cifra de bajas en el colegio por no cumplir con los requisitos establecidos, ante lo cual solicit\u00f3, entre otras cuestiones, redise\u00f1ar el programa.<\/p>\n<p>La periodista Yeil\u00e9n Delgado expres\u00f3 que nuestro problema est\u00e1 en hacer sostenible esa adrenalina con la que hacemos coberturas excepcionales, o desterrar esas entregas insulsas que terminan por pesar m\u00e1s que nuestras luces. \u00abEs muy dif\u00edcil lograrlo con redacciones casi vac\u00edas, porque a quienes nos quedamos nos aplastan la multiplicaci\u00f3n de funciones y, es preciso reconocerlo, cierto desaliento\u00bb.<\/p>\n<p>Agreg\u00f3 que el tema del salario pesa en que los periodistas abandonen las redacciones; la necesidad de hacer pluriempleo para sobrevivir, nos pone en desventaja a todos los medios, pero en especial a los que suponen un diarismo constante y que tienen un peso pol\u00edtico insoslayable; muchos periodistas se van buscando un trabajo m\u00e1s flexible. La sobrecarga de los reporteros, cuando hay pocos periodistas, acelera ese proceso.<\/p>\n<p>Otros temas centraron la atenci\u00f3n a los jubilados del sistema de la prensa, la necesidad de una profesionalizaci\u00f3n en el sector, el papel de los estudiantes de periodismo en la transformaci\u00f3n, la disposici\u00f3n de la fuente a dar informaci\u00f3n y la reproducci\u00f3n de estereotipos en nuestros medios.<\/p>\n<p><strong>D\u00cdAZ-CANEL: SIN UNA PRENSA CR\u00cdTICA NO ES POSIBLE LA REVOLUCI\u00d3N<\/strong><\/p>\n<p>En el Partido y Gobierno hay un aliado para defender lo discutido en el XI Congreso de la\u00a0 UPEC, afirm\u00f3 el Primer Secretario del Comit\u00e9 Central del Partido y Presidente de la Rep\u00fablica, Miguel D\u00edaz-Canel Berm\u00fadez, a los periodistas e invitados presentes en la cita.<\/p>\n<p>Resalt\u00f3 que la comunicaci\u00f3n es una prioridad y resulta fundamental pues \u00absin una prensa cr\u00edtica, una comunicaci\u00f3n pol\u00edtica, transparente, eficiente y orientadora, sin un periodismo comprometido y exigente no es posible la Revoluci\u00f3n\u00bb.<\/p>\n<p>Con el aporte del Congreso, dijo, aseguramos que la Revoluci\u00f3n est\u00e1 y estar\u00e1 bien defendida.<\/p>\n<p>El mandatario cubano precis\u00f3 que el principal m\u00e9rito de la direcci\u00f3n saliente de la UPEC es trabajar en proyectos claves de periodismo revolucionario y con esa b\u00fasqueda, se\u00f1al\u00f3, se han ayudado ustedes y a nosotros. \u00abTodas las batallas importantes se han ganado con la prensa\u00bb.<\/p>\n<p>Destac\u00f3 que al Comandante en Jefe Fidel Castro Ruz, como gran comunicador que fue, lo multiplica cada d\u00eda el pueblo cubano, del cual sacamos el compromiso para seguir batallando y buscando el perfeccionamiento de nuestra sociedad.<\/p>\n<p>De los debates del Congreso, precis\u00f3 se han dado propuestas y soluciones en beneficio del gremio, resaltando que nuestro periodismo debe ser \u00e9tico y revolucionario, que defienda la obra de Revoluci\u00f3n, cumpla con la funci\u00f3n de informar a la poblaci\u00f3n, que eduque y sea bello como el de Mart\u00ed y desafiante e iluminador como el de los tantos profesionales que ha tenido Cuba.<\/p>\n<p>El empe\u00f1o \u2013dijo\u2013 es que no se pierda la unidad, fundamentalmente para una naci\u00f3n que es asediada y en medio de ello, se han abierto luces y promovido cambios constitucionales que se deben aprovechar.<\/p>\n<p>El mandatario reafirm\u00f3 su confianza en los periodistas como compa\u00f1eros de viaje que empujan y quieren lo mejor para el pa\u00eds.<\/p>\n<p>(Noticia en construcci\u00f3n)<\/p>\n<figure id=\"ri_415603\" class=\"g-story-body-photo g-story-body-full related-image\" data-media-action=\"modal\">\n<div class=\"image\"><img decoding=\"async\" class=\"media-viewer-candidate\" src=\"https:\/\/www.granma.cu\/file\/img\/2023\/11\/medium\/f0415603.jpg\" alt=\"\" \/><\/div><figcaption class=\"g-story-media-caption\"><strong>Foto: <\/strong><span class=\"credit\">Juvenal Bal\u00e1n<\/span><\/figcaption><\/figure>\n<figure id=\"ri_415602\" class=\"g-story-body-photo g-story-body-full related-image\" data-media-action=\"modal\">\n<div class=\"image\"><img decoding=\"async\" class=\"media-viewer-candidate\" src=\"https:\/\/www.granma.cu\/file\/img\/2023\/11\/medium\/f0415602.jpg\" alt=\"\" \/><\/div><figcaption class=\"g-story-media-caption\"><strong>Foto: <\/strong><span class=\"credit\">Juvenal Bal\u00e1n<\/span><\/figcaption><\/figure>\n<\/div>\n<div class=\"span8 trivia\"><\/div>\n<div class=\"span8\"><\/div>\n<div class=\"span8\"><\/div>\n<div class=\"story-body-textt story-content\"><\/div>\n<aside>\n<h5>Informaciones relacionadas<\/h5>\n<ul class=\"g-story-relate\">\n<li>\n<h4><a href=\"https:\/\/www.granma.cu\/cuba\/2023-11-01\/xi-congreso-de-la-upec-por-cambios-siempre-revolucionarios-01-11-2023-23-11-23\" target=\"_blank\" rel=\"noopener\">XI Congreso de la UPEC, por cambios siempre revolucionarios<\/a><\/h4>\n<\/li>\n<li>\n<h4><a href=\"https:\/\/www.granma.cu\/cuba\/2023-11-02\/un-congreso-de-transformacion-periodistica-02-11-2023-12-11-56\" target=\"_blank\" rel=\"noopener\">Un Congreso de transformaci\u00f3n period\u00edstica<\/a><\/h4>\n<\/li>\n<\/ul>\n<\/aside>\n","protected":false},"excerpt":{"rendered":"<p>Con la presencia del Primer Secretario del Comit\u00e9 Central del Partido Comunista de Cuba y Presidente de la Rep\u00fablica, Miguel<\/p>\n<div class='heateor_sss_sharing_container heateor_sss_vertical_sharing heateor_sss_bottom_sharing' style='width:44px;left: -10px;top: 100px;-webkit-box-shadow:none;box-shadow:none;' ><div class=\"heateor_sss_sharing_ul\"><a class=\"heateor_sss_amp heateor_sss_amp_facebook\" href=\"https:\/\/www.facebook.com\/sharer\/sharer.php?u=https%3A%2F%2Fwww.radiomajaguabo.icrt.cu%2Findex.php%3Frest_route%3D%252Fwp%252Fv2%252Fposts%252F5488\" title=\"Facebook\" rel=\"nofollow noopener\" target=\"_blank\"><amp-img src=\"https:\/\/www.radiomajaguabo.icrt.cu\/wp-content\/plugins\/sassy-social-share\/public\/..\/images\/amp\/facebook.svg\" width=\"40\" height=\"40\" alt=\"Facebook\" class=\"amp-wp-enforced-sizes\" style=\"width: 40px;\"><\/amp-img><\/a><a class=\"heateor_sss_amp heateor_sss_amp_linkedin\" href=\"https:\/\/www.linkedin.com\/sharing\/share-offsite\/?url=https%3A%2F%2Fwww.radiomajaguabo.icrt.cu%2Findex.php%3Frest_route%3D%252Fwp%252Fv2%252Fposts%252F5488\" title=\"Linkedin\" rel=\"nofollow noopener\" target=\"_blank\"><amp-img src=\"https:\/\/www.radiomajaguabo.icrt.cu\/wp-content\/plugins\/sassy-social-share\/public\/..\/images\/amp\/linkedin.svg\" width=\"40\" height=\"40\" alt=\"Linkedin\" class=\"amp-wp-enforced-sizes\" style=\"width: 40px;\"><\/amp-img><\/a><a class=\"heateor_sss_amp heateor_sss_amp_whatsapp\" href=\"https:\/\/api.whatsapp.com\/send?text=Radio%20Majaguabo%20-%20Emisora%20Radio%20Majaguabo%2C%20San%20Luis%2C%20Santiago%20de%20Cuba%2C%20Cuba%20https%3A%2F%2Fwww.radiomajaguabo.icrt.cu%2Findex.php%3Frest_route%3D%252Fwp%252Fv2%252Fposts%252F5488\" title=\"Whatsapp\" rel=\"nofollow noopener\" target=\"_blank\"><amp-img src=\"https:\/\/www.radiomajaguabo.icrt.cu\/wp-content\/plugins\/sassy-social-share\/public\/..\/images\/amp\/whatsapp.svg\" width=\"40\" height=\"40\" alt=\"Whatsapp\" class=\"amp-wp-enforced-sizes\" style=\"width: 40px;\"><\/amp-img><\/a><a class=\"heateor_sss_amp heateor_sss_amp_instagram\" href=\"https:\/\/www.instagram.com\/\" title=\"Instagram\" rel=\"nofollow noopener\" target=\"_blank\"><amp-img src=\"https:\/\/www.radiomajaguabo.icrt.cu\/wp-content\/plugins\/sassy-social-share\/public\/..\/images\/amp\/instagram.svg\" width=\"40\" height=\"40\" alt=\"Instagram\" class=\"amp-wp-enforced-sizes\" style=\"width: 40px;\"><\/amp-img><\/a><a class=\"heateor_sss_amp heateor_sss_amp_x\" href=\"https:\/\/twitter.com\/intent\/tweet?text=Radio%20Majaguabo%20-%20Emisora%20Radio%20Majaguabo%2C%20San%20Luis%2C%20Santiago%20de%20Cuba%2C%20Cuba&url=https%3A%2F%2Fwww.radiomajaguabo.icrt.cu%2Findex.php%3Frest_route%3D%252Fwp%252Fv2%252Fposts%252F5488\" title=\"X\" rel=\"nofollow noopener\" target=\"_blank\"><amp-img src=\"https:\/\/www.radiomajaguabo.icrt.cu\/wp-content\/plugins\/sassy-social-share\/public\/..\/images\/amp\/x.svg\" width=\"40\" height=\"40\" alt=\"X\" class=\"amp-wp-enforced-sizes\" style=\"width:40px;\"><\/amp-img><\/a><\/div><div class=\"heateorSssClear\"><\/div><\/div>","protected":false},"author":1,"featured_media":5498,"comment_status":"open","ping_status":"open","sticky":false,"template":"","format":"standard","meta":{"colormag_page_layout":"default_layout","footnotes":""},"categories":[6,9,8],"tags":[],"ppma_author":[37],"class_list":["post-5488","post","type-post","status-publish","format-standard","has-post-thumbnail","hentry","category-cultura","category-historia","category-nacionales"],"authors":[{"term_id":37,"user_id":1,"is_guest":0,"slug":"alberterie","display_name":"Administrador","avatar_url":"https:\/\/secure.gravatar.com\/avatar\/c7c20c93c5f4c81e7a7dc9b02a42095ae8875c9af446129683aaa06faf7fd1f3?s=96&d=mm&r=g","author_category":"","user_url":"https:\/\/www.radiomajaguabo.icrt.cu","last_name":"Alberterie Rivero","first_name":"Pedro","job_title":"","description":""}],"amp_enabled":true,"_links":{"self":[{"href":"https:\/\/www.radiomajaguabo.icrt.cu\/index.php?rest_route=\/wp\/v2\/posts\/5488","targetHints":{"allow":["GET"]}}],"collection":[{"href":"https:\/\/www.radiomajaguabo.icrt.cu\/index.php?rest_route=\/wp\/v2\/posts"}],"about":[{"href":"https:\/\/www.radiomajaguabo.icrt.cu\/index.php?rest_route=\/wp\/v2\/types\/post"}],"author":[{"embeddable":true,"href":"https:\/\/www.radiomajaguabo.icrt.cu\/index.php?rest_route=\/wp\/v2\/users\/1"}],"replies":[{"embeddable":true,"href":"https:\/\/www.radiomajaguabo.icrt.cu\/index.php?rest_route=%2Fwp%2Fv2%2Fcomments&post=5488"}],"version-history":[{"count":1,"href":"https:\/\/www.radiomajaguabo.icrt.cu\/index.php?rest_route=\/wp\/v2\/posts\/5488\/revisions"}],"predecessor-version":[{"id":5499,"href":"https:\/\/www.radiomajaguabo.icrt.cu\/index.php?rest_route=\/wp\/v2\/posts\/5488\/revisions\/5499"}],"wp:featuredmedia":[{"embeddable":true,"href":"https:\/\/www.radiomajaguabo.icrt.cu\/index.php?rest_route=\/wp\/v2\/media\/5498"}],"wp:attachment":[{"href":"https:\/\/www.radiomajaguabo.icrt.cu\/index.php?rest_route=%2Fwp%2Fv2%2Fmedia&parent=5488"}],"wp:term":[{"taxonomy":"category","embeddable":true,"href":"https:\/\/www.radiomajaguabo.icrt.cu\/index.php?rest_route=%2Fwp%2Fv2%2Fcategories&post=5488"},{"taxonomy":"post_tag","embeddable":true,"href":"https:\/\/www.radiomajaguabo.icrt.cu\/index.php?rest_route=%2Fwp%2Fv2%2Ftags&post=5488"},{"taxonomy":"author","embeddable":true,"href":"https:\/\/www.radiomajaguabo.icrt.cu\/index.php?rest_route=%2Fwp%2Fv2%2Fppma_author&post=5488"}],"curies":[{"name":"wp","href":"https:\/\/api.w.org\/{rel}","templated":true}]}}