{"id":5473,"date":"2023-11-02T16:34:05","date_gmt":"2023-11-02T16:34:05","guid":{"rendered":"https:\/\/www.radiomajaguabo.icrt.cu\/?p=5473"},"modified":"2023-11-02T16:34:05","modified_gmt":"2023-11-02T16:34:05","slug":"victoria-rotunda-de-cuba-187-votos-en-contra-del-bloqueo-estadounidense-video","status":"publish","type":"post","link":"https:\/\/www.radiomajaguabo.icrt.cu\/?p=5473","title":{"rendered":"Victoria rotunda de Cuba: 187 votos en contra del bloqueo estadounidense (Video)"},"content":{"rendered":"<div class=\"post-content\">\n<p>Naciones Unidas. \u2013 \u00abEl bloqueo viola el derecho a la vida, a la salud, a la educaci\u00f3n y al bienestar de todas las cubanas y cubanos, lo sienten nuestras familias a trav\u00e9s\u00a0 del desabastecimiento en las tiendas, las largas colas, los precios excesivos o los salarios devaluados\u00bb. As\u00ed comenz\u00f3 su intervenci\u00f3n el canciller cubano, Bruno Rodr\u00edguez Parrilla.<\/p>\n<p>Tomado de Radio Reloj<\/p>\n<p>Explic\u00f3, que el gobierno hace grandes esfuerzos para satisfacer la canasta familiar normada, que no es suficiente, pero atiende las necesidades indispensables bajo precios subsidiados.<\/p>\n<p>Dijo que, pare ese objetivo, en este a\u00f1o, se\u00a0 requieren m\u00e1s de 1600 millones de d\u00f3lares, y que solo con un tercio de las afectaciones entre marzo del 2022 y febrero del 2023 se hubieran podido cubrir esos gastos.<\/p>\n<p>Nuestro canciller declar\u00f3 que el bloqueo priva a la industria de insumos imprescindibles, destinados\u00a0 a la producci\u00f3n de alimentos, gravemente afectada, y que bajo estrictas licencias, puede adquirir productos agr\u00edcolas en Estados Unidos, pero sujetas a disposiciones que violentan las reglas de comercio internacional y la libertad de navegaci\u00f3n, y obligada a pagar por adelantado y transportar en buques de esta naci\u00f3n que deben volver vac\u00edos a sus lugares de origen.<\/p>\n<p>\u00abCuba tiene prohibido hacer exportaciones a EEUU y no puede acceder a cr\u00e9ditos ni siquiera bilaterales, ni de instituciones internacionales\u00bb, a\u00f1adi\u00f3.<\/p>\n<p>Destac\u00f3 tambi\u00e9n, que la familia cubana ha sufrido apagones agobiantes y que los da\u00f1os al sector energ\u00e9tico sobrepasan los 401 millones de d\u00f3lares, siendo el sistema electroenerg\u00e9tico nacional el m\u00e1s afectado. Con transparencia destac\u00f3 Rodr\u00edguez Parrilla, que los enfermos son lastimados por la falta o inestabilidad de medicamentos, incluidos tratamiento contra el c\u00e1ncer y las cardiopat\u00edas.<\/p>\n<p>Dijo tambi\u00e9n, que Cuba es capaz de producir m\u00e1s del 60 por ciento de cuadro b\u00e1sico de medicamentos que no se han podido garantizar debido al golpe artero a nuestra finanzas. Por otra parte, dijo, Cuba es obligada a adquirir por terceros pa\u00edses, a precios muy elevados, recursos imprescindibles incluso, para ni\u00f1os enfermos en el pa\u00eds.<\/p>\n<p>El titular del Minrex expuso, con el permiso familiar, la historia de Mar\u00eda, \u00abuna ni\u00f1a cubana de apenas seis a\u00f1os, con un tumor en el \u00e1rea intracraneal, que ha tenido que recibir un tratamiento alternativo porque el bloqueo impide el acceso a f\u00e1rmacos de fabricaci\u00f3n estadounidense (\u2026) la peque\u00f1a est\u00e1 en reca\u00edda recibiendo un esquema de quimioterapia de rescate, para ella como a otros ni\u00f1os el bloqueo sigue marcando la diferencia entre la vida y la muerte\u00bb.<\/p>\n<p>Algo similar, dijo, acontece con dos adolescentes de 14 a\u00f1os con par\u00e1lisis cerebral y que no pueden acceder a medicamentos muy eficaces de procedencia norteamericana.\u00a0 \u00abMiente el gobierno de Estados Unidos al afirmar que el bloqueo no impide el acceso a medicamentos\u00bb.<\/p>\n<p>Esa pol\u00edtica de m\u00e1s de 60 a\u00f1os constituye \u00abuna grosera violaci\u00f3n de las normas del comercio y del derecho internacional\u00bb<\/p>\n<p>Agencias del gobierno estadounidense lo han impedido y Cuba tiene las evidencias, incluso con entidades asentadas en pa\u00edses latinoamericanos.<\/p>\n<p>La realidad es que el gobierno estadounidense, de forma oportunista, utiliz\u00f3 la pandemia como su aliado,\u00a0 el bloqueo es un crimen de genocidio.<\/p>\n<p>El Canciller cubano record\u00f3 que durante la pandemia Estados Unidos aplic\u00f3 exenci\u00f3n temporal a varios pa\u00edses con los que no mantiene relaciones, para que pudieran acceder a medicamentos e insumos m\u00e9dicos. \u00bfPor qu\u00e9 se excluy\u00f3 a Cuba?, se pregunt\u00f3 y afirm\u00f3 que \u00abEstados Unidos utiliz\u00f3 la Covid-19, como aliada en su pol\u00edtica hostil contra Cuba\u00bb.<\/p>\n<p>\u00abEl bloqueo califica como genocidio\u00bb, asever\u00f3.<\/p>\n<p>El ministro de Relaciones Exteriores expres\u00f3 que la aviesa decisi\u00f3n de fortalecer de forma in\u00e9dita el bloqueo en esa coyuntura epid\u00e9mica y aprovechar la crisis\u00a0 econ\u00f3mica mundial derivada de la pandemia, para promover la desestabilizaci\u00f3n del pa\u00eds, muestra la esencia perversa de esa pol\u00edtica.<\/p>\n<p>En ese contexto, la haza\u00f1a de la supervivencia del pueblo cubano, dijo, solo puede explicarse por el empe\u00f1o de todo un pa\u00eds y su gobierno de construir durante d\u00e9cadas un sistema sanitario de calidad.<\/p>\n<p>A pesar de todos los esfuerzos de resistencia, reconoci\u00f3 que es\u00a0 innegable y doloroso el impacto del bloqueo en la calidad de vida y los servicios que se brindan a la poblaci\u00f3n y advirti\u00f3 que el 80% de la poblaci\u00f3n solo ha conocido una Cuba bloqueada.<\/p>\n<p>El canciller expres\u00f3 que el gobierno norteamericano no ha cesado en esta pol\u00edtica, que con sa\u00f1a y precisi\u00f3n quir\u00fargica ataca los sectores m\u00e1s vulnerables de la econom\u00eda para infligir el mayor dolor posible a las familias cubanas.<\/p>\n<p>El bloqueo es un acto de guerra en tiempos de paz, sentenci\u00f3.<\/p>\n<p>Record\u00f3 que desde un principio, el prop\u00f3sito de esta pol\u00edtica genocida ha sido provocar hambre, desesperaci\u00f3n y el derrocamiento del gobierno.<\/p>\n<p>La conducta estadounidense es absolutamente unilateral e injustificada, asever\u00f3.<\/p>\n<h6><strong>Tomado de www.granma.cu<\/strong><\/h6>\n<div class=\"twitter-tweet twitter-tweet-rendered\"><iframe id=\"twitter-widget-0\" class=\"\" title=\"Twitter Tweet\" src=\"https:\/\/platform.twitter.com\/embed\/Tweet.html?dnt=false&amp;embedId=twitter-widget-0&amp;features=eyJ0ZndfdGltZWxpbmVfbGlzdCI6eyJidWNrZXQiOltdLCJ2ZXJzaW9uIjpudWxsfSwidGZ3X2ZvbGxvd2VyX2NvdW50X3N1bnNldCI6eyJidWNrZXQiOnRydWUsInZlcnNpb24iOm51bGx9LCJ0ZndfdHdlZXRfZWRpdF9iYWNrZW5kIjp7ImJ1Y2tldCI6Im9uIiwidmVyc2lvbiI6bnVsbH0sInRmd19yZWZzcmNfc2Vzc2lvbiI6eyJidWNrZXQiOiJvbiIsInZlcnNpb24iOm51bGx9LCJ0ZndfZm9zbnJfc29mdF9pbnRlcnZlbnRpb25zX2VuYWJsZWQiOnsiYnVja2V0Ijoib24iLCJ2ZXJzaW9uIjpudWxsfSwidGZ3X21peGVkX21lZGlhXzE1ODk3Ijp7ImJ1Y2tldCI6InRyZWF0bWVudCIsInZlcnNpb24iOm51bGx9LCJ0ZndfZXhwZXJpbWVudHNfY29va2llX2V4cGlyYXRpb24iOnsiYnVja2V0IjoxMjA5NjAwLCJ2ZXJzaW9uIjpudWxsfSwidGZ3X3Nob3dfYmlyZHdhdGNoX3Bpdm90c19lbmFibGVkIjp7ImJ1Y2tldCI6Im9uIiwidmVyc2lvbiI6bnVsbH0sInRmd19kdXBsaWNhdGVfc2NyaWJlc190b19zZXR0aW5ncyI6eyJidWNrZXQiOiJvbiIsInZlcnNpb24iOm51bGx9LCJ0ZndfdXNlX3Byb2ZpbGVfaW1hZ2Vfc2hhcGVfZW5hYmxlZCI6eyJidWNrZXQiOiJvbiIsInZlcnNpb24iOm51bGx9LCJ0ZndfdmlkZW9faGxzX2R5bmFtaWNfbWFuaWZlc3RzXzE1MDgyIjp7ImJ1Y2tldCI6InRydWVfYml0cmF0ZSIsInZlcnNpb24iOm51bGx9LCJ0ZndfbGVnYWN5X3RpbWVsaW5lX3N1bnNldCI6eyJidWNrZXQiOnRydWUsInZlcnNpb24iOm51bGx9LCJ0ZndfdHdlZXRfZWRpdF9mcm9udGVuZCI6eyJidWNrZXQiOiJvbiIsInZlcnNpb24iOm51bGx9fQ%3D%3D&amp;frame=false&amp;hideCard=false&amp;hideThread=false&amp;id=1720111466622132670&amp;lang=es&amp;origin=https%3A%2F%2Fwww.radioreloj.cu%2Fen-portada%2Fvictoria-rotunda-de-cuba-187-votos-en-contra-del-bloqueo-video%2F&amp;sessionId=ba7a95754fc5350d5eaed05f6d51858622335cb7&amp;theme=light&amp;widgetsVersion=01917f4d1d4cb%3A1696883169554&amp;width=550px\" frameborder=\"0\" scrolling=\"no\" allowfullscreen=\"allowfullscreen\" data-tweet-id=\"1720111466622132670\" data-mce-fragment=\"1\"><\/iframe><\/div>\n<p>&nbsp;<\/p>\n<p><iframe loading=\"lazy\" title=\"YouTube video player\" src=\"https:\/\/www.youtube.com\/embed\/MiArg02Zl7w?si=KHA8v3jpSco71UyC\" width=\"560\" height=\"315\" frameborder=\"0\" allowfullscreen=\"allowfullscreen\" data-mce-fragment=\"1\"><\/iframe><\/p>\n<div class=\"tags\"><\/div>\n<\/div>\n","protected":false},"excerpt":{"rendered":"<p>Naciones Unidas. \u2013 \u00abEl bloqueo viola el derecho a la vida, a la salud, a la educaci\u00f3n y al bienestar<\/p>\n<div class='heateor_sss_sharing_container heateor_sss_vertical_sharing heateor_sss_bottom_sharing' style='width:44px;left: -10px;top: 100px;-webkit-box-shadow:none;box-shadow:none;' ><div class=\"heateor_sss_sharing_ul\"><a class=\"heateor_sss_amp heateor_sss_amp_facebook\" href=\"https:\/\/www.facebook.com\/sharer\/sharer.php?u=https%3A%2F%2Fwww.radiomajaguabo.icrt.cu%2Findex.php%3Frest_route%3D%252Fwp%252Fv2%252Fposts%252F5473\" title=\"Facebook\" rel=\"nofollow noopener\" target=\"_blank\"><amp-img src=\"https:\/\/www.radiomajaguabo.icrt.cu\/wp-content\/plugins\/sassy-social-share\/public\/..\/images\/amp\/facebook.svg\" width=\"40\" height=\"40\" alt=\"Facebook\" class=\"amp-wp-enforced-sizes\" style=\"width: 40px;\"><\/amp-img><\/a><a class=\"heateor_sss_amp heateor_sss_amp_linkedin\" href=\"https:\/\/www.linkedin.com\/sharing\/share-offsite\/?url=https%3A%2F%2Fwww.radiomajaguabo.icrt.cu%2Findex.php%3Frest_route%3D%252Fwp%252Fv2%252Fposts%252F5473\" title=\"Linkedin\" rel=\"nofollow noopener\" target=\"_blank\"><amp-img src=\"https:\/\/www.radiomajaguabo.icrt.cu\/wp-content\/plugins\/sassy-social-share\/public\/..\/images\/amp\/linkedin.svg\" width=\"40\" height=\"40\" alt=\"Linkedin\" class=\"amp-wp-enforced-sizes\" style=\"width: 40px;\"><\/amp-img><\/a><a class=\"heateor_sss_amp heateor_sss_amp_whatsapp\" href=\"https:\/\/api.whatsapp.com\/send?text=Radio%20Majaguabo%20-%20Emisora%20Radio%20Majaguabo%2C%20San%20Luis%2C%20Santiago%20de%20Cuba%2C%20Cuba%20https%3A%2F%2Fwww.radiomajaguabo.icrt.cu%2Findex.php%3Frest_route%3D%252Fwp%252Fv2%252Fposts%252F5473\" title=\"Whatsapp\" rel=\"nofollow noopener\" target=\"_blank\"><amp-img src=\"https:\/\/www.radiomajaguabo.icrt.cu\/wp-content\/plugins\/sassy-social-share\/public\/..\/images\/amp\/whatsapp.svg\" width=\"40\" height=\"40\" alt=\"Whatsapp\" class=\"amp-wp-enforced-sizes\" style=\"width: 40px;\"><\/amp-img><\/a><a class=\"heateor_sss_amp heateor_sss_amp_instagram\" href=\"https:\/\/www.instagram.com\/\" title=\"Instagram\" rel=\"nofollow noopener\" target=\"_blank\"><amp-img src=\"https:\/\/www.radiomajaguabo.icrt.cu\/wp-content\/plugins\/sassy-social-share\/public\/..\/images\/amp\/instagram.svg\" width=\"40\" height=\"40\" alt=\"Instagram\" class=\"amp-wp-enforced-sizes\" style=\"width: 40px;\"><\/amp-img><\/a><a class=\"heateor_sss_amp heateor_sss_amp_x\" href=\"https:\/\/twitter.com\/intent\/tweet?text=Radio%20Majaguabo%20-%20Emisora%20Radio%20Majaguabo%2C%20San%20Luis%2C%20Santiago%20de%20Cuba%2C%20Cuba&url=https%3A%2F%2Fwww.radiomajaguabo.icrt.cu%2Findex.php%3Frest_route%3D%252Fwp%252Fv2%252Fposts%252F5473\" title=\"X\" rel=\"nofollow noopener\" target=\"_blank\"><amp-img src=\"https:\/\/www.radiomajaguabo.icrt.cu\/wp-content\/plugins\/sassy-social-share\/public\/..\/images\/amp\/x.svg\" width=\"40\" height=\"40\" alt=\"X\" class=\"amp-wp-enforced-sizes\" style=\"width:40px;\"><\/amp-img><\/a><\/div><div class=\"heateorSssClear\"><\/div><\/div>","protected":false},"author":1,"featured_media":5474,"comment_status":"open","ping_status":"open","sticky":false,"template":"","format":"standard","meta":{"colormag_page_layout":"default_layout","footnotes":""},"categories":[7,8],"tags":[67,393,13,223,1685],"ppma_author":[37],"class_list":["post-5473","post","type-post","status-publish","format-standard","has-post-thumbnail","hentry","category-internacionales","category-nacionales","tag-bloqueo","tag-bruno-rodriguez-parrilla","tag-cuba","tag-onu","tag-votacion"],"authors":[{"term_id":37,"user_id":1,"is_guest":0,"slug":"alberterie","display_name":"Administrador","avatar_url":"https:\/\/secure.gravatar.com\/avatar\/c7c20c93c5f4c81e7a7dc9b02a42095ae8875c9af446129683aaa06faf7fd1f3?s=96&d=mm&r=g","author_category":"","user_url":"https:\/\/www.radiomajaguabo.icrt.cu","last_name":"Alberterie Rivero","first_name":"Pedro","job_title":"","description":""}],"amp_enabled":true,"_links":{"self":[{"href":"https:\/\/www.radiomajaguabo.icrt.cu\/index.php?rest_route=\/wp\/v2\/posts\/5473","targetHints":{"allow":["GET"]}}],"collection":[{"href":"https:\/\/www.radiomajaguabo.icrt.cu\/index.php?rest_route=\/wp\/v2\/posts"}],"about":[{"href":"https:\/\/www.radiomajaguabo.icrt.cu\/index.php?rest_route=\/wp\/v2\/types\/post"}],"author":[{"embeddable":true,"href":"https:\/\/www.radiomajaguabo.icrt.cu\/index.php?rest_route=\/wp\/v2\/users\/1"}],"replies":[{"embeddable":true,"href":"https:\/\/www.radiomajaguabo.icrt.cu\/index.php?rest_route=%2Fwp%2Fv2%2Fcomments&post=5473"}],"version-history":[{"count":1,"href":"https:\/\/www.radiomajaguabo.icrt.cu\/index.php?rest_route=\/wp\/v2\/posts\/5473\/revisions"}],"predecessor-version":[{"id":5475,"href":"https:\/\/www.radiomajaguabo.icrt.cu\/index.php?rest_route=\/wp\/v2\/posts\/5473\/revisions\/5475"}],"wp:featuredmedia":[{"embeddable":true,"href":"https:\/\/www.radiomajaguabo.icrt.cu\/index.php?rest_route=\/wp\/v2\/media\/5474"}],"wp:attachment":[{"href":"https:\/\/www.radiomajaguabo.icrt.cu\/index.php?rest_route=%2Fwp%2Fv2%2Fmedia&parent=5473"}],"wp:term":[{"taxonomy":"category","embeddable":true,"href":"https:\/\/www.radiomajaguabo.icrt.cu\/index.php?rest_route=%2Fwp%2Fv2%2Fcategories&post=5473"},{"taxonomy":"post_tag","embeddable":true,"href":"https:\/\/www.radiomajaguabo.icrt.cu\/index.php?rest_route=%2Fwp%2Fv2%2Ftags&post=5473"},{"taxonomy":"author","embeddable":true,"href":"https:\/\/www.radiomajaguabo.icrt.cu\/index.php?rest_route=%2Fwp%2Fv2%2Fppma_author&post=5473"}],"curies":[{"name":"wp","href":"https:\/\/api.w.org\/{rel}","templated":true}]}}