{"id":5465,"date":"2023-11-02T15:49:42","date_gmt":"2023-11-02T15:49:42","guid":{"rendered":"https:\/\/www.radiomajaguabo.icrt.cu\/?p=5465"},"modified":"2023-11-02T15:49:42","modified_gmt":"2023-11-02T15:49:42","slug":"en-vivo-al-lado-de-cuba-el-mundo-contra-el-bloqueo","status":"publish","type":"post","link":"https:\/\/www.radiomajaguabo.icrt.cu\/?p=5465","title":{"rendered":"En vivo: Al lado de Cuba, el mundo contra el bloqueo"},"content":{"rendered":"<header class=\"g-story-header\">\n<div class=\"g-story-meta\">\n<p class=\"g-story-description\">El debate en la Asamblea General de las Naciones Unidas\u00a0vuelve a centrar su mirada hoy en la necesidad de poner fin al bloqueo econ\u00f3mico, comercial y financiero impuesto por EE.\u00a0UU.\u00a0contra Cuba<\/p>\n<\/div>\n<\/header>\n<p><!--more--><\/p>\n<div class=\"story-body-textt story-content\">\n<p><strong>Tomado de Granma<\/strong><\/p>\n<p><strong>GAB\u00d3N: EL BLOQUEO INFRINGE UN SUFRIMIENTO INDECIBLE<\/strong><\/p>\n<figure id=\"ri_415579\" class=\"g-story-body-photo  related-image\" data-media-action=\"modal\">\n<div class=\"image\"><img decoding=\"async\" class=\"media-viewer-candidate\" src=\"https:\/\/www.granma.cu\/file\/img\/2023\/11\/medium\/f0415579.jpg\" alt=\"\" \/><\/div><figcaption class=\"g-story-media-caption\"><strong>Foto: <\/strong><span class=\"credit\">Captura de pantalla<\/span><\/figcaption><\/figure>\n<p>El bloqueo de los Estados Unidos a Cuba trae \u00abconsecuencias cada vez m\u00e1s nefastas para toda la poblaci\u00f3n y pone en peligro la convivencia pac\u00edfica entre estados\u00bb, as\u00ed dijo ante la Asamblea General de las Naciones Unidas la representante de Gab\u00f3n.<\/p>\n<p>En su intervenci\u00f3n, destac\u00f3 que esa inhumana pol\u00edtica \u00abimpide el desarrollo econ\u00f3mico, cultural y social de la Isla, infringiendo al pueblo un sufrimiento indecible\u00bb que ha permanecido durante m\u00e1s de 60 a\u00f1os y que se ha recrudecido.<\/p>\n<p>Gab\u00f3n reafirm\u00f3 su llamado \u00aba la plena aplicaci\u00f3n de la Resoluci\u00f3n de la Asamblea General de la ONU\u00bb, y en ese sentido alienta a la comunidad internacional a que contin\u00fae insistiendo a la normalizaci\u00f3n de las relaciones entre ambos pa\u00edses.<\/p>\n<p>&#8212;&#8212;&#8212;&#8212;&#8212;&#8212;&#8212;&#8212;&#8212;&#8212;&#8212;&#8212;&#8212;&#8212;&#8212;&#8212;&#8212;&#8212;&#8212;&#8212;&#8212;&#8212;&#8212;&#8212;-<\/p>\n<p><strong>JAMAICA RATIFICA SU SOLIDARIDAD CON CUBA<\/strong><\/p>\n<figure id=\"ri_415578\" class=\"g-story-body-photo  related-image\" data-media-action=\"modal\">\n<div class=\"image\"><img decoding=\"async\" class=\"media-viewer-candidate\" src=\"https:\/\/www.granma.cu\/file\/img\/2023\/11\/medium\/f0415578.jpg\" alt=\"\" \/><\/div><figcaption class=\"g-story-media-caption\"><strong>Foto: <\/strong><span class=\"credit\">Captura de pantalla<\/span><\/figcaption><\/figure>\n<p>Jamaica agradeci\u00f3 el mantenimiento de un foro para poder discutir lo que consider\u00f3 una aberraci\u00f3n de los derechos internacionales y valor\u00f3 la trascendencia de las declaraciones emitidas sobre el tema.<\/p>\n<p>Llam\u00f3 a que se retire el bloqueo que lleva d\u00e9cadas en vigor y que genera heridas innecesarias en la econom\u00eda cubana. Lo consider\u00f3 contrario a la \u00e9tica que rige las relaciones amistosas entre estados y contrario a la prosperidad del pueblo cubano.<\/p>\n<p>El embargo, dijo, ha frustrado los esfuerzos de Cuba en un entorno global en constante cambio y ha impedido actividades econ\u00f3micas y financieras as\u00ed como el acceso al comercio bilateral.<\/p>\n<p>\u00abLas crisis actuales han tenido gran impacto para grupos vulnerables en Cuba.\u00a0 Ello se agrava por la inclusi\u00f3n en la lista de pa\u00edses patrocindaores del terrorismo. Mostramos nuestra preocupaci\u00f3n por las consecuencias del bloqueo. Por demasiado tiempo el pueblo de Cuba ha sufrido sus consecuencias de manera injustificada\u00bb se\u00f1al\u00f3.<\/p>\n<p>Explic\u00f3 que la comunidad internacional ha mantenido su apoyo para que se ponga fin al bloqueo contra Cuba.<\/p>\n<p>Jamaica ratifica su compromiso de estar junto a Cuba en solidaridad.<\/p>\n<p>&#8212;&#8212;&#8212;&#8212;&#8212;&#8212;&#8212;&#8212;&#8212;&#8212;&#8212;&#8212;&#8212;&#8212;&#8212;&#8212;&#8212;&#8212;&#8212;&#8212;&#8212;&#8212;&#8212;&#8212;-<\/p>\n<p><strong>EGIPTO:\u00a0EE.UU. DEBE RETIRAR EL BLOQUEO INMEDIATAMENTE<\/strong><\/p>\n<p>La Rep\u00fablica \u00c1rabe de Egipto, reiter\u00f3 su postura \u00abde apoyo a Cuba en contra del bloqueo (\u2026) que tiene consecuencias muy profundas para la vida social y econ\u00f3mica de su pueblo\u00bb, constituy\u00e9ndose en asfixia para el pa\u00eds.<\/p>\n<p>El representante de la naci\u00f3n del norte de \u00c1frica inst\u00f3 a que \u00abse respeten las resoluciones de la Asamblea General adoptadas durante m\u00e1s de 30 a\u00f1os\u00bb por lo que el gobierno de los Estados Unidos deben proceder al levantamiento del bloqueo \u00abque debe ser completo para que el pueblo cubano alcanzce los objetivos de desarrollo sostenible\u00bb, concluy\u00f3.<\/p>\n<p>&#8212;&#8212;&#8212;&#8212;&#8212;&#8212;&#8212;&#8212;&#8212;&#8212;&#8212;&#8212;&#8212;&#8212;&#8212;&#8212;&#8212;&#8212;&#8212;&#8212;&#8212;&#8212;&#8212;&#8212;-<\/p>\n<p><strong>CONGO: EXISTE UNA NECESIDAD DE PONER FIN A ESTE BLOQUEO CASI ETERNO<\/strong><\/p>\n<figure id=\"ri_415577\" class=\"g-story-body-photo  related-image\" data-media-action=\"modal\">\n<div class=\"image\"><img decoding=\"async\" class=\"media-viewer-candidate\" src=\"https:\/\/www.granma.cu\/file\/img\/2023\/11\/medium\/f0415577.jpg\" alt=\"\" \/><\/div><figcaption class=\"g-story-media-caption\"><strong>Foto: <\/strong><span class=\"credit\">Captura de pantalla<\/span><\/figcaption><\/figure>\n<p>El bloqueo impuesto a Cuba por los Estados Unidos es la m\u00e1s grave de las m\u00faltiples agresiones ejercidas por el gobierno norteamericano contra la isla caribe\u00f1a.<\/p>\n<p>As\u00ed lo expres\u00f3 la representaci\u00f3n del Congo al intervenir en el plenario en la sesi\u00f3n de este jueves.<\/p>\n<p>El funcionario de la naci\u00f3n africana expres\u00f3 que su pa\u00eds suscribe las declaraciones del G 77 m\u00e1s China y el Grupo Africano y recalc\u00f3 la\u00a0 \u00abnecesidad imperiosa\u00bb de poner fin a este bloqueo \u00abcasi eterno\u00bb.<\/p>\n<p>Durante su discurso, elogi\u00f3 el informe presentado por Cuba y afirm\u00f3 que el mantenimiento de esta pol\u00edtica por m\u00e1s de 60 a\u00f1os y la inclusi\u00f3n de la Isla en la lista de pa\u00edses que patrocinan el terrorismo, son incompatibles.<\/p>\n<p>\u00abEs una manifestaci\u00f3n clara del ejercicio de poder pol\u00edtico y econ\u00f3mico contra un pa\u00eds\u00bb.<\/p>\n<p>Dijo adem\u00e1s que \u00ablos objetivos son tan evidentes como inadmisibles, a la luz de la Carta de las Naciones Unidas\u00bb.<\/p>\n<p>La representaci\u00f3n del Congo expres\u00f3 que a los efectos del bloqueo, se suma la crisis derivada de la Covid y el contexto internacional actual, lo cual hace a\u00fan m\u00e1s dif\u00edcil la situaci\u00f3n de Cuba y sus esfuerzos por el desarrollo.<\/p>\n<p>&#8212;&#8212;&#8212;&#8212;&#8212;&#8212;&#8212;&#8212;&#8212;&#8212;&#8212;&#8212;&#8212;&#8212;&#8212;&#8212;&#8212;&#8212;&#8212;&#8212;&#8212;&#8212;&#8212;&#8212;<\/p>\n<p><strong>IR\u00c1N: EL RESPALDO A CUBA NO HA HECHO M\u00c1S QUE CRECER<\/strong><\/p>\n<p>La Rep\u00fablica Isl\u00e1mica de Ir\u00e1n se adhir\u00f3 a las posiciones de organizaciones internacionales y pa\u00edses que rechazan el bloqueo contra Cuba, porque \u00abno ha beneficiado a nadie\u00bb.<\/p>\n<p>Su representante ante la ONU denunci\u00f3 que\u00a0la Isla\u00a0es objeto de una pol\u00edtica inmoral y reiter\u00f3 que \u00abva contra la Carta de las Naciones Unidas e impide el derecho de los estados a cooperar con La Habana\u00bb.<\/p>\n<p>Agradeci\u00f3 la posici\u00f3n invariable de\u00a0Cuba\u00a0con respecto a su naci\u00f3n, tambi\u00e9n asediada\u00a0y bloqueada por Estados Unidos, y continuar\u00e1 trabajando para\u00a0 \u00abeliminar de manera definitiva la aplicaci\u00f3n por parte de Estados Unidos de su legislaci\u00f3n nacional\u00bb.<\/p>\n<p>Desde 1992, rememor\u00f3, el respaldo a Cuba no ha hecho otra cosa m\u00e1s que crecer, por lo que los norteamericanos deben aplicar de inmediato lo dictado por sucesivas resoluciones de la Asamblea General y la Comunidad Internacional en su conjunto, precis\u00f3.<\/p>\n<p>&#8212;&#8212;&#8212;&#8212;&#8212;&#8212;&#8212;&#8212;&#8212;&#8212;&#8212;&#8212;&#8212;&#8212;&#8212;&#8212;&#8212;&#8212;&#8212;&#8212;&#8212;&#8212;&#8212;&#8212;-<\/p>\n<p><strong>BELICE SE SOLIDARIZA CON CUBA<\/strong><\/p>\n<p>Belice se sum\u00f3 a la declaraci\u00f3n de los grupos regionales que apoyaron la resoluci\u00f3n cubana.<\/p>\n<p>El representante de ese pa\u00eds, hizo constar su condena sin equ\u00edvocos al bloqueo de los Estados Unidos contra Cuba.<\/p>\n<p>\u00abDurante m\u00e1s de treinta a\u00f1os esta Asamblea ha llamado a poner fin al bloqueo y sin embargo no solo contin\u00faa, sino que se ha intensificado, desafiando la carta de Naciones Unidas, el derecho internacional y el llamado de esta asamblea\u00bb, afirm\u00f3.<\/p>\n<p>El representante belice\u00f1o se\u00f1al\u00f3 que no hay ning\u00fan estado miembro que est\u00e9 por encima de la ley, y rechaz\u00f3 adem\u00e1s la designaci\u00f3n de Cuba como pa\u00eds patrocinador del terrorismo, una medida que seg\u00fan sus palabras exacerba las consecuencias inhumanas del bloqueo.<\/p>\n<p>Se refiri\u00f3 a la solidaridad de Cuba con Belice, en materia de salud, becas y asistencia t\u00e9cnica. Dijo que su pa\u00eds se solidariza con Cuba y votar\u00e1 en favor de la resoluci\u00f3n de la mayor de las Antillas.<\/p>\n<p>Llam\u00f3 a Estados Unidos a levantar de forma inmediata el bloqueo.<\/p>\n<p>&#8212;&#8212;&#8212;&#8212;&#8212;&#8212;&#8212;&#8212;&#8212;&#8212;&#8212;&#8212;&#8212;&#8212;&#8212;&#8212;&#8212;&#8212;&#8212;&#8212;&#8212;&#8212;&#8212;&#8212;-<\/p>\n<p><strong>BARBADOS: EL BLOQUEO VULNERA LOS PRINCIPIOS DE LA CARTA DE LA ONU\u00a0<\/strong><\/p>\n<p>Barbados se adhiere a la Carta de la ONU que habla de la soberan\u00eda de los estados y la no injerencia en los asuntos internos de los pa\u00edses, m\u00e1s el respeto a los principios del derecho internacional, \u00abBarbados exige que todos respetemos esos principios\u00bb, dijo el representante de este pa\u00eds al hacer uso de la palabra.<\/p>\n<p>\u00abLa imposici\u00f3n continuada del bloqueo contra Cuba vulnera tanto la letra como el esp\u00edritu de la Carta de la ONU\u00bb y eso resulta inadmisible para todos los estados soberanos.<\/p>\n<p>A\u00f1ade que la posici\u00f3n de aislar a Cuba, en \u00faltima instancia, da\u00f1a a la poblaci\u00f3n que es v\u00edctima de las medidas coercitivas.<\/p>\n<p>Reconoci\u00f3 que a pesar del bloqueo, Cuba ha brindado un apoyo invaluable para el servicio sanitario de Barbados y env\u00edo una brigada m\u00e9dica para enfrentar la Covid 19.<\/p>\n<p>Inst\u00f3 a los Estados Unidos a que participe en un di\u00e1logo constructivo con Cuba para que se normalicen las relaciones entre los dos pa\u00edses<\/p>\n<p>Respalda el proyecto de Resoluci\u00f3n y afirma que votar\u00e1 a favor de su adopci\u00f3n.<\/p>\n<p>&#8212;&#8212;&#8212;&#8212;&#8212;&#8212;&#8212;&#8212;&#8212;&#8212;&#8212;&#8212;&#8212;&#8212;&#8212;&#8212;&#8212;&#8212;&#8212;&#8212;&#8212;&#8212;&#8212;&#8212;-<\/p>\n<p><strong>BRASIL: EL RECHAZO AL BLOQUEO ES INTERNACIONAL<\/strong><\/p>\n<p>El rechazo al bloqueo impuesto a Cuba, desde hace m\u00e1s de 60 a\u00f1os, es\u00a0consenso internacional, as\u00ed lo afirm\u00f3 la representaci\u00f3n de Brasil al intervenir en la sesi\u00f3n de este jueves.<\/p>\n<p>El\u00a0gigante sudamericano, dijo, suscribe las intervenciones realizadas en nombre de la Celac y el Grupo de los 77 m\u00e1s China.<\/p>\n<p>Adem\u00e1s, \u00a0reiter\u00f3 el rechazo de Brasil\u00a0al bloqueo, as\u00ed como a la aplicaci\u00f3n de leyes extraterritoriales discriminatorias.<\/p>\n<p>El funcionario se\u00f1al\u00f3 que su pa\u00eds no est\u00e1 de acuerdo con sanciones unilaterales de ning\u00fan tipo y solo respalda aquellas que se adopten en el marco de la ONU.<\/p>\n<p>Durante su intervenci\u00f3n, se refiri\u00f3 a los enormes da\u00f1os en el plano econ\u00f3mico que esta pol\u00edtica ha provocado y afirm\u00f3 que \u00abha afectado el pleno disfrute de sus derechos al pueblo cubano\u00bb y que constituye un serio obst\u00e1culo para el desarrollo de la naci\u00f3n caribe\u00f1a.<\/p>\n<p>Tambi\u00e9n cuestion\u00f3 la inclusi\u00f3n de Cuba en la lista de pa\u00edses que patrocinan el terrorismo.<\/p>\n<p>\u00abIntensificar las relaciones es el camino que deben seguir todos los pa\u00edses\u00bb, enfatiz\u00f3, al tiempo que asegur\u00f3 que Brasil votar\u00e1 a favor del proyecto de resoluci\u00f3n que aboga por el fin del bloqueo.<\/p>\n<p>&#8212;&#8212;&#8212;&#8212;&#8212;&#8212;&#8212;&#8212;&#8212;&#8212;&#8212;&#8212;&#8212;&#8212;&#8212;&#8212;&#8212;&#8212;&#8212;&#8212;&#8212;&#8212;&#8212;&#8212;-<\/p>\n<p><strong>CHILE REAFIRM\u00d3 SU COMPROMISO CON EL PUEBLO CUBANO<\/strong><\/p>\n<p>La representante de Chile evoc\u00f3 la \u00abigualdad soberana de los estados\u00bb para denunciar que la AGNU, durante m\u00e1s de 30 a\u00f1os, ha aprobado por inmensa mayor\u00eda resoluciones que exigen el levantamiento del bloqueo.<\/p>\n<p>El bloqueo, reconoci\u00f3, \u00abgenera\u00a0escasez y sufrimiento para toda la poblaci\u00f3n cubana\u00bb\u00a0 y la delegaci\u00f3n chilena lamenta\u00a0 \u00abel hecho de que siga vigente\u00bb, destacando que la exclusi\u00f3n de Cuba de las instituciones financieras internacionales constituye en el principal impedimento para su desarrollo.<\/p>\n<p>Su pa\u00eds, dijo, est\u00e1 firmemente convencido de que solo mediante el di\u00e1logo \u00aben igualdad de condiciones, se puede llegar al consenso\u00bb y exige su levantamiento inmediato. Esa pol\u00edtica lo que ha demostrado es que el pueblo ha podido sobrevivir gracias a su dignidad, perseverancia y \u00abtenemos convicci\u00f3n y compromiso con el pueblo cubano\u00bb.<\/p>\n<p>&#8212;&#8212;&#8212;&#8212;&#8212;&#8212;&#8212;&#8212;&#8212;&#8212;&#8212;&#8212;&#8212;&#8212;&#8212;&#8212;&#8212;&#8212;&#8212;&#8212;&#8212;&#8212;&#8212;&#8212;-<\/p>\n<p><strong>PER\u00da VOTAR\u00c1 UNA VEZ M\u00c1S A FAVOR DE CUBA<\/strong><\/p>\n<p>El representante de Per\u00fa mencion\u00f3 que sucesivamente\u00a0la Asamblea General de la ONU se pronuncia por poner fin al bloqueo y los resultados, a\u00f1o tras a\u00f1o, reflejan la oposici\u00f3n de la comunidad internacional a este sistema extraterritorial\u00a0estadounidense.<\/p>\n<p>\u00abEs\u00a0necesario acabar con este tipo de sanciones para que se pueda avanzar en los Objetivos de Desarrollo Sostenible y la agenda 2030\u00bb, puntualiz\u00f3.<\/p>\n<p>Precis\u00f3 que cuando las medidas unilaterales se dirigen a todo un pa\u00eds, son las personas vulnerables las m\u00e1s afectadas e indic\u00f3 que el pueblo no es responsable de las decisiones gubernamentales.<\/p>\n<p>Clam\u00f3 porque \u00ablas sanciones deben ser eliminadas de inmediato\u00bb y agreg\u00f3 que el bloqueo es contrario a los principios de la carta de la ONU y del derecho internacional.<\/p>\n<p>Afirm\u00f3 que Per\u00fa votar\u00e1, una vez m\u00e1s, a favor de Cuba.<\/p>\n<p>&#8212;&#8212;&#8212;&#8212;&#8212;&#8212;&#8212;&#8212;&#8212;&#8212;&#8212;&#8212;&#8212;&#8212;&#8212;&#8212;&#8212;&#8212;&#8212;&#8212;&#8212;&#8212;&#8212;&#8212;-<\/p>\n<p>La necesidad de poner fin al bloqueo econ\u00f3mico, comercial y financiero impuesto por EE.\u00a0UU. contra Cuba vuelve a centrar hoy el debate en la Asamblea General de las Naciones Unidas (AGNU), donde la amplia comunidad internacional votar\u00e1, al filo del mediod\u00eda, sobre la resoluci\u00f3n presentada por la Isla en la que se denuncian los graves da\u00f1os econ\u00f3micos y sociales ocasionados por esta pol\u00edtica en m\u00e1s de seis d\u00e9cadas de aplicaci\u00f3n.<\/p>\n<p>\u00abPor m\u00e1s de 30 a\u00f1os, Estados Unidos ha desconocido, ignorado e irrespetado a la comunidad internacional representada en la AGNU, al mantener y reforzar el bloqueo genocida contra Cuba, pese a la condena universal. Seguiremos acudiendo y seguiremos insistiendo\u00bb, se\u00f1al\u00f3 en la red social x el Primer Secretario del Comit\u00e9 Central del Partido y Presidente de la Rep\u00fablica, Miguel D\u00edaz-Canel Berm\u00fadez.<\/p>\n<p><a href=\"https:\/\/www.granma.cu\/mundo\/2023-11-01\/cuba-no-esta-sola-contra-el-bloqueo\" target=\"_blank\" rel=\"noopener\">En la jornada de este mi\u00e9rcoles<\/a>, medio centenar de delegaciones oficiales, en representaci\u00f3n de los m\u00e1s diversos grupos pol\u00edticos y econ\u00f3micos del planeta y en nombre de sus propias naciones, manifestaron el contundente e hist\u00f3rico rechazo hacia las medidas unilaterales de EE. UU. Tambi\u00e9n se demand\u00f3 la exclusi\u00f3n de Cuba de la lista de Estados patrocinadores del terrorismo.<\/p>\n<p>Fueron contundentes las palabra pues, como escribir\u00eda en x el miembro del Bur\u00f3 Pol\u00edtico y ministro de Relaciones Exteriores de Cuba, Bruno Rodr\u00edguez Parrilla, una vez m\u00e1s el Gobierno estadounidense queda aislado ante el abrumador reclamo de la comunidad internacional por una Cuba mejor sin bloqueo.<\/p>\n<p>En el plenario de la ONU, los presentes recordaron c\u00f3mo a m\u00e1s de tres d\u00e9cadas de la primera resoluci\u00f3n de la AGNU contra el bloqueo, el Gobierno de EE. UU. persiste en ignorar los numerosos pronunciamientos que llaman a eliminar, sin condicionamientos, su pol\u00edtica fallida, unilateral y criminal contra la Isla.<\/p>\n<p><a href=\"https:\/\/cubaminrex.cu\/sites\/default\/files\/2023-10\/INFORME%20CONTRA%20EL%20BLOQUEO%202023.pdf\" target=\"_blank\" rel=\"noopener\">El informe presentado por Cuba a la ONU<\/a> abarca los da\u00f1os provocados por el bloqueo entre el 1ro. de marzo de 2022 y el 28 de febrero de 2023. Explica que m\u00e1s del 80 % de la poblaci\u00f3n cubana actual solo ha conocido su naci\u00f3n bajo los efectos devastadores de esta pol\u00edtica.<\/p>\n<p>En el periodo, los da\u00f1os y perjuicios se estiman en el orden de los 4 867 millones de d\u00f3lares. De no existir el bloqueo, el PIB de Cuba pudo haber crecido un 9 % en 2022.<iframe loading=\"lazy\" src=\"https:\/\/www.youtube.com\/embed\/MiArg02Zl7w\" width=\"560\" height=\"314\" allowfullscreen=\"allowfullscreen\" data-mce-fragment=\"1\"><\/iframe><\/p>\n<\/div>\n<aside><\/aside>\n","protected":false},"excerpt":{"rendered":"<p>El debate en la Asamblea General de las Naciones Unidas\u00a0vuelve a centrar su mirada hoy en la necesidad de poner<\/p>\n<div class='heateor_sss_sharing_container heateor_sss_vertical_sharing heateor_sss_bottom_sharing' style='width:44px;left: -10px;top: 100px;-webkit-box-shadow:none;box-shadow:none;' ><div class=\"heateor_sss_sharing_ul\"><a class=\"heateor_sss_amp heateor_sss_amp_facebook\" href=\"https:\/\/www.facebook.com\/sharer\/sharer.php?u=https%3A%2F%2Fwww.radiomajaguabo.icrt.cu%2Findex.php%3Frest_route%3D%252Fwp%252Fv2%252Fposts%252F5465\" title=\"Facebook\" rel=\"nofollow noopener\" target=\"_blank\"><amp-img src=\"https:\/\/www.radiomajaguabo.icrt.cu\/wp-content\/plugins\/sassy-social-share\/public\/..\/images\/amp\/facebook.svg\" width=\"40\" height=\"40\" alt=\"Facebook\" class=\"amp-wp-enforced-sizes\" style=\"width: 40px;\"><\/amp-img><\/a><a class=\"heateor_sss_amp heateor_sss_amp_linkedin\" href=\"https:\/\/www.linkedin.com\/sharing\/share-offsite\/?url=https%3A%2F%2Fwww.radiomajaguabo.icrt.cu%2Findex.php%3Frest_route%3D%252Fwp%252Fv2%252Fposts%252F5465\" title=\"Linkedin\" rel=\"nofollow noopener\" target=\"_blank\"><amp-img src=\"https:\/\/www.radiomajaguabo.icrt.cu\/wp-content\/plugins\/sassy-social-share\/public\/..\/images\/amp\/linkedin.svg\" width=\"40\" height=\"40\" alt=\"Linkedin\" class=\"amp-wp-enforced-sizes\" style=\"width: 40px;\"><\/amp-img><\/a><a class=\"heateor_sss_amp heateor_sss_amp_whatsapp\" href=\"https:\/\/api.whatsapp.com\/send?text=Radio%20Majaguabo%20-%20Emisora%20Radio%20Majaguabo%2C%20San%20Luis%2C%20Santiago%20de%20Cuba%2C%20Cuba%20https%3A%2F%2Fwww.radiomajaguabo.icrt.cu%2Findex.php%3Frest_route%3D%252Fwp%252Fv2%252Fposts%252F5465\" title=\"Whatsapp\" rel=\"nofollow noopener\" target=\"_blank\"><amp-img src=\"https:\/\/www.radiomajaguabo.icrt.cu\/wp-content\/plugins\/sassy-social-share\/public\/..\/images\/amp\/whatsapp.svg\" width=\"40\" height=\"40\" alt=\"Whatsapp\" class=\"amp-wp-enforced-sizes\" style=\"width: 40px;\"><\/amp-img><\/a><a class=\"heateor_sss_amp heateor_sss_amp_instagram\" href=\"https:\/\/www.instagram.com\/\" title=\"Instagram\" rel=\"nofollow noopener\" target=\"_blank\"><amp-img src=\"https:\/\/www.radiomajaguabo.icrt.cu\/wp-content\/plugins\/sassy-social-share\/public\/..\/images\/amp\/instagram.svg\" width=\"40\" height=\"40\" alt=\"Instagram\" class=\"amp-wp-enforced-sizes\" style=\"width: 40px;\"><\/amp-img><\/a><a class=\"heateor_sss_amp heateor_sss_amp_x\" href=\"https:\/\/twitter.com\/intent\/tweet?text=Radio%20Majaguabo%20-%20Emisora%20Radio%20Majaguabo%2C%20San%20Luis%2C%20Santiago%20de%20Cuba%2C%20Cuba&url=https%3A%2F%2Fwww.radiomajaguabo.icrt.cu%2Findex.php%3Frest_route%3D%252Fwp%252Fv2%252Fposts%252F5465\" title=\"X\" rel=\"nofollow noopener\" target=\"_blank\"><amp-img src=\"https:\/\/www.radiomajaguabo.icrt.cu\/wp-content\/plugins\/sassy-social-share\/public\/..\/images\/amp\/x.svg\" width=\"40\" height=\"40\" alt=\"X\" class=\"amp-wp-enforced-sizes\" style=\"width:40px;\"><\/amp-img><\/a><\/div><div class=\"heateorSssClear\"><\/div><\/div>","protected":false},"author":1,"featured_media":5470,"comment_status":"open","ping_status":"open","sticky":false,"template":"","format":"standard","meta":{"colormag_page_layout":"default_layout","footnotes":""},"categories":[8],"tags":[1684,67,13,45,187],"ppma_author":[37],"class_list":["post-5465","post","type-post","status-publish","format-standard","has-post-thumbnail","hentry","category-nacionales","tag-asamblea-general","tag-bloqueo","tag-cuba","tag-estados-unidos","tag-naciones-unidas"],"authors":[{"term_id":37,"user_id":1,"is_guest":0,"slug":"alberterie","display_name":"Administrador","avatar_url":"https:\/\/secure.gravatar.com\/avatar\/c7c20c93c5f4c81e7a7dc9b02a42095ae8875c9af446129683aaa06faf7fd1f3?s=96&d=mm&r=g","author_category":"","user_url":"https:\/\/www.radiomajaguabo.icrt.cu","last_name":"Alberterie Rivero","first_name":"Pedro","job_title":"","description":""}],"amp_enabled":true,"_links":{"self":[{"href":"https:\/\/www.radiomajaguabo.icrt.cu\/index.php?rest_route=\/wp\/v2\/posts\/5465","targetHints":{"allow":["GET"]}}],"collection":[{"href":"https:\/\/www.radiomajaguabo.icrt.cu\/index.php?rest_route=\/wp\/v2\/posts"}],"about":[{"href":"https:\/\/www.radiomajaguabo.icrt.cu\/index.php?rest_route=\/wp\/v2\/types\/post"}],"author":[{"embeddable":true,"href":"https:\/\/www.radiomajaguabo.icrt.cu\/index.php?rest_route=\/wp\/v2\/users\/1"}],"replies":[{"embeddable":true,"href":"https:\/\/www.radiomajaguabo.icrt.cu\/index.php?rest_route=%2Fwp%2Fv2%2Fcomments&post=5465"}],"version-history":[{"count":1,"href":"https:\/\/www.radiomajaguabo.icrt.cu\/index.php?rest_route=\/wp\/v2\/posts\/5465\/revisions"}],"predecessor-version":[{"id":5471,"href":"https:\/\/www.radiomajaguabo.icrt.cu\/index.php?rest_route=\/wp\/v2\/posts\/5465\/revisions\/5471"}],"wp:featuredmedia":[{"embeddable":true,"href":"https:\/\/www.radiomajaguabo.icrt.cu\/index.php?rest_route=\/wp\/v2\/media\/5470"}],"wp:attachment":[{"href":"https:\/\/www.radiomajaguabo.icrt.cu\/index.php?rest_route=%2Fwp%2Fv2%2Fmedia&parent=5465"}],"wp:term":[{"taxonomy":"category","embeddable":true,"href":"https:\/\/www.radiomajaguabo.icrt.cu\/index.php?rest_route=%2Fwp%2Fv2%2Fcategories&post=5465"},{"taxonomy":"post_tag","embeddable":true,"href":"https:\/\/www.radiomajaguabo.icrt.cu\/index.php?rest_route=%2Fwp%2Fv2%2Ftags&post=5465"},{"taxonomy":"author","embeddable":true,"href":"https:\/\/www.radiomajaguabo.icrt.cu\/index.php?rest_route=%2Fwp%2Fv2%2Fppma_author&post=5465"}],"curies":[{"name":"wp","href":"https:\/\/api.w.org\/{rel}","templated":true}]}}