{"id":5251,"date":"2023-10-18T12:09:56","date_gmt":"2023-10-18T12:09:56","guid":{"rendered":"https:\/\/www.radiomajaguabo.icrt.cu\/?p=5251"},"modified":"2023-10-18T12:09:56","modified_gmt":"2023-10-18T12:09:56","slug":"cuba-en-el-corazon-de-santiago-2023","status":"publish","type":"post","link":"https:\/\/www.radiomajaguabo.icrt.cu\/?p=5251","title":{"rendered":"Cuba en el coraz\u00f3n de Santiago-2023"},"content":{"rendered":"<div class=\"story-body-textt story-content\">\n<p>Santiago de Chile.\u2013\u00abEstamos aqu\u00ed desde las 11 de la noche, algunos llegaron m\u00e1s temprano. Vinimos a darles la bienvenida a nuestros hermanos. Llevamos a Cuba en el coraz\u00f3n\u00bb.<\/p>\n<p>Tomado de Granma<\/p>\n<p>Emocionados, los integrantes de la Coordinadora de Solidaridad con la Mayor de las Antillas vitorearon al primer grupo de la delegaci\u00f3n caribe\u00f1a que lleg\u00f3 a esta ciudad a las 2:00 a.m. de la madrugada del martes, bajo una temperatura de ocho grados, pero ese calor humano de los amigos derriti\u00f3 el fr\u00edo.<\/p>\n<p>Atletas de judo, tiro deportivo, boxeo, remo, gimnasia art\u00edstica, clavados, taekwondo, levantamiento de pesas, nataci\u00f3n y beisbol recibieron el abrazo de aquellos que los aclamaban, y esperaban dejar grabadas para su alma una foto con los j\u00f3venes deportistas.<\/p>\n<p>Las voces de \u00ab\u00a1Cuba, Cuba, Cuba, Chile te saluda!\u00bb fueron el colof\u00f3n de un largo viaje, que apenas comienza.<\/p>\n<p>Ca\u00edda la tarde, se dio la bienvenida oficial a las delegaciones, con el izamiento de las banderas de las 41 naciones que estar\u00e1n representadas.<\/p>\n<p>La Villa Panamericana, emplazada en la comuna de Cerrillos, acoge a cerca de 3 000 personas, entre atletas, oficiales t\u00e9cnicos y jefes de misiones.<\/p>\n<p>Tal como suceder\u00e1 en la ceremonia de inauguraci\u00f3n, el acto sirvi\u00f3 para exponer la cultura e idiosincrasia chilenas, con la presentaci\u00f3n del Ballet Folcl\u00f3rico de Chile (Bafochi), entre otros.<\/p>\n<\/div>\n<p>&nbsp;<\/p>\n","protected":false},"excerpt":{"rendered":"<p>Santiago de Chile.\u2013\u00abEstamos aqu\u00ed desde las 11 de la noche, algunos llegaron m\u00e1s temprano. Vinimos a darles la bienvenida a<\/p>\n<div class='heateor_sss_sharing_container heateor_sss_vertical_sharing heateor_sss_bottom_sharing' style='width:44px;left: -10px;top: 100px;-webkit-box-shadow:none;box-shadow:none;' ><div class=\"heateor_sss_sharing_ul\"><a class=\"heateor_sss_amp heateor_sss_amp_facebook\" href=\"https:\/\/www.facebook.com\/sharer\/sharer.php?u=https%3A%2F%2Fwww.radiomajaguabo.icrt.cu%2Findex.php%3Frest_route%3D%252Fwp%252Fv2%252Fposts%252F5251\" title=\"Facebook\" rel=\"nofollow noopener\" target=\"_blank\"><amp-img src=\"https:\/\/www.radiomajaguabo.icrt.cu\/wp-content\/plugins\/sassy-social-share\/public\/..\/images\/amp\/facebook.svg\" width=\"40\" height=\"40\" alt=\"Facebook\" class=\"amp-wp-enforced-sizes\" style=\"width: 40px;\"><\/amp-img><\/a><a class=\"heateor_sss_amp heateor_sss_amp_linkedin\" href=\"https:\/\/www.linkedin.com\/sharing\/share-offsite\/?url=https%3A%2F%2Fwww.radiomajaguabo.icrt.cu%2Findex.php%3Frest_route%3D%252Fwp%252Fv2%252Fposts%252F5251\" title=\"Linkedin\" rel=\"nofollow noopener\" target=\"_blank\"><amp-img src=\"https:\/\/www.radiomajaguabo.icrt.cu\/wp-content\/plugins\/sassy-social-share\/public\/..\/images\/amp\/linkedin.svg\" width=\"40\" height=\"40\" alt=\"Linkedin\" class=\"amp-wp-enforced-sizes\" style=\"width: 40px;\"><\/amp-img><\/a><a class=\"heateor_sss_amp heateor_sss_amp_whatsapp\" href=\"https:\/\/api.whatsapp.com\/send?text=Radio%20Majaguabo%20-%20Emisora%20Radio%20Majaguabo%2C%20San%20Luis%2C%20Santiago%20de%20Cuba%2C%20Cuba%20https%3A%2F%2Fwww.radiomajaguabo.icrt.cu%2Findex.php%3Frest_route%3D%252Fwp%252Fv2%252Fposts%252F5251\" title=\"Whatsapp\" rel=\"nofollow noopener\" target=\"_blank\"><amp-img src=\"https:\/\/www.radiomajaguabo.icrt.cu\/wp-content\/plugins\/sassy-social-share\/public\/..\/images\/amp\/whatsapp.svg\" width=\"40\" height=\"40\" alt=\"Whatsapp\" class=\"amp-wp-enforced-sizes\" style=\"width: 40px;\"><\/amp-img><\/a><a class=\"heateor_sss_amp heateor_sss_amp_instagram\" href=\"https:\/\/www.instagram.com\/\" title=\"Instagram\" rel=\"nofollow noopener\" target=\"_blank\"><amp-img src=\"https:\/\/www.radiomajaguabo.icrt.cu\/wp-content\/plugins\/sassy-social-share\/public\/..\/images\/amp\/instagram.svg\" width=\"40\" height=\"40\" alt=\"Instagram\" class=\"amp-wp-enforced-sizes\" style=\"width: 40px;\"><\/amp-img><\/a><a class=\"heateor_sss_amp heateor_sss_amp_x\" href=\"https:\/\/twitter.com\/intent\/tweet?text=Radio%20Majaguabo%20-%20Emisora%20Radio%20Majaguabo%2C%20San%20Luis%2C%20Santiago%20de%20Cuba%2C%20Cuba&url=https%3A%2F%2Fwww.radiomajaguabo.icrt.cu%2Findex.php%3Frest_route%3D%252Fwp%252Fv2%252Fposts%252F5251\" title=\"X\" rel=\"nofollow noopener\" target=\"_blank\"><amp-img src=\"https:\/\/www.radiomajaguabo.icrt.cu\/wp-content\/plugins\/sassy-social-share\/public\/..\/images\/amp\/x.svg\" width=\"40\" height=\"40\" alt=\"X\" class=\"amp-wp-enforced-sizes\" style=\"width:40px;\"><\/amp-img><\/a><\/div><div class=\"heateorSssClear\"><\/div><\/div>","protected":false},"author":1,"featured_media":5252,"comment_status":"open","ping_status":"open","sticky":false,"template":"","format":"standard","meta":{"colormag_page_layout":"default_layout","footnotes":""},"categories":[5,9,7,8],"tags":[1628,110,1631,1634,1633,1629,1635,42,1632,291,1630],"ppma_author":[37],"class_list":["post-5251","post","type-post","status-publish","format-standard","has-post-thumbnail","hentry","category-deportes","category-historia","category-internacionales","category-nacionales","tag-atletas","tag-beisbol","tag-boxeo","tag-clavados","tag-gimnasia-artistica","tag-judo","tag-levantamiento-de-pesas","tag-natacion","tag-remo","tag-taekwondo","tag-tiro-deportivo"],"authors":[{"term_id":37,"user_id":1,"is_guest":0,"slug":"alberterie","display_name":"Administrador","avatar_url":"https:\/\/secure.gravatar.com\/avatar\/c7c20c93c5f4c81e7a7dc9b02a42095ae8875c9af446129683aaa06faf7fd1f3?s=96&d=mm&r=g","author_category":"","user_url":"https:\/\/www.radiomajaguabo.icrt.cu","last_name":"Alberterie Rivero","first_name":"Pedro","job_title":"","description":""}],"amp_enabled":true,"_links":{"self":[{"href":"https:\/\/www.radiomajaguabo.icrt.cu\/index.php?rest_route=\/wp\/v2\/posts\/5251","targetHints":{"allow":["GET"]}}],"collection":[{"href":"https:\/\/www.radiomajaguabo.icrt.cu\/index.php?rest_route=\/wp\/v2\/posts"}],"about":[{"href":"https:\/\/www.radiomajaguabo.icrt.cu\/index.php?rest_route=\/wp\/v2\/types\/post"}],"author":[{"embeddable":true,"href":"https:\/\/www.radiomajaguabo.icrt.cu\/index.php?rest_route=\/wp\/v2\/users\/1"}],"replies":[{"embeddable":true,"href":"https:\/\/www.radiomajaguabo.icrt.cu\/index.php?rest_route=%2Fwp%2Fv2%2Fcomments&post=5251"}],"version-history":[{"count":1,"href":"https:\/\/www.radiomajaguabo.icrt.cu\/index.php?rest_route=\/wp\/v2\/posts\/5251\/revisions"}],"predecessor-version":[{"id":5253,"href":"https:\/\/www.radiomajaguabo.icrt.cu\/index.php?rest_route=\/wp\/v2\/posts\/5251\/revisions\/5253"}],"wp:featuredmedia":[{"embeddable":true,"href":"https:\/\/www.radiomajaguabo.icrt.cu\/index.php?rest_route=\/wp\/v2\/media\/5252"}],"wp:attachment":[{"href":"https:\/\/www.radiomajaguabo.icrt.cu\/index.php?rest_route=%2Fwp%2Fv2%2Fmedia&parent=5251"}],"wp:term":[{"taxonomy":"category","embeddable":true,"href":"https:\/\/www.radiomajaguabo.icrt.cu\/index.php?rest_route=%2Fwp%2Fv2%2Fcategories&post=5251"},{"taxonomy":"post_tag","embeddable":true,"href":"https:\/\/www.radiomajaguabo.icrt.cu\/index.php?rest_route=%2Fwp%2Fv2%2Ftags&post=5251"},{"taxonomy":"author","embeddable":true,"href":"https:\/\/www.radiomajaguabo.icrt.cu\/index.php?rest_route=%2Fwp%2Fv2%2Fppma_author&post=5251"}],"curies":[{"name":"wp","href":"https:\/\/api.w.org\/{rel}","templated":true}]}}