{"id":5141,"date":"2023-10-11T11:49:06","date_gmt":"2023-10-11T11:49:06","guid":{"rendered":"https:\/\/www.radiomajaguabo.icrt.cu\/?p=5141"},"modified":"2023-10-11T11:49:06","modified_gmt":"2023-10-11T11:49:06","slug":"desde-la-demajagua-un-llamado-permanente-al-combate","status":"publish","type":"post","link":"https:\/\/www.radiomajaguabo.icrt.cu\/?p=5141","title":{"rendered":"Desde La Demajagua, un llamado permanente al combate"},"content":{"rendered":"<p>Herederos de la Revoluci\u00f3n que comenz\u00f3 a forjarse el 10 de octubre de 1868, con el primer grito de guerra lanzado por Carlos Manuel de C\u00e9spedes en La Demajagua, cubanos de varias generaciones, encabezados por el Primer Secretario del Comit\u00e9 Central del Partido Comunista de Cuba y Presidente de la Rep\u00fablica, Miguel D\u00edaz-Canel Berm\u00fadez, conmemoraron, en ese Altar Sagrado de la Patria, el aniversario 155 del inicio de las gestas independentistas en Cuba.<!--more--><\/p>\n<p>Tomado de Granma<\/p>\n<p>La evocaci\u00f3n \u2013que inici\u00f3 con la colocaci\u00f3n de una ofrenda floral ante la emblem\u00e1tica campana con la que se convoc\u00f3 al combate aquella ma\u00f1ana de octubre\u2013 recre\u00f3 desde el arte esa \u00e9pica jornada en la que C\u00e9spedes emancip\u00f3 a sus esclavos, los dignific\u00f3 como ciudadanos, y los inst\u00f3 a luchar por la libertad, junto a otros patriotas.<\/p>\n<p>La trascendencia hist\u00f3rica de aquel hecho fundacional, que marc\u00f3 no solo el inicio de la guerra, sino, adem\u00e1s, del proceso revolucionario cubano que perdura hasta hoy, tambi\u00e9n fue exaltada con canciones, poes\u00edas, danzas y fragmentos de discursos del Comandante en Jefe Fidel Castro Ruz.<\/p>\n<p>En las palabras centrales, Roberto Morales Ojeda, miembro del Bur\u00f3 Pol\u00edtico y secretario de Organizaci\u00f3n del Comit\u00e9 Central del Partido, resalt\u00f3 el car\u00e1cter emancipador de la Revoluci\u00f3n Cubana como continuadora del ideal cespediano en defensa de la independencia nacional, la dignidad plena del hombre y la justicia social.<\/p>\n<p>Dijo que, en medio de un contexto dif\u00edcil para la naci\u00f3n, es preciso mantener la unidad entre los cubanos, ante la arremetida de la potencia imperialista m\u00e1s poderosa, econ\u00f3mica y militarmente, que el mundo haya conocido.<\/p>\n<p>\u00abFrente a esas amenazas y desaf\u00edos de todo tipo, la unidad nacional y la fortaleza pol\u00edtica-ideol\u00f3gica del pueblo son indispensables\u00bb, afirm\u00f3, y a\u00f1adi\u00f3 que los cubanos tenemos la enorme responsabilidad hist\u00f3rica de continuar la obra que tanta sangre, sudor y sacrificio ha costado.<\/p>\n<p>A la velada asistieron los miembros del Bur\u00f3 Pol\u00edtico Ulises Guilarte de Nacimiento, secretario general de la Central de Trabajadores de Cuba, y Teresa Amarelle Bou\u00e9, secretaria general de la Federaci\u00f3n de Mujeres Cubanas; Rogelio Polanco Fuentes, miembro del Secretariado del Comit\u00e9 Central del Partido y jefe del Departamento Ideol\u00f3gico; Jorge Luis Tapia Fonseca, vice primer ministro, y las m\u00e1ximas autoridades del Partido y del Gobierno en Granma.<\/p>\n<p><strong>HONRAN A MART\u00cd Y A C\u00c9SPEDES<\/strong><\/p>\n<p>Ofrendas florales a nombre del General de Ej\u00e9rcito Ra\u00fal Castro Ruz, l\u00edder de la Revoluci\u00f3n Cubana; de D\u00edaz-Canel; de Esteban Lazo Hern\u00e1ndez, presidente de la Asamblea Nacional del Poder Popular; y del pueblo de Cuba, fueron depositadas en el cementerio patrimonial Santa Ifigenia, donde se atesoran los restos de Jos\u00e9 Mart\u00ed, H\u00e9roe Nacional, y Carlos Manuel de C\u00e9spedes, Padre de la Patria.<\/p>\n<p>Jos\u00e9 Ram\u00f3n Monteagudo Ruiz y Beatriz Johnson Urrutia, primer secretario del Comit\u00e9 Provincial del Partido y gobernadora de Santiago de Cuba, respectivamente, encabezaron las tradicionales honras a las que acudi\u00f3 una nutrida representaci\u00f3n del pueblo de la Ciudad H\u00e9roe, que tambi\u00e9n extendi\u00f3 el tributo al Comandante en Jefe Fidel Castro Ruz.<\/p>\n","protected":false},"excerpt":{"rendered":"<p>Herederos de la Revoluci\u00f3n que comenz\u00f3 a forjarse el 10 de octubre de 1868, con el primer grito de guerra<\/p>\n<div class='heateor_sss_sharing_container heateor_sss_vertical_sharing heateor_sss_bottom_sharing' style='width:44px;left: -10px;top: 100px;-webkit-box-shadow:none;box-shadow:none;' ><div class=\"heateor_sss_sharing_ul\"><a class=\"heateor_sss_amp heateor_sss_amp_facebook\" href=\"https:\/\/www.facebook.com\/sharer\/sharer.php?u=https%3A%2F%2Fwww.radiomajaguabo.icrt.cu%2Findex.php%3Frest_route%3D%252Fwp%252Fv2%252Fposts%252F5141\" title=\"Facebook\" rel=\"nofollow noopener\" target=\"_blank\"><amp-img src=\"https:\/\/www.radiomajaguabo.icrt.cu\/wp-content\/plugins\/sassy-social-share\/public\/..\/images\/amp\/facebook.svg\" width=\"40\" height=\"40\" alt=\"Facebook\" class=\"amp-wp-enforced-sizes\" style=\"width: 40px;\"><\/amp-img><\/a><a class=\"heateor_sss_amp heateor_sss_amp_linkedin\" href=\"https:\/\/www.linkedin.com\/sharing\/share-offsite\/?url=https%3A%2F%2Fwww.radiomajaguabo.icrt.cu%2Findex.php%3Frest_route%3D%252Fwp%252Fv2%252Fposts%252F5141\" title=\"Linkedin\" rel=\"nofollow noopener\" target=\"_blank\"><amp-img src=\"https:\/\/www.radiomajaguabo.icrt.cu\/wp-content\/plugins\/sassy-social-share\/public\/..\/images\/amp\/linkedin.svg\" width=\"40\" height=\"40\" alt=\"Linkedin\" class=\"amp-wp-enforced-sizes\" style=\"width: 40px;\"><\/amp-img><\/a><a class=\"heateor_sss_amp heateor_sss_amp_whatsapp\" href=\"https:\/\/api.whatsapp.com\/send?text=Radio%20Majaguabo%20-%20Emisora%20Radio%20Majaguabo%2C%20San%20Luis%2C%20Santiago%20de%20Cuba%2C%20Cuba%20https%3A%2F%2Fwww.radiomajaguabo.icrt.cu%2Findex.php%3Frest_route%3D%252Fwp%252Fv2%252Fposts%252F5141\" title=\"Whatsapp\" rel=\"nofollow noopener\" target=\"_blank\"><amp-img src=\"https:\/\/www.radiomajaguabo.icrt.cu\/wp-content\/plugins\/sassy-social-share\/public\/..\/images\/amp\/whatsapp.svg\" width=\"40\" height=\"40\" alt=\"Whatsapp\" class=\"amp-wp-enforced-sizes\" style=\"width: 40px;\"><\/amp-img><\/a><a class=\"heateor_sss_amp heateor_sss_amp_instagram\" href=\"https:\/\/www.instagram.com\/\" title=\"Instagram\" rel=\"nofollow noopener\" target=\"_blank\"><amp-img src=\"https:\/\/www.radiomajaguabo.icrt.cu\/wp-content\/plugins\/sassy-social-share\/public\/..\/images\/amp\/instagram.svg\" width=\"40\" height=\"40\" alt=\"Instagram\" class=\"amp-wp-enforced-sizes\" style=\"width: 40px;\"><\/amp-img><\/a><a class=\"heateor_sss_amp heateor_sss_amp_x\" href=\"https:\/\/twitter.com\/intent\/tweet?text=Radio%20Majaguabo%20-%20Emisora%20Radio%20Majaguabo%2C%20San%20Luis%2C%20Santiago%20de%20Cuba%2C%20Cuba&url=https%3A%2F%2Fwww.radiomajaguabo.icrt.cu%2Findex.php%3Frest_route%3D%252Fwp%252Fv2%252Fposts%252F5141\" title=\"X\" rel=\"nofollow noopener\" target=\"_blank\"><amp-img src=\"https:\/\/www.radiomajaguabo.icrt.cu\/wp-content\/plugins\/sassy-social-share\/public\/..\/images\/amp\/x.svg\" width=\"40\" height=\"40\" alt=\"X\" class=\"amp-wp-enforced-sizes\" style=\"width:40px;\"><\/amp-img><\/a><\/div><div class=\"heateorSssClear\"><\/div><\/div>","protected":false},"author":1,"featured_media":5143,"comment_status":"open","ping_status":"open","sticky":false,"template":"","format":"standard","meta":{"colormag_page_layout":"default_layout","footnotes":""},"categories":[6,9,8],"tags":[1599,13,47,1601,446,1598,1568,1600,1602],"ppma_author":[37],"class_list":["post-5141","post","type-post","status-publish","format-standard","has-post-thumbnail","hentry","category-cultura","category-historia","category-nacionales","tag-cespedes","tag-cuba","tag-diaz-canel","tag-lazo","tag-marti","tag-ofrendas-florales","tag-pueblo","tag-raul","tag-santa-ifigenia"],"authors":[{"term_id":37,"user_id":1,"is_guest":0,"slug":"alberterie","display_name":"Administrador","avatar_url":"https:\/\/secure.gravatar.com\/avatar\/c7c20c93c5f4c81e7a7dc9b02a42095ae8875c9af446129683aaa06faf7fd1f3?s=96&d=mm&r=g","author_category":"","user_url":"https:\/\/www.radiomajaguabo.icrt.cu","last_name":"Alberterie Rivero","first_name":"Pedro","job_title":"","description":""}],"amp_enabled":true,"_links":{"self":[{"href":"https:\/\/www.radiomajaguabo.icrt.cu\/index.php?rest_route=\/wp\/v2\/posts\/5141","targetHints":{"allow":["GET"]}}],"collection":[{"href":"https:\/\/www.radiomajaguabo.icrt.cu\/index.php?rest_route=\/wp\/v2\/posts"}],"about":[{"href":"https:\/\/www.radiomajaguabo.icrt.cu\/index.php?rest_route=\/wp\/v2\/types\/post"}],"author":[{"embeddable":true,"href":"https:\/\/www.radiomajaguabo.icrt.cu\/index.php?rest_route=\/wp\/v2\/users\/1"}],"replies":[{"embeddable":true,"href":"https:\/\/www.radiomajaguabo.icrt.cu\/index.php?rest_route=%2Fwp%2Fv2%2Fcomments&post=5141"}],"version-history":[{"count":1,"href":"https:\/\/www.radiomajaguabo.icrt.cu\/index.php?rest_route=\/wp\/v2\/posts\/5141\/revisions"}],"predecessor-version":[{"id":5144,"href":"https:\/\/www.radiomajaguabo.icrt.cu\/index.php?rest_route=\/wp\/v2\/posts\/5141\/revisions\/5144"}],"wp:featuredmedia":[{"embeddable":true,"href":"https:\/\/www.radiomajaguabo.icrt.cu\/index.php?rest_route=\/wp\/v2\/media\/5143"}],"wp:attachment":[{"href":"https:\/\/www.radiomajaguabo.icrt.cu\/index.php?rest_route=%2Fwp%2Fv2%2Fmedia&parent=5141"}],"wp:term":[{"taxonomy":"category","embeddable":true,"href":"https:\/\/www.radiomajaguabo.icrt.cu\/index.php?rest_route=%2Fwp%2Fv2%2Fcategories&post=5141"},{"taxonomy":"post_tag","embeddable":true,"href":"https:\/\/www.radiomajaguabo.icrt.cu\/index.php?rest_route=%2Fwp%2Fv2%2Ftags&post=5141"},{"taxonomy":"author","embeddable":true,"href":"https:\/\/www.radiomajaguabo.icrt.cu\/index.php?rest_route=%2Fwp%2Fv2%2Fppma_author&post=5141"}],"curies":[{"name":"wp","href":"https:\/\/api.w.org\/{rel}","templated":true}]}}