{"id":5106,"date":"2023-10-10T17:20:46","date_gmt":"2023-10-10T17:20:46","guid":{"rendered":"https:\/\/www.radiomajaguabo.icrt.cu\/?p=5106"},"modified":"2023-10-11T11:59:25","modified_gmt":"2023-10-11T11:59:25","slug":"la-radio-sanluisera-en-festival-fotosaudio","status":"publish","type":"post","link":"https:\/\/www.radiomajaguabo.icrt.cu\/?p=5106","title":{"rendered":"La Radio sanluisera en Festival (FOTOS+AUDIO)"},"content":{"rendered":"<div class=\"\" dir=\"auto\">\n<div id=\":r572:\" class=\"x1iorvi4 x1pi30zi x1l90r2v x1swvt13\" data-ad-comet-preview=\"message\" data-ad-preview=\"message\">\n<div class=\"x78zum5 xdt5ytf xz62fqu x16ldp7u\">\n<div class=\"xu06os2 x1ok221b\">\n<div class=\"xdj266r x11i5rnm xat24cr x1mh8g0r x1vvkbs x126k92a\">\n<div dir=\"auto\"><strong>San Luis, Santiago de Cuba, oct. 10, 23._<\/strong> Recientemente, la casa radial de esta localidad celebr\u00f3 su Festival Municipal.<\/div>\n<div dir=\"auto\"><\/div>\n<div dir=\"auto\"><img loading=\"lazy\" decoding=\"async\" class=\" wp-image-5112 aligncenter\" src=\"https:\/\/www.radiomajaguabo.icrt.cu\/wp-content\/uploads\/2023\/10\/festival_de_radio2-300x225.jpg\" alt=\"\" width=\"465\" height=\"349\" srcset=\"https:\/\/www.radiomajaguabo.icrt.cu\/wp-content\/uploads\/2023\/10\/festival_de_radio2-300x225.jpg 300w, https:\/\/www.radiomajaguabo.icrt.cu\/wp-content\/uploads\/2023\/10\/festival_de_radio2.jpg 720w\" sizes=\"auto, (max-width: 465px) 100vw, 465px\" \/><\/div>\n<div dir=\"auto\"><\/div>\n<div dir=\"auto\">\n<p class=\"elementor-heading-title elementor-size-default\">Celebr\u00f3 Radio Majaguabo de San Luis, su festival de base<\/p>\n<\/div>\n<div dir=\"auto\"><a href=\"https:\/\/www.tvsantiago.icrt.cu\/2023\/10\/celebro-radio-majaguabo-de-san-luis-su-festival-de-base\/?fbclid=IwAR24QBneJ0JnMo3oU_v1EgpGw1V5R8C8jk_FBy5wsnAsZIpOQJrpQiLnuwU\" target=\"_blank\" rel=\"noopener\">https:\/\/www.tvsantiago.icrt.cu\/2023\/10\/celebro-radio-majaguabo-de-san-luis-su-festival-de-base\/?fbclid=IwAR24QBneJ0JnMo3oU_v1EgpGw1V5R8C8jk_FBy5wsnAsZIpOQJrpQiLnuwU<\/a><\/div>\n<div dir=\"auto\"><\/div>\n<div dir=\"auto\">El colectivo de Radio Majaguabo cont\u00f3 con la presencia de Yusmaikel Valier Ram\u00edrez, Primer Secretario del Comit\u00e9 Municipal del Partido, de Maislendri Planas Texidor, Viceintendente que atiende los programas sociales, y de una representaci\u00f3n de nuestra audiencia.<\/div>\n<div dir=\"auto\"><\/div>\n<div dir=\"auto\">El Museo Polivalente 29 de abril acogi\u00f3 este encuentro de emociones en el que contamos con la actuaci\u00f3n del solista Alejandro Rodr\u00edguez, y del Grupo Rescate Tradicional en el a\u00f1o de su aniversario 20.<\/div>\n<div dir=\"auto\"><\/div>\n<div dir=\"auto\"><img loading=\"lazy\" decoding=\"async\" class=\" wp-image-5118 aligncenter\" src=\"https:\/\/www.radiomajaguabo.icrt.cu\/wp-content\/uploads\/2023\/10\/festival_de_radio8-300x136.jpg\" alt=\"\" width=\"512\" height=\"232\" srcset=\"https:\/\/www.radiomajaguabo.icrt.cu\/wp-content\/uploads\/2023\/10\/festival_de_radio8-300x136.jpg 300w, https:\/\/www.radiomajaguabo.icrt.cu\/wp-content\/uploads\/2023\/10\/festival_de_radio8-1024x464.jpg 1024w, https:\/\/www.radiomajaguabo.icrt.cu\/wp-content\/uploads\/2023\/10\/festival_de_radio8-768x348.jpg 768w, https:\/\/www.radiomajaguabo.icrt.cu\/wp-content\/uploads\/2023\/10\/festival_de_radio8-1536x696.jpg 1536w, https:\/\/www.radiomajaguabo.icrt.cu\/wp-content\/uploads\/2023\/10\/festival_de_radio8.jpg 2016w\" sizes=\"auto, (max-width: 512px) 100vw, 512px\" \/><\/div>\n<div dir=\"auto\"><\/div>\n<div dir=\"auto\">El jurado del Festival otorg\u00f3 un reconocimiento especial al programa \u00abSanta, mujer de luz\u00bb, de la realizadora Adielyeivys Texid\u00f3 Odio, hubo menciones para B\u00e1rbara Vila Falc\u00f3n con \u00abPrivilegio de mi barrio\u00bb, y para Yaniuska P\u00e9rez Verdecia con el comentario Yo quiero comprar frutas, y a buen precio.<\/div>\n<div dir=\"auto\"><\/div>\n<div dir=\"auto\"><img loading=\"lazy\" decoding=\"async\" class=\" wp-image-5117 aligncenter\" src=\"https:\/\/www.radiomajaguabo.icrt.cu\/wp-content\/uploads\/2023\/10\/festival_de_radio7-129x300.jpg\" alt=\"\" width=\"317\" height=\"737\" srcset=\"https:\/\/www.radiomajaguabo.icrt.cu\/wp-content\/uploads\/2023\/10\/festival_de_radio7-129x300.jpg 129w, https:\/\/www.radiomajaguabo.icrt.cu\/wp-content\/uploads\/2023\/10\/festival_de_radio7-440x1024.jpg 440w, https:\/\/www.radiomajaguabo.icrt.cu\/wp-content\/uploads\/2023\/10\/festival_de_radio7-768x1786.jpg 768w, https:\/\/www.radiomajaguabo.icrt.cu\/wp-content\/uploads\/2023\/10\/festival_de_radio7-660x1536.jpg 660w, https:\/\/www.radiomajaguabo.icrt.cu\/wp-content\/uploads\/2023\/10\/festival_de_radio7.jpg 844w\" sizes=\"auto, (max-width: 317px) 100vw, 317px\" \/><\/div>\n<div dir=\"auto\"><\/div>\n<div dir=\"auto\"><img loading=\"lazy\" decoding=\"async\" class=\" wp-image-5113 aligncenter\" src=\"https:\/\/www.radiomajaguabo.icrt.cu\/wp-content\/uploads\/2023\/10\/festival_de_radio3-300x150.jpg\" alt=\"\" width=\"478\" height=\"239\" srcset=\"https:\/\/www.radiomajaguabo.icrt.cu\/wp-content\/uploads\/2023\/10\/festival_de_radio3-300x150.jpg 300w, https:\/\/www.radiomajaguabo.icrt.cu\/wp-content\/uploads\/2023\/10\/festival_de_radio3-1024x512.jpg 1024w, https:\/\/www.radiomajaguabo.icrt.cu\/wp-content\/uploads\/2023\/10\/festival_de_radio3-768x384.jpg 768w, https:\/\/www.radiomajaguabo.icrt.cu\/wp-content\/uploads\/2023\/10\/festival_de_radio3-1536x768.jpg 1536w, https:\/\/www.radiomajaguabo.icrt.cu\/wp-content\/uploads\/2023\/10\/festival_de_radio3.jpg 2016w\" sizes=\"auto, (max-width: 478px) 100vw, 478px\" \/><\/div>\n<div dir=\"auto\"><\/div>\n<div dir=\"auto\">Los premios del evento quedaron de la siguiente forma: tercer lugar para Francisco Medina River\u00ed con Voces del patio dedicado al Grupo Ca\u00f1amb\u00fa, Segundo lugar Juli\u00e1n Rizo Ni\u00f1o con el hist\u00f3rico Tierra de Titanes, y Primer lugar para el realizador \u00c1ngel Despaigne Aroche con el programa \u00abEl honor de haber cantado con el Beny\u00bb, con testimonios de \u00c1ngel Calzado, sanluisero que cant\u00f3 con Beny Mor\u00e9 en la \u00fanica visita del B\u00e1rbaro del ritmo a esta localidad.<\/div>\n<div dir=\"auto\"><\/div>\n<div dir=\"auto\"><img loading=\"lazy\" decoding=\"async\" class=\" wp-image-5114 aligncenter\" src=\"https:\/\/www.radiomajaguabo.icrt.cu\/wp-content\/uploads\/2023\/10\/festival_de_radio4-122x300.jpg\" alt=\"\" width=\"337\" height=\"829\" srcset=\"https:\/\/www.radiomajaguabo.icrt.cu\/wp-content\/uploads\/2023\/10\/festival_de_radio4-122x300.jpg 122w, https:\/\/www.radiomajaguabo.icrt.cu\/wp-content\/uploads\/2023\/10\/festival_de_radio4-417x1024.jpg 417w, https:\/\/www.radiomajaguabo.icrt.cu\/wp-content\/uploads\/2023\/10\/festival_de_radio4-768x1886.jpg 768w, https:\/\/www.radiomajaguabo.icrt.cu\/wp-content\/uploads\/2023\/10\/festival_de_radio4.jpg 821w\" sizes=\"auto, (max-width: 337px) 100vw, 337px\" \/><\/div>\n<div dir=\"auto\"><\/div>\n<div dir=\"auto\">Fue un d\u00eda de celebraciones para los radialistas y sus p\u00fablicos. Festejo de pueblo que regresar\u00e1 en 2024. Felicidades para los premiados y el agradecimiento para quienes hicieron posible este sue\u00f1o de muchos.<\/div>\n<div dir=\"auto\"><\/div>\n<\/div>\n<div dir=\"auto\"><img loading=\"lazy\" decoding=\"async\" class=\" wp-image-5111 aligncenter\" src=\"https:\/\/www.radiomajaguabo.icrt.cu\/wp-content\/uploads\/2023\/10\/festival_de_radio1-300x169.jpg\" alt=\"\" width=\"466\" height=\"263\" srcset=\"https:\/\/www.radiomajaguabo.icrt.cu\/wp-content\/uploads\/2023\/10\/festival_de_radio1-300x169.jpg 300w, https:\/\/www.radiomajaguabo.icrt.cu\/wp-content\/uploads\/2023\/10\/festival_de_radio1.jpg 720w\" sizes=\"auto, (max-width: 466px) 100vw, 466px\" \/><\/div>\n<div class=\"xdj266r x11i5rnm xat24cr x1mh8g0r x1vvkbs x126k92a\">\n<div dir=\"auto\"><a class=\"x1i10hfl xjbqb8w x6umtig x1b1mbwd xaqea5y xav7gou x9f619 x1ypdohk xt0psk2 xe8uvvx xdj266r x11i5rnm xat24cr x1mh8g0r xexx8yu x4uap5 x18d9i69 xkhd6sd x16tdsg8 x1hl2dhg xggy1nq x1a2a7pz xt0b8zv x1qq9wsj xo1l8bm\" tabindex=\"0\" role=\"link\" href=\"https:\/\/www.facebook.com\/hashtag\/radiomajaguabo?__eep__=6&amp;__cft__[0]=AZUiZVHdVEkHr3dzCL0Ont36kBaDayb5RNQozDxUSaADvPKw9n8vxsrNw2eST25rn_NmzX_wK2hea6Gb0s1QL3HBXM_tlIPjW56hbG5izijZnMWwsYRxT4zLRuSiE9IGBwPCnA26NDCPILZKPZeg85vu6e7RSTvBvP_wiAYfLjC2xg&amp;__tn__=*NK-R\" target=\"_blank\" rel=\"noopener\">#RadioMajaguabo<\/a><\/div>\n<div dir=\"auto\"><a class=\"x1i10hfl xjbqb8w x6umtig x1b1mbwd xaqea5y xav7gou x9f619 x1ypdohk xt0psk2 xe8uvvx xdj266r x11i5rnm xat24cr x1mh8g0r xexx8yu x4uap5 x18d9i69 xkhd6sd x16tdsg8 x1hl2dhg xggy1nq x1a2a7pz xt0b8zv x1qq9wsj xo1l8bm\" tabindex=\"0\" role=\"link\" href=\"https:\/\/www.facebook.com\/hashtag\/sanluis?__eep__=6&amp;__cft__[0]=AZUiZVHdVEkHr3dzCL0Ont36kBaDayb5RNQozDxUSaADvPKw9n8vxsrNw2eST25rn_NmzX_wK2hea6Gb0s1QL3HBXM_tlIPjW56hbG5izijZnMWwsYRxT4zLRuSiE9IGBwPCnA26NDCPILZKPZeg85vu6e7RSTvBvP_wiAYfLjC2xg&amp;__tn__=*NK-R\" target=\"_blank\" rel=\"noopener\">#SanLuis<\/a><\/div>\n<div dir=\"auto\"><a class=\"x1i10hfl xjbqb8w x6umtig x1b1mbwd xaqea5y xav7gou x9f619 x1ypdohk xt0psk2 xe8uvvx xdj266r x11i5rnm xat24cr x1mh8g0r xexx8yu x4uap5 x18d9i69 xkhd6sd x16tdsg8 x1hl2dhg xggy1nq x1a2a7pz xt0b8zv x1qq9wsj xo1l8bm\" tabindex=\"0\" role=\"link\" href=\"https:\/\/www.facebook.com\/hashtag\/santiagodecuba?__eep__=6&amp;__cft__[0]=AZUiZVHdVEkHr3dzCL0Ont36kBaDayb5RNQozDxUSaADvPKw9n8vxsrNw2eST25rn_NmzX_wK2hea6Gb0s1QL3HBXM_tlIPjW56hbG5izijZnMWwsYRxT4zLRuSiE9IGBwPCnA26NDCPILZKPZeg85vu6e7RSTvBvP_wiAYfLjC2xg&amp;__tn__=*NK-R\" target=\"_blank\" rel=\"noopener\">#SantiagodeCuba<\/a><\/div>\n<\/div>\n<\/div>\n<\/div>\n<\/div>\n<\/div>\n<p>&nbsp;<\/p>\n<p>&nbsp;<\/p>\n<p>&nbsp;<\/p>\n<p>&nbsp;<\/p>\n","protected":false},"excerpt":{"rendered":"<p>San Luis, Santiago de Cuba, oct. 10, 23._ Recientemente, la casa radial de esta localidad celebr\u00f3 su Festival Municipal. Celebr\u00f3<\/p>\n<div class='heateor_sss_sharing_container heateor_sss_vertical_sharing heateor_sss_bottom_sharing' style='width:44px;left: -10px;top: 100px;-webkit-box-shadow:none;box-shadow:none;' ><div class=\"heateor_sss_sharing_ul\"><a class=\"heateor_sss_amp heateor_sss_amp_facebook\" href=\"https:\/\/www.facebook.com\/sharer\/sharer.php?u=https%3A%2F%2Fwww.radiomajaguabo.icrt.cu%2Findex.php%3Frest_route%3D%252Fwp%252Fv2%252Fposts%252F5106\" title=\"Facebook\" rel=\"nofollow noopener\" target=\"_blank\"><amp-img src=\"https:\/\/www.radiomajaguabo.icrt.cu\/wp-content\/plugins\/sassy-social-share\/public\/..\/images\/amp\/facebook.svg\" width=\"40\" height=\"40\" alt=\"Facebook\" class=\"amp-wp-enforced-sizes\" style=\"width: 40px;\"><\/amp-img><\/a><a class=\"heateor_sss_amp heateor_sss_amp_linkedin\" href=\"https:\/\/www.linkedin.com\/sharing\/share-offsite\/?url=https%3A%2F%2Fwww.radiomajaguabo.icrt.cu%2Findex.php%3Frest_route%3D%252Fwp%252Fv2%252Fposts%252F5106\" title=\"Linkedin\" rel=\"nofollow noopener\" target=\"_blank\"><amp-img src=\"https:\/\/www.radiomajaguabo.icrt.cu\/wp-content\/plugins\/sassy-social-share\/public\/..\/images\/amp\/linkedin.svg\" width=\"40\" height=\"40\" alt=\"Linkedin\" class=\"amp-wp-enforced-sizes\" style=\"width: 40px;\"><\/amp-img><\/a><a class=\"heateor_sss_amp heateor_sss_amp_whatsapp\" href=\"https:\/\/api.whatsapp.com\/send?text=Radio%20Majaguabo%20-%20Emisora%20Radio%20Majaguabo%2C%20San%20Luis%2C%20Santiago%20de%20Cuba%2C%20Cuba%20https%3A%2F%2Fwww.radiomajaguabo.icrt.cu%2Findex.php%3Frest_route%3D%252Fwp%252Fv2%252Fposts%252F5106\" title=\"Whatsapp\" rel=\"nofollow noopener\" target=\"_blank\"><amp-img src=\"https:\/\/www.radiomajaguabo.icrt.cu\/wp-content\/plugins\/sassy-social-share\/public\/..\/images\/amp\/whatsapp.svg\" width=\"40\" height=\"40\" alt=\"Whatsapp\" class=\"amp-wp-enforced-sizes\" style=\"width: 40px;\"><\/amp-img><\/a><a class=\"heateor_sss_amp heateor_sss_amp_instagram\" href=\"https:\/\/www.instagram.com\/\" title=\"Instagram\" rel=\"nofollow noopener\" target=\"_blank\"><amp-img src=\"https:\/\/www.radiomajaguabo.icrt.cu\/wp-content\/plugins\/sassy-social-share\/public\/..\/images\/amp\/instagram.svg\" width=\"40\" height=\"40\" alt=\"Instagram\" class=\"amp-wp-enforced-sizes\" style=\"width: 40px;\"><\/amp-img><\/a><a class=\"heateor_sss_amp heateor_sss_amp_x\" href=\"https:\/\/twitter.com\/intent\/tweet?text=Radio%20Majaguabo%20-%20Emisora%20Radio%20Majaguabo%2C%20San%20Luis%2C%20Santiago%20de%20Cuba%2C%20Cuba&url=https%3A%2F%2Fwww.radiomajaguabo.icrt.cu%2Findex.php%3Frest_route%3D%252Fwp%252Fv2%252Fposts%252F5106\" title=\"X\" rel=\"nofollow noopener\" target=\"_blank\"><amp-img src=\"https:\/\/www.radiomajaguabo.icrt.cu\/wp-content\/plugins\/sassy-social-share\/public\/..\/images\/amp\/x.svg\" width=\"40\" height=\"40\" alt=\"X\" class=\"amp-wp-enforced-sizes\" style=\"width:40px;\"><\/amp-img><\/a><\/div><div class=\"heateorSssClear\"><\/div><\/div>","protected":false},"author":1,"featured_media":5111,"comment_status":"open","ping_status":"open","sticky":false,"template":"","format":"standard","meta":{"colormag_page_layout":"default_layout","footnotes":""},"categories":[6,10],"tags":[891,293,304,49],"ppma_author":[37,310,492],"class_list":["post-5106","post","type-post","status-publish","format-standard","has-post-thumbnail","hentry","category-cultura","category-san-luis","tag-festival","tag-radio-majaguabo","tag-san-luis","tag-santiago-de-cuba"],"authors":[{"term_id":37,"user_id":1,"is_guest":0,"slug":"alberterie","display_name":"Administrador","avatar_url":"https:\/\/secure.gravatar.com\/avatar\/c7c20c93c5f4c81e7a7dc9b02a42095ae8875c9af446129683aaa06faf7fd1f3?s=96&d=mm&r=g","author_category":"","user_url":"https:\/\/www.radiomajaguabo.icrt.cu","last_name":"Alberterie Rivero","first_name":"Pedro","job_title":"","description":""},{"term_id":310,"user_id":14,"is_guest":0,"slug":"arturo","display_name":"Arturo Oliva Alcolea","avatar_url":"https:\/\/secure.gravatar.com\/avatar\/9b6c770a58709a28b68b7a840f5a9cbc0729895e9e5765e54df65b0d0f11a00d?s=96&d=mm&r=g","author_category":"","user_url":"https:\/\/www.radiomajaguabo.icrt.cu","last_name":"Oliva Alcolea","first_name":"Arturo","job_title":"","description":""},{"term_id":492,"user_id":16,"is_guest":0,"slug":"adielyeivys","display_name":"Adielyeivys Texido Odio","avatar_url":"https:\/\/secure.gravatar.com\/avatar\/1b60bdc3c4036867a485e765d25f0c5565f093e0880aa727e39de5b2e44524d6?s=96&d=mm&r=g","author_category":"","user_url":"https:\/\/www.radiomajaguabo.icrt.cu","last_name":"Texido Odio","first_name":"Adielyeivys","job_title":"","description":""}],"amp_enabled":true,"_links":{"self":[{"href":"https:\/\/www.radiomajaguabo.icrt.cu\/index.php?rest_route=\/wp\/v2\/posts\/5106","targetHints":{"allow":["GET"]}}],"collection":[{"href":"https:\/\/www.radiomajaguabo.icrt.cu\/index.php?rest_route=\/wp\/v2\/posts"}],"about":[{"href":"https:\/\/www.radiomajaguabo.icrt.cu\/index.php?rest_route=\/wp\/v2\/types\/post"}],"author":[{"embeddable":true,"href":"https:\/\/www.radiomajaguabo.icrt.cu\/index.php?rest_route=\/wp\/v2\/users\/1"}],"replies":[{"embeddable":true,"href":"https:\/\/www.radiomajaguabo.icrt.cu\/index.php?rest_route=%2Fwp%2Fv2%2Fcomments&post=5106"}],"version-history":[{"count":7,"href":"https:\/\/www.radiomajaguabo.icrt.cu\/index.php?rest_route=\/wp\/v2\/posts\/5106\/revisions"}],"predecessor-version":[{"id":5148,"href":"https:\/\/www.radiomajaguabo.icrt.cu\/index.php?rest_route=\/wp\/v2\/posts\/5106\/revisions\/5148"}],"wp:featuredmedia":[{"embeddable":true,"href":"https:\/\/www.radiomajaguabo.icrt.cu\/index.php?rest_route=\/wp\/v2\/media\/5111"}],"wp:attachment":[{"href":"https:\/\/www.radiomajaguabo.icrt.cu\/index.php?rest_route=%2Fwp%2Fv2%2Fmedia&parent=5106"}],"wp:term":[{"taxonomy":"category","embeddable":true,"href":"https:\/\/www.radiomajaguabo.icrt.cu\/index.php?rest_route=%2Fwp%2Fv2%2Fcategories&post=5106"},{"taxonomy":"post_tag","embeddable":true,"href":"https:\/\/www.radiomajaguabo.icrt.cu\/index.php?rest_route=%2Fwp%2Fv2%2Ftags&post=5106"},{"taxonomy":"author","embeddable":true,"href":"https:\/\/www.radiomajaguabo.icrt.cu\/index.php?rest_route=%2Fwp%2Fv2%2Fppma_author&post=5106"}],"curies":[{"name":"wp","href":"https:\/\/api.w.org\/{rel}","templated":true}]}}